{"id":107046,"date":"2023-06-30T07:35:04","date_gmt":"2023-06-30T07:35:04","guid":{"rendered":"https:\/\/haberulus.net\/?p=107046"},"modified":"2023-06-30T07:35:04","modified_gmt":"2023-06-30T07:35:04","slug":"daha-fit-daha-kasli-bir-vucut-alzheimer-olma-riskini-dusuruyor","status":"publish","type":"post","link":"https:\/\/haberulus.net\/?p=107046","title":{"rendered":"Daha fit, daha kasl\u0131 bir v\u00fccut Alzheimer olma riskini d\u00fc\u015f\u00fcr\u00fcyor"},"content":{"rendered":"<p>Alzheimer hastal\u0131\u011f\u0131n\u0131n hen\u00fcz bir tedavisi olmasa da bilim d\u00fcnyas\u0131 hastal\u0131\u011f\u0131n erken te\u015fhisi, nedenleri ve \u00f6nlemleri i\u00e7in \u00e7al\u0131\u015fmalar\u0131na devam ediyor.<\/p>\n<p>Son olarak yap\u0131lan yeni bir ara\u015ft\u0131rmada da fit bir v\u00fccuda sahip olman\u0131n ak\u0131l sa\u011fl\u0131\u011f\u0131 i\u00e7in \u00f6nemli oldu\u011funu ve Alzheimer riskini d\u00fc\u015f\u00fcrebilece\u011fini g\u00f6rd\u00fcler.<\/p>\n<p>Ara\u015ft\u0131rmac\u0131lar, \u00f6m\u00fcr boyu daha y\u00fcksek, ya\u011fs\u0131z kas k\u00fctlesine sahip ki\u015filerin; Alzheimer olma ihtimallerinin y\u00fczde 12 daha d\u00fc\u015f\u00fck oldu\u011funu ve ya\u015fl\u0131l\u0131kta beyin g\u00fcc\u00fcn\u00fcn de artt\u0131\u011f\u0131n\u0131 buldu.<\/p>\n<p>California San Francisco \u00dcniversitesi\u2019nden ara\u015ft\u0131rmac\u0131lar, ya\u011fs\u0131z kas ve Alzheimer aras\u0131ndaki ba\u011flant\u0131 hakk\u0131nda veri elde etmek i\u00e7in \u2018Mendel randomizasyonu\u2019 ad\u0131 verilen bir genetik tahmin tekni\u011fi kulland\u0131lar.<\/p>\n<p>Birle\u015fik Krall\u0131k Biobank \u00e7al\u0131\u015fmas\u0131nda 450.243 ki\u015fiden bilgi al\u0131nd\u0131. Ara\u015ft\u0131rmac\u0131lar, ya\u015f, cinsiyet ve genetik soylar\u0131 dikkate alarak kol ve bacaklardaki ya\u011fs\u0131z kas ve ya\u011f dokusunu tahmin ettiler.<\/p>\n<p><b>B\u0130L\u0130\u015eSEL G\u00d6REVLERDE DAHA \u0130Y\u0130LER<\/b><\/p>\n<p>Ortalama olarak, daha y\u00fcksek, ya\u011fs\u0131z kas k\u00fctlesinin, Alzheimer hastal\u0131\u011f\u0131 riskinde istatistiksel olarak g\u00fc\u00e7l\u00fc bir azalma ile ili\u015fkili oldu\u011fu g\u00f6r\u00fcld\u00fc.<\/p>\n<p>Ara\u015ft\u0131rmac\u0131lar, ya\u011fs\u0131z kas k\u00fctlesine sahip ki\u015filerde bili\u015fsel g\u00f6revlerde daha iyi performansa \u015fahit oldular, ancak bu ili\u015fkinin Alzheimer hastal\u0131\u011f\u0131 riski \u00fczerindeki koruyucu etkisini a\u00e7\u0131klamad\u0131\u011f\u0131n\u0131 da belirttiler. BMJ Medicine\u2019de yay\u0131nlanan bulgulara g\u00f6re, v\u00fccut ya\u011f\u0131 da Alzheimer hastal\u0131\u011f\u0131 riski ile ili\u015fkili de\u011fildi, ancak daha zay\u0131f bili\u015fsel g\u00f6rev performans\u0131 ile ili\u015fkiliydi.<\/p>\n<p>Ara\u015ft\u0131rma yazarlar\u0131, \u201cBu analizler, ya\u011fs\u0131z kas k\u00fctlesi ile Alzheimer hastal\u0131\u011f\u0131 riski aras\u0131ndaki neden-sonu\u00e7 ili\u015fkisini destekleyen yeni kan\u0131tlar sa\u011fl\u0131yor\u201d dedi. Ancak, halk sa\u011fl\u0131\u011f\u0131 veya klinik uygulamalar\u0131 bilgilendirmeden \u00f6nce bulgular\u0131n ba\u015fka yerlerde \u00e7o\u011falt\u0131lmas\u0131 gerekti\u011fine de dikkat \u00e7ekiyorlar.<\/p>\n","protected":false},"excerpt":{"rendered":"<p>Ara\u015ft\u0131rmac\u0131lar, son \u00e7al\u0131\u015fmalar\u0131yla daha fit bir v\u00fccuda sahip olman\u0131n sadece bedensel sa\u011fl\u0131k i\u00e7in de\u011fil, ak\u0131l sa\u011fl\u0131\u011f\u0131 i\u00e7in de \u00f6nemli oldu\u011funu ortaya \u00e7\u0131kard\u0131. Ara\u015ft\u0131rmalar y\u00fcksek ya\u011fs\u0131z kas seviyelerine sahip olman\u0131n, Alzheimer hastal\u0131\u011f\u0131na yakalanma olas\u0131l\u0131\u011f\u0131n\u0131 d\u00fc\u015f\u00fcrd\u00fc\u011f\u00fcn\u00fc g\u00f6sterdi.<\/p>\n","protected":false},"author":1,"featured_media":107047,"comment_status":"closed","ping_status":"open","sticky":false,"template":"","format":"standard","meta":{"footnotes":""},"categories":[30],"tags":[9782,226,3278],"class_list":["post-107046","post","type-post","status-publish","format-standard","has-post-thumbnail","hentry","category-saglik","tag-alzheimer-hastaligi","tag-arastirma","tag-riski"],"_links":{"self":[{"href":"https:\/\/haberulus.net\/index.php?rest_route=\/wp\/v2\/posts\/107046","targetHints":{"allow":["GET"]}}],"collection":[{"href":"https:\/\/haberulus.net\/index.php?rest_route=\/wp\/v2\/posts"}],"about":[{"href":"https:\/\/haberulus.net\/index.php?rest_route=\/wp\/v2\/types\/post"}],"author":[{"embeddable":true,"href":"https:\/\/haberulus.net\/index.php?rest_route=\/wp\/v2\/users\/1"}],"replies":[{"embeddable":true,"href":"https:\/\/haberulus.net\/index.php?rest_route=%2Fwp%2Fv2%2Fcomments&post=107046"}],"version-history":[{"count":1,"href":"https:\/\/haberulus.net\/index.php?rest_route=\/wp\/v2\/posts\/107046\/revisions"}],"predecessor-version":[{"id":107048,"href":"https:\/\/haberulus.net\/index.php?rest_route=\/wp\/v2\/posts\/107046\/revisions\/107048"}],"wp:featuredmedia":[{"embeddable":true,"href":"https:\/\/haberulus.net\/index.php?rest_route=\/wp\/v2\/media\/107047"}],"wp:attachment":[{"href":"https:\/\/haberulus.net\/index.php?rest_route=%2Fwp%2Fv2%2Fmedia&parent=107046"}],"wp:term":[{"taxonomy":"category","embeddable":true,"href":"https:\/\/haberulus.net\/index.php?rest_route=%2Fwp%2Fv2%2Fcategories&post=107046"},{"taxonomy":"post_tag","embeddable":true,"href":"https:\/\/haberulus.net\/index.php?rest_route=%2Fwp%2Fv2%2Ftags&post=107046"}],"curies":[{"name":"wp","href":"https:\/\/api.w.org\/{rel}","templated":true}]}}