{"id":107085,"date":"2023-06-30T09:05:03","date_gmt":"2023-06-30T09:05:03","guid":{"rendered":"https:\/\/haberulus.net\/?p=107085"},"modified":"2023-06-30T09:05:03","modified_gmt":"2023-06-30T09:05:03","slug":"seyfe-golunde-doluluk-yuzde-80e-ulasti-ama-kuraklik-tehlikesi-suruyor","status":"publish","type":"post","link":"https:\/\/haberulus.net\/?p=107085","title":{"rendered":"Seyfe G\u00f6l\u00fc\u2019nde doluluk y\u00fczde 80\u2019e ula\u015ft\u0131 ama kurakl\u0131k tehlikesi s\u00fcr\u00fcyor"},"content":{"rendered":"<p>\u0130\u00e7 Anadolu B\u00f6lgesi\u2019nin su kaynaklar\u0131ndan Seyfe G\u00f6l\u00fc, 1989 y\u0131l\u0131nda 1\u2019inci derece sit alan\u0131, 1990 y\u0131l\u0131nda tabiat koruma alan\u0131 ilan edildi. 1994 y\u0131l\u0131nda Ramsar s\u00f6zle\u015fmesi ile uluslararas\u0131 d\u00fczeyde korunmas\u0131 garanti alt\u0131na al\u0131nan 152 bin hektarl\u0131k Seyfe G\u00f6l\u00fc, ge\u00e7en haziran ay\u0131nda kurakl\u0131kla m\u00fccadele etti. Hava s\u0131cakl\u0131klar\u0131n\u0131n artmas\u0131yla son y\u0131llarda tamamen kuruyan Seyfe G\u00f6l\u00fc\u2019nde, son ya\u011f\u0131\u015flarla birlikte su seviyesinde art\u0131\u015f ya\u015fand\u0131.<\/p>\n<p>183 ku\u015f t\u00fcr\u00fcnden sadece 25 t\u00fcr\u00fcn kald\u0131\u011f\u0131 g\u00f6ldeki su oran\u0131 y\u00fczde 80 seviyesine ula\u015ft\u0131. G\u00f6l\u00fcn suyla dolmas\u0131 ile birlikte flamingolar yeniden Seyfe G\u00f6l\u00fc\u2019ne u\u011frayarak, mola vermeye ba\u015flad\u0131.<\/p>\n<p><img decoding=\"async\" src=\"https:\/\/i01.sozcucdn.com\/wp-content\/uploads\/2023\/06\/30\/resimid_232840911_23284091.jpg\" alt=\"\" title=\"\"><\/p>\n<p>G\u00f6lde, gerekli \u00f6nlemler al\u0131nmazsa a\u011fustos ay\u0131nda tekrar kuruyaca\u011f\u0131 belirtildi. Konuyla ilgili a\u00e7\u0131klama yapan K\u0131r\u015fehir \u00c7evre Ekoloji E\u011fitim ve Ara\u015ft\u0131rma Derne\u011fi Ba\u015fkan\u0131 Mustafa Ba\u011f, \u201cSeyfe G\u00f6l\u00fc K\u0131r\u015fehir\u2019in g\u00fcneydo\u011fusunda bulunan tektonik yap\u0131ya sahip sodal\u0131 ve tuzlu bir su yap\u0131s\u0131 olan tabandan beslenmeyen, ana kaynaklardan beslenen bir g\u00f6ld\u00fcr. Ya\u011f\u0131\u015f d\u00fczensizli\u011fi, ya\u011f\u0131\u015flar\u0131n zaman\u0131nda ve etkili olmamas\u0131 nedeniyle Seyfe G\u00f6l\u00fc zaman zaman kurakl\u0131k tehlikesi \u00e7ekmekte. G\u00f6l 2005 y\u0131l\u0131ndan itibaren kuruma periyoduna girdi. Ya\u011f\u0131\u015flar\u0131n \u00e7ok olmas\u0131 \u00e7ok fazla etkili de\u011fil. \u00c7\u00fcnk\u00fc Seyfe G\u00f6l\u00fcn\u00fc besleyen ana kaynaklar ortadan kald\u0131r\u0131ld\u0131. Ya\u011f\u0131\u015flarla beraber ald\u0131\u011f\u0131 su da k\u00fcresel \u0131s\u0131nman\u0131n etkisiyle ve a\u015f\u0131r\u0131 y\u00fckselen \u0131s\u0131larla beraber k\u0131sa s\u00fcrede buharla\u015farak yok olmakta\u201d diye konu\u015ftu.<\/p>\n<div><img decoding=\"async\" src=\"https:\/\/i01.sozcucdn.com\/wp-content\/uploads\/2023\/06\/30\/235.jpg\" alt=\"\" title=\"\"><\/p>\n<p>K\u0131r\u015fehir \u00c7evre Ekoloji E\u011fitim ve Ara\u015ft\u0131rma Derne\u011fi Ba\u015fkan\u0131 Mustafa Ba\u011f<\/p>\n<\/div>\n<p><strong>\u2018A\u011eUSTOS AYINDA SULAR YEN\u0130DEN \u00c7EK\u0130LECEK\u2019<\/strong><\/p>\n<p>A\u011fustos ay\u0131nda yeniden kurakl\u0131\u011f\u0131n gelece\u011fini s\u00f6yleyen Ba\u011f, \u201cHer sene bu d\u00f6nemde ya\u011f\u0131\u015flarla birlikte Seyfe G\u00f6l\u00fc\u2019nde art\u0131\u015f meydana geliyor. \u015eu an doluluk y\u00fczde 80\u2019lere kadar ula\u015fm\u0131\u015f durumda. Seyfe G\u00f6l\u00fcn\u00fcn kaynaklar\u0131 a\u00e7\u0131lmazsa, g\u00f6l aynas\u0131nda bulunan suyun g\u00f6le hi\u00e7bir faydas\u0131 yok. Ge\u00e7en y\u0131l haziran sonu gibi kuruyan g\u00f6l\u00fcn sular\u0131 bu y\u0131l a\u011fustos ay\u0131nda tamamen \u00e7ekilmi\u015f olacak ifadelerini kulland\u0131.<\/p>\n<p><img decoding=\"async\" src=\"https:\/\/i01.sozcucdn.com\/wp-content\/uploads\/2023\/06\/30\/resimid_232840941_23284094.jpg\" alt=\"\" title=\"\"><\/p>\n<p><strong>\u2018183 \u00c7E\u015e\u0130T KU\u015e T\u00dcR\u00dcNDEN 20-25 KU\u015e T\u00dcR\u00dc KALDI\u2019<\/strong><\/p>\n<p>Seyfe G\u00f6l\u00fc\u2019nde ku\u015f t\u00fcrlerinde azalmalar meydana geldi\u011fini s\u00f6yleyen Ba\u011f, \u015f\u00f6yle konu\u015ftu:<\/p>\n<p>\u201cSeyfe G\u00f6l\u00fcndeki yaban hayat\u0131n\u0131 kanatl\u0131 ku\u015f t\u00fcrleri te\u015fkil eder. Daha \u00f6nce a\u011f\u0131rl\u0131kl\u0131 olarak gelen flamingo, bu b\u00f6lge kurumadan \u00f6nce kulu\u00e7kaya yatarken, yakla\u015f\u0131k 10\u00a0 senedir yuva yapma ve kulu\u00e7kaya yatma i\u015flemi ger\u00e7ekle\u015ftirmiyor. Daha \u00e7ok K\u0131z\u0131l\u0131rmak Havzas\u0131nda konaklad\u0131klar\u0131n\u0131 biliyoruz. Daha \u00f6nceki y\u0131llarda yakla\u015f\u0131k 183 \u00e7e\u015fit ku\u015f t\u00fcr\u00fc tespit edilmi\u015f. 2005\u2019den itibaren kuruma periyoduna girmi\u015f g\u00f6lde yapt\u0131\u011f\u0131m\u0131z say\u0131mlarda ise a\u011f\u0131rl\u0131kl\u0131 olarak turnada azalma g\u00f6rd\u00fck. Di\u011fer t\u00fcrlerde ka\u015f\u0131k gaga, suya ba\u011f\u0131ml\u0131 olan ku\u015flardan kara leylek ve pelikan art\u0131k hi\u00e7 gelmiyor. Onlar\u0131 g\u00f6rmek m\u00fcmk\u00fcn de\u011fil. 183 ge\u00e7ici ku\u015flar\u0131 saymazsak b\u00f6lgede yakla\u015f\u0131k 20-25 civar\u0131 bir ku\u015f t\u00fcr\u00fc saymak m\u00fcmk\u00fcn.\u201d<\/p>\n<div><img decoding=\"async\" src=\"https:\/\/i01.sozcucdn.com\/wp-content\/uploads\/2023\/06\/30\/resimid_232840881_23284088.jpg\" alt=\"\" title=\"\"><\/p>\n<p>K\u0131r\u015fehir Valisi H\u00fcdayar Mete Buhara<\/p>\n<\/div>\n<p><strong>\u2018SEYFE G\u00d6L\u00dc\u2019N\u00dc YA\u015eATMAK \u0130\u00c7\u0130N \u00c7ALI\u015eMALAR Y\u00dcR\u00dcT\u00dcYORUZ\u2019<\/strong><\/p>\n<p>Seyfe G\u00f6l\u00fc\u2019nde incelemelerde bulunan K\u0131r\u015fehir Valisi H\u00fcdayar Mete Buhara ise, \u201cSeyfe G\u00f6l\u00fc ger\u00e7ekten g\u00f6zle g\u00f6r\u00fcl\u00fcr bir derecede su seviyesine ula\u015ft\u0131. Ge\u00e7mi\u015fteki kurakl\u0131ktan kaynakl\u0131 birtak\u0131m sorunlar ya\u015fanm\u0131\u015f. Bilindi\u011fi \u00fczere 185\u2019e yak\u0131n ku\u015f t\u00fcr\u00fcne ev sahipli\u011fi yapan Seyfe G\u00f6l\u00fc\u2019n\u00fcn korunmas\u0131, ya\u015fat\u0131lmas\u0131 buradaki canl\u0131lar i\u00e7in de bizler i\u00e7in de \u00e7ok \u00f6nemli. Buras\u0131 ilimizin en \u00f6nemli turizm potansiyeline sahip yerlerden bir tanesi. \u0130n\u015fallah en k\u0131sa zamanda eski g\u00fcnlerine ula\u015fmas\u0131 i\u00e7in elimizden geleni yapaca\u011f\u0131z. Su seviyesinin korunmas\u0131 ve b\u00f6lgenin turizme kazand\u0131r\u0131lmas\u0131 noktas\u0131nda birtak\u0131m d\u00fc\u015f\u00fcncelerimiz var. Bunlar\u0131 en k\u0131sa zamanda hayata ge\u00e7irerek Seyfe G\u00f6l\u00fc\u2019n\u00fc hem ilimizin hem de \u00fclkemizin \u00f6nemli bir u\u011frak noktas\u0131 haline getirmek i\u00e7in gayret edece\u011fiz\u201d dedi. (DHA)<\/p>\n","protected":false},"excerpt":{"rendered":"<p>K\u0131r\u015fehir&#8217;de bulunan ve \u0130\u00e7 Anadolu B\u00f6lgesi&#8217;nin \u00f6nemli su kaynaklar\u0131ndan Seyfe G\u00f6l\u00fc, son ya\u011f\u0131\u015flarla birlikte y\u00fczde 80 doluluk oran\u0131na ula\u015ft\u0131. Ancak gerekli \u00f6nlemler al\u0131nmazsa g\u00f6l\u00fcn a\u011fustos ay\u0131nda tekrar kuruyaca\u011f\u0131 belirten K\u0131r\u015fehir \u00c7evre Ekoloji E\u011fitim ve Ara\u015ft\u0131rma Derne\u011fi Ba\u015fkan\u0131 Mustafa Ba\u011f, &#8220;Her sene bu d\u00f6nemde ya\u011f\u0131\u015flarla birlikte su seviyesi art\u0131yor. Seyfe G\u00f6l\u00fc&#8217;n\u00fc besleyen ana kaynaklar a\u00e7\u0131lmazsa ge\u00e7en y\u0131l haziran sonu gibi kuruyan g\u00f6l\u00fcn sular\u0131 bu y\u0131l a\u011fustosta tamamen \u00e7ekilmi\u015f olacak&#8221; dedi.<\/p>\n","protected":false},"author":1,"featured_media":107086,"comment_status":"closed","ping_status":"open","sticky":false,"template":"","format":"standard","meta":{"footnotes":""},"categories":[33],"tags":[6166,323,12966,13006,285],"class_list":["post-107085","post","type-post","status-publish","format-standard","has-post-thumbnail","hentry","category-yasam","tag-bag","tag-gol","tag-kus-turu","tag-seyfe-golu","tag-yagis"],"_links":{"self":[{"href":"https:\/\/haberulus.net\/index.php?rest_route=\/wp\/v2\/posts\/107085","targetHints":{"allow":["GET"]}}],"collection":[{"href":"https:\/\/haberulus.net\/index.php?rest_route=\/wp\/v2\/posts"}],"about":[{"href":"https:\/\/haberulus.net\/index.php?rest_route=\/wp\/v2\/types\/post"}],"author":[{"embeddable":true,"href":"https:\/\/haberulus.net\/index.php?rest_route=\/wp\/v2\/users\/1"}],"replies":[{"embeddable":true,"href":"https:\/\/haberulus.net\/index.php?rest_route=%2Fwp%2Fv2%2Fcomments&post=107085"}],"version-history":[{"count":1,"href":"https:\/\/haberulus.net\/index.php?rest_route=\/wp\/v2\/posts\/107085\/revisions"}],"predecessor-version":[{"id":107087,"href":"https:\/\/haberulus.net\/index.php?rest_route=\/wp\/v2\/posts\/107085\/revisions\/107087"}],"wp:featuredmedia":[{"embeddable":true,"href":"https:\/\/haberulus.net\/index.php?rest_route=\/wp\/v2\/media\/107086"}],"wp:attachment":[{"href":"https:\/\/haberulus.net\/index.php?rest_route=%2Fwp%2Fv2%2Fmedia&parent=107085"}],"wp:term":[{"taxonomy":"category","embeddable":true,"href":"https:\/\/haberulus.net\/index.php?rest_route=%2Fwp%2Fv2%2Fcategories&post=107085"},{"taxonomy":"post_tag","embeddable":true,"href":"https:\/\/haberulus.net\/index.php?rest_route=%2Fwp%2Fv2%2Ftags&post=107085"}],"curies":[{"name":"wp","href":"https:\/\/api.w.org\/{rel}","templated":true}]}}