{"id":107199,"date":"2023-06-30T11:21:07","date_gmt":"2023-06-30T11:21:07","guid":{"rendered":"https:\/\/haberulus.net\/?p=107199"},"modified":"2023-06-30T11:21:07","modified_gmt":"2023-06-30T11:21:07","slug":"mustafa-sandal-kiracisi-icin-taniklik-yapti","status":"publish","type":"post","link":"https:\/\/haberulus.net\/?p=107199","title":{"rendered":"Mustafa Sandal kirac\u0131s\u0131 i\u00e7in tan\u0131kl\u0131k yapt\u0131"},"content":{"rendered":"<p>\u0130\u015f insan\u0131 Dikran Masis, kirac\u0131s\u0131 oldu\u011fu Mustafa Sandal\u2019\u0131n evine 100 bin dolarl\u0131k hasar verdi\u011fi ve k\u00f6t\u00fc bir kirac\u0131 oldu\u011fu iddias\u0131yla kendisi hakk\u0131nda 3 Eyl\u00fcl 2021\u2019de bir gazetede yer alan haberin ger\u00e7ek d\u0131\u015f\u0131 oldu\u011funu belirterek, yazar hakk\u0131nda 500 bin liral\u0131k tazminat davas\u0131 a\u00e7t\u0131.<\/p>\n<p>\u0130stanbul 34. Asliye Hukuk Mahkemesi\u2019ne sunulan dava dilek\u00e7esinde, \u201cHaber ger\u00e7ek de\u011fildir. Ev sahibine teslim edilen evde hi\u00e7bir hasar yoktur. Ev tam ve eksiksiz teslim edilmi\u015ftir. Ev sahibi Mustafa Sandal ile m\u00fcvekkil dostlard\u0131r. M\u00fcvekkil, Sandal\u2019\u0131n evini kiralarken, kiralanan gayrimenkul hasarl\u0131 olup, m\u00fcvekkil bu evde \u00e7ok b\u00fcy\u00fck tadilatlar yapm\u0131\u015f, oturabilece\u011fi vaziyete getirmi\u015f ve gayrimenkule de\u011fer kazand\u0131rm\u0131\u015ft\u0131r\u201d denildi.<\/p>\n<p><strong>\u201cHABERDEK\u0130 S\u00d6YLEMLER\u0130N HEPS\u0130 GER\u00c7EK DI\u015eIDIR, HAYS\u0130YET SARSICIDIR\u201d<\/strong><\/p>\n<p>Dilek\u00e7enin devam\u0131nda, \u201cS\u00f6z konusu haber m\u00fcvekkilin itibar\u0131n\u0131 zedeleyecek \u015fekilde yan\u0131lt\u0131c\u0131, yanl\u0131 ve yanl\u0131\u015f servis edilmi\u015ftir. Sayg\u0131n bir i\u015f insan\u0131 olarak bilinen m\u00fcvekkil, yalan bir haber sebebiyle \u2018k\u00f6t\u00fc kirac\u0131\u2019 damgas\u0131 yiyecek ve binlerce gayrimenkul\u00fc, itibar\u0131 bu sebeple zarar g\u00f6recektir. M\u00fcvekkilin bin 447 kirac\u0131s\u0131 vard\u0131r. Bu haberle m\u00fcvekkilin t\u00fcm kirac\u0131lar\u0131na k\u00f6t\u00fc bir kirac\u0131 oldu\u011funu vurgulamak, m\u00fcvekkilin onur ve haysiyetine zarar verdi\u011fi gibi ticari itibar\u0131na da zarar vermektedir. Haberdeki s\u00f6ylemlerin hepsi ger\u00e7ek d\u0131\u015f\u0131d\u0131r, haysiyet sars\u0131c\u0131d\u0131r. Kiralanan evde bir kuru\u015fluk dahi zarar yoktur\u201d ifadelerine yer verildi.<\/p>\n<p><strong>\u201cV\u0130LLAMA ZARAR VER\u0130LM\u0130\u015e OLSAYDI BURAYA SADECE TANIKLIK YAPMAK \u0130\u00c7\u0130N M\u0130 GEL\u0130RD\u0130M?\u201d<\/strong><\/p>\n<p>\u0130stanbul 34. Asliye Hukuk Mahkemesi\u2019nde g\u00f6r\u00fclen davada evin sahibi Mustafa Sandal da tan\u0131k s\u0131fat\u0131yla duru\u015fmaya kat\u0131ld\u0131. Taraf avukatlar\u0131 da mahkemede haz\u0131r bulundu.<\/p>\n<p>Duru\u015fmada tan\u0131k olarak dinlenen Mustafa Sandal \u015funlar\u0131 s\u00f6yledi:<\/p>\n<p>\u201cDavaya konu villa eski e\u015fim Emina ile taraf\u0131ma ait hisselidir. Davac\u0131 Dikran Masis\u2019i tan\u0131r\u0131m, villay\u0131 kiralamak i\u00e7in benimle temasa ge\u00e7ti, kira s\u00f6zle\u015fmesini ise eski e\u015fim Emina ile yapt\u0131. Biz bu yeri kiraya verdikten sonra kirac\u0131 olarak normal kullan\u0131m d\u0131\u015f\u0131ndaki herhangi bir b\u00fcy\u00fck zarar, hasar, enkaz \u015feklinde bize buray\u0131 teslim etmemi\u015ftir.<\/p>\n<p>Kendisine nas\u0131l kiralam\u0131\u015fsak nispeten o \u015fekilde teslim etmi\u015ftir. Daval\u0131y\u0131 da tan\u0131r\u0131m, kendisi konuya ili\u015fkin istese bana ula\u015fabilirdi ama olaya ili\u015fkin beni aray\u0131p benimle ileti\u015fime ge\u00e7medi. Bazen yo\u011funlu\u011fumuz gere\u011fi ula\u015famayabilir de ancak not b\u0131raksa ula\u015fabilirdi. Eski e\u015fim Emina\u2019ya ula\u015f\u0131p ula\u015fmad\u0131\u011f\u0131n\u0131 bilmiyorum.<\/p>\n<p>S\u00f6z konusu villaya ili\u015fkin davac\u0131yla aram\u0131zda ne kiralama \u00f6ncesinde ne de kiralama sonras\u0131nda herhangi bir anla\u015fmazl\u0131k olmad\u0131. Herhangi bir hasar da b\u0131rak\u0131lmad\u0131. Yap\u0131lan haber do\u011fru de\u011fildir. \u0130ddia edildi\u011fi gibi villama zarar verilmi\u015f olsayd\u0131 buraya sadece tan\u0131kl\u0131k yapmak i\u00e7in mi gelirdim? Hukuki olarak hakk\u0131m\u0131 ba\u015fka \u015fekillerde arard\u0131m\u201d<\/p>\n<p><strong>MAHKEME AVUKATLARA S\u00dcRE VERD\u0130<\/strong><\/p>\n<p>Duru\u015fmada taraflar\u0131n avukatlar\u0131, dinlenen tan\u0131k ifadelerine ili\u015fkin beyanda bulunmak i\u00e7in mahkemeden s\u00fcre talep etti. Ara karar\u0131n\u0131 a\u00e7\u0131klayan mahkeme, avukatlara tan\u0131k ifadelerine ili\u015fkin beyanda bulunmak \u00fczere s\u00fcre verilmesine karar vererek duru\u015fmay\u0131 erteledi.<\/p>\n","protected":false},"excerpt":{"rendered":"<p>\u0130\u015f insan\u0131 Dikran Masis, kirac\u0131s\u0131 oldu\u011fu Mustafa Sandal&#8217;\u0131n evine zarar verdi\u011fi \u00f6ne s\u00fcr\u00fclen ve bir gazetede yer alan kendisi hakk\u0131ndaki haberin ger\u00e7ek d\u0131\u015f\u0131 oldu\u011funu belirterek dava a\u00e7t\u0131. Mahkemede evin sahibi Mustafa Sandal tan\u0131k olarak dinlendi.<\/p>\n","protected":false},"author":1,"featured_media":107200,"comment_status":"closed","ping_status":"open","sticky":false,"template":"","format":"standard","meta":{"footnotes":""},"categories":[29],"tags":[775,311,2378,6502,1841],"class_list":["post-107199","post","type-post","status-publish","format-standard","has-post-thumbnail","hentry","category-magazin","tag-dava","tag-kira","tag-kiraci","tag-muvekkil","tag-zarar"],"_links":{"self":[{"href":"https:\/\/haberulus.net\/index.php?rest_route=\/wp\/v2\/posts\/107199","targetHints":{"allow":["GET"]}}],"collection":[{"href":"https:\/\/haberulus.net\/index.php?rest_route=\/wp\/v2\/posts"}],"about":[{"href":"https:\/\/haberulus.net\/index.php?rest_route=\/wp\/v2\/types\/post"}],"author":[{"embeddable":true,"href":"https:\/\/haberulus.net\/index.php?rest_route=\/wp\/v2\/users\/1"}],"replies":[{"embeddable":true,"href":"https:\/\/haberulus.net\/index.php?rest_route=%2Fwp%2Fv2%2Fcomments&post=107199"}],"version-history":[{"count":1,"href":"https:\/\/haberulus.net\/index.php?rest_route=\/wp\/v2\/posts\/107199\/revisions"}],"predecessor-version":[{"id":107201,"href":"https:\/\/haberulus.net\/index.php?rest_route=\/wp\/v2\/posts\/107199\/revisions\/107201"}],"wp:featuredmedia":[{"embeddable":true,"href":"https:\/\/haberulus.net\/index.php?rest_route=\/wp\/v2\/media\/107200"}],"wp:attachment":[{"href":"https:\/\/haberulus.net\/index.php?rest_route=%2Fwp%2Fv2%2Fmedia&parent=107199"}],"wp:term":[{"taxonomy":"category","embeddable":true,"href":"https:\/\/haberulus.net\/index.php?rest_route=%2Fwp%2Fv2%2Fcategories&post=107199"},{"taxonomy":"post_tag","embeddable":true,"href":"https:\/\/haberulus.net\/index.php?rest_route=%2Fwp%2Fv2%2Ftags&post=107199"}],"curies":[{"name":"wp","href":"https:\/\/api.w.org\/{rel}","templated":true}]}}