{"id":107451,"date":"2023-07-01T06:35:04","date_gmt":"2023-07-01T06:35:04","guid":{"rendered":"https:\/\/haberulus.net\/?p=107451"},"modified":"2023-07-01T06:35:04","modified_gmt":"2023-07-01T06:35:04","slug":"barcelonanin-arda-guler-teklifi-belli-oldu","status":"publish","type":"post","link":"https:\/\/haberulus.net\/?p=107451","title":{"rendered":"Barcelona\u2019n\u0131n Arda G\u00fcler teklifi belli oldu"},"content":{"rendered":"<p>Arda G\u00fcler yar\u0131\u015f\u0131 de\u011fi\u015fik bir boyut kazand\u0131. Avrupa \u00e7ap\u0131nda en az sekiz kul\u00fcb\u00fcn teklif yapt\u0131\u011f\u0131 gen\u00e7 y\u0131ld\u0131z i\u00e7in Barcelona \u00fcst d\u00fczeyde Fenerbah\u00e7e&#8217;nin kap\u0131s\u0131n\u0131 \u00e7ald\u0131.<\/p>\n<p>\u0130spanyol medyas\u0131n\u0131n \u00f6nceki gece duyurdu\u011fu geli\u015fme do\u011fruland\u0131. Barcelona&#8217;n\u0131n Sportif Direkt\u00f6r\u00fc Deco&#8217;nun bir dizi g\u00f6r\u00fc\u015fme yapmak i\u00e7in \u0130stanbul&#8217;da oldu\u011fu ortaya \u00e7\u0131kt\u0131. Deco&#8217;nun ana amac\u0131 \u2018T\u00fcrk m\u00fccevheri&#8217; olarak adland\u0131r\u0131lan Arda G\u00fcler&#8217;i Katalan devine kazand\u0131rmak.<\/p>\n<p><b>PE\u015e\u0130N \u00d6DEME P\u00dcR\u00dcZ\u00dc<\/b><\/p>\n<p>Barcelona\u2019n\u0131n ana plan\u0131 da g\u00fcn y\u00fcz\u00fcne serildi. Teklife g\u00f6re Barcelona\u2019ya transfer olacak Arda G\u00fcler 2023-24 sezonunu kiral\u0131k olarak Fenerbah\u00e7e&#8217;de tamamlayacak. B\u00f6ylece hem Ali Ko\u00e7&#8217;un dile\u011fi ger\u00e7ekle\u015fecek hem de Arda bir sene daha tecr\u00fcbe kazanacak. 17.5 milyon Euro&#8217;luk serbest kalma bedeli ise iki sezona yay\u0131lacak taksitlerle \u00f6denecek. Sar\u0131-lacivertliler ise \u00f6ncelikle paray\u0131 pe\u015fin ve tek par\u00e7a olarak istiyor. Ayr\u0131ca sonraki sat\u0131\u015f\u0131ndan pay maddesi talep ediyor.<\/p>\n<p><b>BARCELONA\u2019DA PARA KR\u0130Z\u0130<\/b><\/p>\n<p>Finansal Fair-Play uygulamas\u0131 do\u011frultusunda Barcelona nakit s\u0131k\u0131nt\u0131s\u0131 ya\u015f\u0131yor. Ciddi bir oyuncu sat\u0131\u015f\u0131 yapmadan Bar\u00e7a&#8217;n\u0131n bonservis harcama \u015fans\u0131 yok. Pek \u00e7ok transferde daha sorun ya\u015f\u0131yorlar. Katalanlar bu y\u00fczden 17.5 milyon Euro&#8217;luk serbest kalma bedelinin b\u00fcy\u00fck b\u00f6l\u00fcm\u00fcn\u00fc gelecek sezon \u00f6demeyi istiyor.<\/p>\n","protected":false},"excerpt":{"rendered":"<p>Barcelona&#8217;n\u0131n Arda G\u00fcler teklifi belli oldu: Bonservisi iki senede \u00f6deyelim. Bu sezon kiral\u0131k olarak T\u00fcrkiye\u2019de kals\u0131n, gelecek y\u0131l tak\u0131ma kat\u0131ls\u0131n. Sar\u0131-lacivertlilerin ise \u00fc\u00e7 \u015fart\u0131 var&#8230;<\/p>\n","protected":false},"author":1,"featured_media":107452,"comment_status":"closed","ping_status":"open","sticky":false,"template":"","format":"standard","meta":{"footnotes":""},"categories":[31],"tags":[2334],"class_list":["post-107451","post","type-post","status-publish","format-standard","has-post-thumbnail","hentry","category-spor","tag-barcelona"],"_links":{"self":[{"href":"https:\/\/haberulus.net\/index.php?rest_route=\/wp\/v2\/posts\/107451","targetHints":{"allow":["GET"]}}],"collection":[{"href":"https:\/\/haberulus.net\/index.php?rest_route=\/wp\/v2\/posts"}],"about":[{"href":"https:\/\/haberulus.net\/index.php?rest_route=\/wp\/v2\/types\/post"}],"author":[{"embeddable":true,"href":"https:\/\/haberulus.net\/index.php?rest_route=\/wp\/v2\/users\/1"}],"replies":[{"embeddable":true,"href":"https:\/\/haberulus.net\/index.php?rest_route=%2Fwp%2Fv2%2Fcomments&post=107451"}],"version-history":[{"count":1,"href":"https:\/\/haberulus.net\/index.php?rest_route=\/wp\/v2\/posts\/107451\/revisions"}],"predecessor-version":[{"id":107453,"href":"https:\/\/haberulus.net\/index.php?rest_route=\/wp\/v2\/posts\/107451\/revisions\/107453"}],"wp:featuredmedia":[{"embeddable":true,"href":"https:\/\/haberulus.net\/index.php?rest_route=\/wp\/v2\/media\/107452"}],"wp:attachment":[{"href":"https:\/\/haberulus.net\/index.php?rest_route=%2Fwp%2Fv2%2Fmedia&parent=107451"}],"wp:term":[{"taxonomy":"category","embeddable":true,"href":"https:\/\/haberulus.net\/index.php?rest_route=%2Fwp%2Fv2%2Fcategories&post=107451"},{"taxonomy":"post_tag","embeddable":true,"href":"https:\/\/haberulus.net\/index.php?rest_route=%2Fwp%2Fv2%2Ftags&post=107451"}],"curies":[{"name":"wp","href":"https:\/\/api.w.org\/{rel}","templated":true}]}}