{"id":107484,"date":"2023-07-01T08:35:06","date_gmt":"2023-07-01T08:35:06","guid":{"rendered":"https:\/\/haberulus.net\/?p=107484"},"modified":"2023-07-01T08:35:06","modified_gmt":"2023-07-01T08:35:06","slug":"galatasaray-paidar-demiri-andi","status":"publish","type":"post","link":"https:\/\/haberulus.net\/?p=107484","title":{"rendered":"Galatasaray, Paidar Demir\u2019i and\u0131"},"content":{"rendered":"<p>Galatasaray, T\u00fcrk voleybolunun unutulmaz isimlerinden Paidar Demir i\u00e7in anma mesaj\u0131 yay\u0131mlad\u0131.<\/p>\n<p>Sar\u0131-k\u0131rm\u0131z\u0131l\u0131 kul\u00fcb\u00fcn internet sitesinde yer alan mesajda, \u201cGalatasaray ve T\u00fcrk voleybolunun unutulmaz isimlerinden, b\u00fcy\u00fck kaptan Paidar Demir\u2019i aram\u0131zdan ayr\u0131l\u0131\u015f\u0131n\u0131n 17. y\u0131l\u0131nda sevgi, sayg\u0131 ve rahmetle an\u0131yoruz\u201d ifadeleri kullan\u0131ld\u0131.<\/p>\n<p>\u0130zmir\u2019de 1 Temmuz 2006\u2019da ge\u00e7irdi\u011fi trafik kazas\u0131nda hayat\u0131n\u0131 kaybeden ve 150 kez de milli formay\u0131 giyen Demir, oyunculu\u011funun ard\u0131ndan Galatasaray ve milli tak\u0131mda menajerlik g\u00f6revi y\u00fcr\u00fctm\u00fc\u015ft\u00fc.<\/p>\n<p>Galatasaray\u2019\u0131n yay\u0131nlad\u0131 mesajda \u015fu ifadelere yer verildi:<\/p>\n<p>\u201cGalatasaray ve T\u00fcrk voleybolunun sembol isimlerinden Paidar Demir&#8217;i vefat\u0131n\u0131n 17. y\u0131l\u0131nda sayg\u0131yla an\u0131yoruz.<\/p>\n<p>1960 y\u0131l\u0131nda\u00a0\u0130stanbul&#8217;da d\u00fcnyaya gelen Paidar Demir, voleybola Galatasaray altyap\u0131s\u0131nda ba\u015flad\u0131ktan sonra gen\u00e7 tak\u0131mda Eczac\u0131ba\u015f\u0131&#8217;na ard\u0131ndan Eczac\u0131ba\u015f\u0131 A Tak\u0131m\u0131na ve Bursa Mako&#8217;ya ge\u00e7i\u015f yapm\u0131\u015ft\u0131.<\/p>\n<p>1985 y\u0131l\u0131nda yeniden yuvaya d\u00f6nen Demir; 2000 y\u0131l\u0131na kadar sporculuk kariyerini s\u00fcrd\u00fcrm\u00fc\u015ft\u00fc. 150 kez milli formay\u0131 giyen, Galatasaray ile 3 kez \u015fampiyonluk ya\u015fayan Paidar, \u00f6zellikle 1986 y\u0131l\u0131ndaki \u015fampiyonlukta \u00f6nemli bir simgeydi.<\/p>\n<p>Galatasaray Erkek Voleybol Tak\u0131m\u0131, 16 y\u0131l sonra \u015fampiyonlu\u011fa ula\u015fm\u0131\u015f; \u0130brahim, Barbaros, \u0130smet, Metin, Ahmet&#8217;ten olu\u015fan kadronun h\u00fccum silah\u0131 ve kaptan\u0131 Paidar da \u015fampiyonlu\u011fun mimar\u0131 olmu\u015ftu.<\/p>\n<p>Galatasaray\u0131m\u0131z\u0131n 25 y\u0131l formas\u0131n\u0131 terleten, tak\u0131m kaptanl\u0131\u011f\u0131n\u0131 yapan Galatasaray ve milli tak\u0131mda menajerlik g\u00f6revini y\u00fcr\u00fcten Paidar Demir, 1 Temmuz 2006 g\u00fcn\u00fc \u0130zmir\u2019de ge\u00e7irdi\u011fi trafik kazas\u0131 sonras\u0131 aram\u0131zdan ayr\u0131lm\u0131\u015ft\u0131.<\/p>\n<p>Galatasaray ve T\u00fcrk voleybolunun unutulmaz isimlerinden, b\u00fcy\u00fck kaptan Paidar Demir\u2019i aram\u0131zdan ayr\u0131l\u0131\u015f\u0131n\u0131n 17. y\u0131l\u0131nda sevgi, sayg\u0131 ve rahmetle an\u0131yoruz.\u201d (AA)<\/p>\n","protected":false},"excerpt":{"rendered":"<p>Galatasaray, 2006&#8217;da hayat\u0131n\u0131 kaybeden T\u00fcrk voleybolunun unutulmaz ismi Paidar Demir&#8217;i and\u0131.<\/p>\n","protected":false},"author":1,"featured_media":107485,"comment_status":"closed","ping_status":"open","sticky":false,"template":"","format":"standard","meta":{"footnotes":""},"categories":[31],"tags":[859,13030,192,702,881],"class_list":["post-107484","post","type-post","status-publish","format-standard","has-post-thumbnail","hentry","category-spor","tag-galatasaray","tag-paidar-demir","tag-takim","tag-voleybol","tag-yilinda"],"_links":{"self":[{"href":"https:\/\/haberulus.net\/index.php?rest_route=\/wp\/v2\/posts\/107484","targetHints":{"allow":["GET"]}}],"collection":[{"href":"https:\/\/haberulus.net\/index.php?rest_route=\/wp\/v2\/posts"}],"about":[{"href":"https:\/\/haberulus.net\/index.php?rest_route=\/wp\/v2\/types\/post"}],"author":[{"embeddable":true,"href":"https:\/\/haberulus.net\/index.php?rest_route=\/wp\/v2\/users\/1"}],"replies":[{"embeddable":true,"href":"https:\/\/haberulus.net\/index.php?rest_route=%2Fwp%2Fv2%2Fcomments&post=107484"}],"version-history":[{"count":1,"href":"https:\/\/haberulus.net\/index.php?rest_route=\/wp\/v2\/posts\/107484\/revisions"}],"predecessor-version":[{"id":107486,"href":"https:\/\/haberulus.net\/index.php?rest_route=\/wp\/v2\/posts\/107484\/revisions\/107486"}],"wp:featuredmedia":[{"embeddable":true,"href":"https:\/\/haberulus.net\/index.php?rest_route=\/wp\/v2\/media\/107485"}],"wp:attachment":[{"href":"https:\/\/haberulus.net\/index.php?rest_route=%2Fwp%2Fv2%2Fmedia&parent=107484"}],"wp:term":[{"taxonomy":"category","embeddable":true,"href":"https:\/\/haberulus.net\/index.php?rest_route=%2Fwp%2Fv2%2Fcategories&post=107484"},{"taxonomy":"post_tag","embeddable":true,"href":"https:\/\/haberulus.net\/index.php?rest_route=%2Fwp%2Fv2%2Ftags&post=107484"}],"curies":[{"name":"wp","href":"https:\/\/api.w.org\/{rel}","templated":true}]}}