{"id":107517,"date":"2023-07-01T09:21:04","date_gmt":"2023-07-01T09:21:04","guid":{"rendered":"https:\/\/haberulus.net\/?p=107517"},"modified":"2023-07-01T09:21:04","modified_gmt":"2023-07-01T09:21:04","slug":"birgul-erken-sponsor-bulamadigim-icin-gidememistim","status":"publish","type":"post","link":"https:\/\/haberulus.net\/?p=107517","title":{"rendered":"Birg\u00fcl Erken: Sponsor bulamad\u0131\u011f\u0131m i\u00e7in gidememi\u015ftim"},"content":{"rendered":"<p>Serbest dal\u0131\u015f rekortmeni milli sporcu Birg\u00fcl Erken, Bahama Adalar\u0131\u2019nda d\u00fczenlenecek Vertical Blue 2023 D\u00fcnya Serbest Dal\u0131\u015f Kupas\u0131\u2019nda yapaca\u011f\u0131 dal\u0131\u015fta 100 metreye ula\u015farak bunu yapan ilk T\u00fcrk kad\u0131n sporcu olarak tarihe ge\u00e7mek istedi\u011fini s\u00f6yledi.<\/p>\n<p>Ay-y\u0131ld\u0131zl\u0131 ba\u015far\u0131l\u0131 dal\u0131\u015f sporcusu Birg\u00fcl Erken, 20-30 Temmuz tarihlerinde Bahama Adalar\u0131\u2019nda kat\u0131laca\u011f\u0131 Vertical Blue 2023 D\u00fcnya Serbest Dal\u0131\u015f Kupas\u0131\u2019yla ilgili a\u00e7\u0131klamada bulundu.<\/p>\n<p>Bu yar\u0131\u015fma i\u00e7in 2 y\u0131l \u00f6nce \u00e7ok zorluklarla sponsor bularak gitti\u011fini hat\u0131rlatan tecr\u00fcbeli sporcu, \u201cGe\u00e7en y\u0131l sponsor bulamad\u0131\u011f\u0131m i\u00e7in gidememi\u015ftim. \u015eimdi bu f\u0131rsat\u0131 elde ettim, yine bayra\u011f\u0131m\u0131z\u0131 dalgaland\u0131rmak ad\u0131na rekorlar k\u0131rmak istiyorum. Kendi rekorlar\u0131m\u0131 geli\u015ftirmek ve yeni bran\u015flar\u0131 da denemek \u00fczere b\u00fct\u00fcn sezon boyunca haz\u0131rl\u0131klar\u0131m\u0131 yapt\u0131m Allah utand\u0131rmas\u0131n g\u00fczel ba\u015far\u0131larla d\u00f6nece\u011fime inan\u0131yorum\u201d diye konu\u015ftu.<\/p>\n<p><img decoding=\"async\" src=\"https:\/\/i01.sozcucdn.com\/wp-content\/uploads\/2023\/07\/01\/depophotos_15937875.jpg\" alt=\"\" title=\"\"><\/p>\n<p><b>\u201cBU \u00d6ZEL B\u0130R D\u00dcNYA KUPASI\u201d<\/b><\/p>\n<p>M\u0131s\u0131r\u2019da ve Antalya Ka\u015f\u2019ta yo\u011fun antrenmanlarla uzun derinliklere dal\u0131\u015f i\u00e7in haz\u0131r oldu\u011funu belirten milli sporcu, Bahama Adalar\u0131\u2019ndaki yar\u0131\u015fmaya kat\u0131labilmenin bile ba\u015far\u0131 oldu\u011funu kaydederek \u015f\u00f6yle konu\u015ftu:<\/p>\n<p>\u201cD\u00fcnyan\u0131n en prestijli sporcular\u0131ndan s\u0131n\u0131rl\u0131 say\u0131da, sadece 42 sporcunun kabul edildi\u011fi bir yar\u0131\u015fma. T\u00fcrkiye\u2019den de sadece \u015eahika Erc\u00fcmen ve ben bu yar\u0131\u015fmaya kat\u0131l\u0131yoruz. Bu \u00f6zel bir d\u00fcnya kupas\u0131, federasyonun sa\u011flad\u0131\u011f\u0131 imkanlarla gitti\u011fimiz bir yar\u0131\u015fma de\u011fil. Buran\u0131n prestiji en \u00fcst d\u00fczeyde, d\u00fcnyan\u0131n en iyileri burada rekorlar\u0131n\u0131 geli\u015ftiriyorlar, rekorlar k\u0131r\u0131yorlar. D\u00fcnyan\u0131n g\u00f6z\u00fc \u00fczerinde olan bir yar\u0131\u015fma, burada sporcular d\u00fcnya \u00e7ap\u0131nda \u00f6ne \u00e7\u0131k\u0131yor, \u00fclkelerinin bayra\u011f\u0131n\u0131 dalgaland\u0131r\u0131yor. Buras\u0131 hem do\u011fal g\u00fczellik olarak muhte\u015fem bir yer hem de organizasyon olarak \u00e7ok prestijli bir organizasyon.\u201d<\/p>\n<p>T\u00fcrkiye Sualt\u0131 Dal\u0131\u015f Milli Tak\u0131m\u0131 sporcusu Birg\u00fcl Erken, 2021\u2019de Bahama Adalar\u0131\u2019nda \u2018Vartical Blue Serbest Dal\u0131\u015f D\u00fcnya Kupas\u0131\u2019nda bir hafta i\u00e7inde 2 T\u00fcrkiye rekoruna imza atm\u0131\u015f ve ip destekli sabit a\u011f\u0131rl\u0131k dal\u0131nda milli sporcu \u015eahika Erc\u00fcmen\u2019e ait 77 metrelik rekoru 78 metreye \u00e7\u0131kararak yeni T\u00fcrkiye rekorunun sahibi olmu\u015ftu.<\/p>\n","protected":false},"excerpt":{"rendered":"<p>Milli sporcu Birg\u00fcl Erken, ge\u00e7en y\u0131l sponsor bulamad\u0131\u011f\u0131 i\u00e7in gidemedi\u011fini s\u00f6yledi. Vertical Blue 2023 D\u00fcnya Serbest Dal\u0131\u015f Kupas\u0131&#8217;nda tarihe ge\u00e7mek istiyor.<\/p>\n","protected":false},"author":1,"featured_media":107518,"comment_status":"closed","ping_status":"open","sticky":false,"template":"","format":"standard","meta":{"footnotes":""},"categories":[31],"tags":[751,141,1449,87,743],"class_list":["post-107517","post","type-post","status-publish","format-standard","has-post-thumbnail","hentry","category-spor","tag-dalis","tag-dunya","tag-sporcu","tag-turk","tag-yarisma"],"_links":{"self":[{"href":"https:\/\/haberulus.net\/index.php?rest_route=\/wp\/v2\/posts\/107517","targetHints":{"allow":["GET"]}}],"collection":[{"href":"https:\/\/haberulus.net\/index.php?rest_route=\/wp\/v2\/posts"}],"about":[{"href":"https:\/\/haberulus.net\/index.php?rest_route=\/wp\/v2\/types\/post"}],"author":[{"embeddable":true,"href":"https:\/\/haberulus.net\/index.php?rest_route=\/wp\/v2\/users\/1"}],"replies":[{"embeddable":true,"href":"https:\/\/haberulus.net\/index.php?rest_route=%2Fwp%2Fv2%2Fcomments&post=107517"}],"version-history":[{"count":1,"href":"https:\/\/haberulus.net\/index.php?rest_route=\/wp\/v2\/posts\/107517\/revisions"}],"predecessor-version":[{"id":107519,"href":"https:\/\/haberulus.net\/index.php?rest_route=\/wp\/v2\/posts\/107517\/revisions\/107519"}],"wp:featuredmedia":[{"embeddable":true,"href":"https:\/\/haberulus.net\/index.php?rest_route=\/wp\/v2\/media\/107518"}],"wp:attachment":[{"href":"https:\/\/haberulus.net\/index.php?rest_route=%2Fwp%2Fv2%2Fmedia&parent=107517"}],"wp:term":[{"taxonomy":"category","embeddable":true,"href":"https:\/\/haberulus.net\/index.php?rest_route=%2Fwp%2Fv2%2Fcategories&post=107517"},{"taxonomy":"post_tag","embeddable":true,"href":"https:\/\/haberulus.net\/index.php?rest_route=%2Fwp%2Fv2%2Ftags&post=107517"}],"curies":[{"name":"wp","href":"https:\/\/api.w.org\/{rel}","templated":true}]}}