{"id":107529,"date":"2023-07-01T09:35:04","date_gmt":"2023-07-01T09:35:04","guid":{"rendered":"https:\/\/haberulus.net\/?p=107529"},"modified":"2023-07-01T09:35:04","modified_gmt":"2023-07-01T09:35:04","slug":"akp-mkyk-uyesi-seyh-saiti-sehit-saydi","status":"publish","type":"post","link":"https:\/\/haberulus.net\/?p=107529","title":{"rendered":"AKP MKYK \u00fcyesi, \u015eeyh Sait\u2019i \u2018\u015fehit\u2019 sayd\u0131"},"content":{"rendered":"<p>AKP listelerinden se\u00e7ime girip, 4 milletvekili \u00e7\u0131karan H\u00fcda-Par&#8217;\u0131n gen\u00e7lik \u00f6rg\u00fct\u00fc olan H\u00fcr Gen\u00e7lik&#8217;in sosyal medya hesab\u0131ndan yap\u0131lan payla\u015f\u0131mda, \u201c&#8217;\u0130mam, \u015feriattan saparsa k\u0131yam vaciptir&#8217; diyerek laik, Kemalist sistemin \u0130sl\u00e2m\u2019a ve \u0130slami de\u011ferlere sava\u015f a\u00e7mas\u0131 \u00fczerine k\u0131yam eden ve bu u\u011furda \u015fehadet makam\u0131na ula\u015fan \u015eeyhimiz \u015eeyh Said Efendi ve yarenlerini k\u0131yamlar\u0131n\u0131n sene-i devriyesinde rahmet, minnet ve iftiharla an\u0131yoruz\u201d denildi. Ter\u00f6r \u00f6rg\u00fct\u00fc Hizbullah ile ba\u011f\u0131 oldu\u011fu s\u0131k s\u0131k g\u00fcndeme gelen, son d\u00f6nemde yapt\u0131klar\u0131 gerici a\u00e7\u0131klamalarla tepki \u00e7eken H\u00fcda-Par&#8217;\u0131n gen\u00e7lik \u00f6rg\u00fct\u00fcn\u00fcn \u015eeyh Sait&#8217;in \u00f6l\u00fcm y\u0131l d\u00f6n\u00fcm\u00fcnde yapt\u0131\u011f\u0131 bu payla\u015f\u0131m kan dondurdu. Laik Cumhuriyeti ve Mustafa Kemal Atat\u00fcrk&#8217;\u00fc hedef alan payla\u015f\u0131m b\u00fcy\u00fck tepki \u00e7ekti.<\/p>\n<p><strong>PART\u0130 PROGRAMLARINDA DA YER ALIYOR<\/strong><\/p>\n<p>Cumhur \u0130ttifak\u0131&#8217;na kat\u0131lmalar\u0131 ile birlikte tart\u0131\u015f\u0131lmaya ba\u015flayan H\u00fcda-Par&#8217;\u0131n parti program\u0131nda Cumhuriyet kar\u015f\u0131t\u0131 dinci isyan nedeniyle idam edilen \u015eeyh Sait&#8217;le ilgili ifadeler de yer al\u0131yor. Programda, \u201cBa\u015fta \u015eeyh Sait olmak \u00fczere K\u00fcrtlerin b\u00fcy\u00fck bir sayg\u0131 ile and\u0131klar\u0131 K\u00fcrt \u00e2limlerine zulmedildi\u011fi resmen kabul edilmeli, yak\u0131nlar\u0131ndan ve b\u00fct\u00fcn halktan \u00f6z\u00fcr dilenmelidir\u201d ifadeleri yer al\u0131yor.<\/p>\n<p><strong>PART\u0130 V\u0130DEOSUNDA ATAT\u00dcRK D\u00dc\u015eMANLI\u011eI VAR<\/strong><\/p>\n<p>Partinin 10. y\u0131l\u0131 nedeniyle haz\u0131rlanan bir videoda Atat\u00fcrk ve beraberindekilerin TBMM a\u00e7\u0131l\u0131\u015f\u0131ndaki g\u00f6r\u00fcnt\u00fcleri verilerek, \u2018Namlusu d\u00fc\u015fmana \u00e7evriliyken g\u00f6nl\u00fcn\u00fc d\u00fc\u015fmana kapt\u0131rm\u0131\u015f kadolar&#8217; ifadeleri bulunuyor.<\/p>\n<p><strong>AKP&#8217;L\u0130 PARLAK DA \u2018\u015eEH\u0130T&#8217; D\u0130YEREK ANDI<\/strong><\/p>\n<p>AKP MKYK \u00dcyesi Alaattin Parlak da laik Cumhuriyete ve devlete kar\u015f\u0131 gerici isyan ba\u015flatan ve \u0130stiklal Mahkemeleri taraf\u0131ndan idam edilen \u015eeyh Sait&#8217;i \u2018\u015fehit&#8217; diyerek and\u0131. AKP&#8217;li Parlak kendi sosyal medya hesab\u0131ndan yapt\u0131\u011f\u0131 payla\u015f\u0131mda, \u201c\u015eehid \u015eeyh Said ve kahraman arkada\u015flar\u0131n\u0131 \u015fehadet y\u0131l d\u00f6n\u00fcmlerinde rahmetle ve minnetle an\u0131yorum\u201d dedi.<\/p>\n<p><strong>B\u0130R\u00c7OK K\u0130\u015e\u0130 SERT TEPK\u0130 G\u00d6STERD\u0130<\/strong><\/p>\n<p>Buna tepki g\u00f6steren sosyal medya kullan\u0131c\u0131lar\u0131 AKP MKYK \u00dcyesi Alaattin Parlak\u2019\u0131n payla\u015f\u0131m\u0131n\u0131n alt\u0131na \u015funlar\u0131 yazd\u0131:<\/p>\n<p>\u201cT\u00fcrk ordusuna haince sald\u0131rm\u0131\u015f birini rahmetle anamay\u0131z diye d\u00fc\u015f\u00fcn\u00fcyorum. Sizler de bu \u00fclkeye hizmet ediyorsunuz ve sizin de b\u00f6yle d\u00fc\u015f\u00fcnmeniz gerekir\u201d<\/p>\n<p>\u201cRahmet ve minnet? Neyine minnet etti\u011finizi de a\u00e7\u0131klayabilir misiniz l\u00fctfen, ihbar edece\u011fim de\u2026\u201d<\/p>\n<p>\u201c\u015eehitlerin kemiklerini s\u0131zlatmay\u0131n. Bug\u00fcn PKK, FET\u00d6 ne ise o g\u00fcn Sait odur. Ortada bir ihanet vard\u0131, T\u00fcrk Devleti gerekeni yapt\u0131, T\u00fcrk t\u00f6residir, ba\u015f kald\u0131ran\u0131n ba\u015f\u0131 al\u0131n\u0131r.\u201d<\/p>\n<p>\u201c\u015eeyh Sait ve arkada\u015flar\u0131n\u0131n kahramanl\u0131klar\u0131 tam olarak nedir? T\u00fcrk askerine kur\u015fun s\u0131kmalar\u0131 m\u0131? \u015eehirleri bas\u0131p devlete isyan etmeleri mi? Ziraat Bankas\u0131\u2019na g\u00f6nderilen memur maa\u015flar\u0131n\u0131 gasp etmeleri mi? T\u00fcrk subaylar\u0131n\u0131n mallar\u0131n\u0131 ya\u011fmalamalar\u0131 m\u0131? Nedir kahramanl\u0131klar\u0131?\u201d<\/p>\n<p>\u201cDevlete ve orduya kar\u015f\u0131 silahl\u0131 ayaklanma \u00e7\u0131kartan, kendi askerini vuran herkes her \u00fclkede vatan haini kabul edilir. Bizde \u00f6yle de\u011fil mi\u201d<\/p>\n<p><strong>\u0130SMA\u0130L SAYMAZ: AL SANA AK PART\u0130 DEMOKRAS\u0130S\u0130<\/strong><\/p>\n<p>Yap\u0131lan payla\u015f\u0131ma S\u00d6ZC\u00dc yazar\u0131 \u0130smail Saymaz da sosyal medya \u00fczerinden tepki g\u00f6sterdi. Saymaz, \u201cAK Parti MKYK \u00fcyesi Parlak, \u2018\u00c7\u00f6z\u00fcm S\u00fcreci&#8217;ni erken ba\u015flatm\u0131\u015f. \u015eeyh \u015eait&#8217;i \u015fehit, arkada\u015flar\u0131n\u0131 kahraman ilan etmi\u015f. \u0130dam edilmelerini \u2018\u015fehadet&#8217; olarak nitelemi\u015f. \u00d6calan&#8217;a \u2018siyasi mahkum&#8217; diyen muhalif gazeteciyi i\u00e7eri at, \u015eeyh Sait&#8217;i \u2018\u015fehit&#8217; diye \u00f6ven taraftar\u0131n\u0131 MYK \u00fcyesi yap. Al sana AK Parti demokrasisi\u201d dedi.<\/p>\n","protected":false},"excerpt":{"rendered":"<p>AKP listelerinden Meclis\u2019e giren H\u00fcda-Par\u2019\u0131n gen\u00e7lik \u00f6rg\u00fct\u00fc H\u00fcr Gen\u00e7lik, T\u00fcrkiye Cumhuriyeti\u2019ne ve laik d\u00fczene kar\u015f\u0131 \u00e7\u0131k\u0131p, devlete isyan ba\u015flatt\u0131\u011f\u0131 i\u00e7in idam edilen \u015eeyh Sait i\u00e7in \u2018\u015fehit\u2019 nitelemesi yaparak \u00f6l\u00fcm y\u0131l d\u00f6n\u00fcm\u00fcnde Atat\u00fcrk&#8217;\u00fc hedef alan bir payla\u015f\u0131m yapt\u0131.<\/p>\n","protected":false},"author":1,"featured_media":107530,"comment_status":"closed","ping_status":"open","sticky":false,"template":"","format":"standard","meta":{"footnotes":""},"categories":[26],"tags":[188,442,403,13033,87],"class_list":["post-107529","post","type-post","status-publish","format-standard","has-post-thumbnail","hentry","category-gundem","tag-bas","tag-parti","tag-paylasim","tag-seyh-sait","tag-turk"],"_links":{"self":[{"href":"https:\/\/haberulus.net\/index.php?rest_route=\/wp\/v2\/posts\/107529","targetHints":{"allow":["GET"]}}],"collection":[{"href":"https:\/\/haberulus.net\/index.php?rest_route=\/wp\/v2\/posts"}],"about":[{"href":"https:\/\/haberulus.net\/index.php?rest_route=\/wp\/v2\/types\/post"}],"author":[{"embeddable":true,"href":"https:\/\/haberulus.net\/index.php?rest_route=\/wp\/v2\/users\/1"}],"replies":[{"embeddable":true,"href":"https:\/\/haberulus.net\/index.php?rest_route=%2Fwp%2Fv2%2Fcomments&post=107529"}],"version-history":[{"count":1,"href":"https:\/\/haberulus.net\/index.php?rest_route=\/wp\/v2\/posts\/107529\/revisions"}],"predecessor-version":[{"id":107531,"href":"https:\/\/haberulus.net\/index.php?rest_route=\/wp\/v2\/posts\/107529\/revisions\/107531"}],"wp:featuredmedia":[{"embeddable":true,"href":"https:\/\/haberulus.net\/index.php?rest_route=\/wp\/v2\/media\/107530"}],"wp:attachment":[{"href":"https:\/\/haberulus.net\/index.php?rest_route=%2Fwp%2Fv2%2Fmedia&parent=107529"}],"wp:term":[{"taxonomy":"category","embeddable":true,"href":"https:\/\/haberulus.net\/index.php?rest_route=%2Fwp%2Fv2%2Fcategories&post=107529"},{"taxonomy":"post_tag","embeddable":true,"href":"https:\/\/haberulus.net\/index.php?rest_route=%2Fwp%2Fv2%2Ftags&post=107529"}],"curies":[{"name":"wp","href":"https:\/\/api.w.org\/{rel}","templated":true}]}}