{"id":107544,"date":"2023-07-01T09:51:04","date_gmt":"2023-07-01T09:51:04","guid":{"rendered":"https:\/\/haberulus.net\/?p=107544"},"modified":"2023-07-01T09:51:04","modified_gmt":"2023-07-01T09:51:04","slug":"gobeklitepeye-5-yilda-2-milyondan-fazla-ziyaretci","status":"publish","type":"post","link":"https:\/\/haberulus.net\/?p=107544","title":{"rendered":"G\u00f6beklitepe\u2019ye 5 y\u0131lda 2 milyondan fazla ziyaret\u00e7i"},"content":{"rendered":"<p>\u201cTarihin s\u0131f\u0131r noktas\u0131\u201d olarak nitelendirilen ve UNESCO D\u00fcnya Miras Listesi\u2019nde yer almas\u0131n\u0131n ard\u0131ndan \u00fcn\u00fc s\u0131n\u0131rlar\u0131 a\u015fan tarihi \u00f6ren yeri, her y\u0131l d\u00fcnyan\u0131n bir\u00e7ok noktas\u0131ndan ziyaret\u00e7i a\u011f\u0131rl\u0131yor.<\/p>\n<p>Ziyarete a\u00e7\u0131ld\u0131\u011f\u0131 2018 y\u0131l\u0131nda \u00fcst koruma \u00e7at\u0131s\u0131 yap\u0131m \u00e7al\u0131\u015fmalar\u0131 nedeniyle bir k\u0131sm\u0131 kapal\u0131 kalan \u00f6ren yerini o d\u00f6nem yakla\u015f\u0131k 70 bin ki\u015fi ziyaret etti. Cumhurba\u015fkan\u0131 Recep Tayyip Erdo\u011fan\u2019\u0131n 2019\u2019u \u201cG\u00f6beklitepe Y\u0131l\u0131\u201d ilan etmesiyle \u00f6ren yeri, 412 bin 378 ziyaret\u00e7i a\u011f\u0131rlayarak \u00f6nemli bir say\u0131ya ula\u015fmay\u0131 ba\u015fard\u0131.<\/p>\n<p><img decoding=\"async\" src=\"https:\/\/i01.sozcucdn.com\/wp-content\/uploads\/2023\/07\/01\/resimid_232883951_23288395.jpg\" alt=\"\" title=\"\"><\/p>\n<p>Ziyaret\u00e7i say\u0131s\u0131n\u0131n 2020\u2019de artmas\u0131 beklenirken Kovid-19 salg\u0131n\u0131 sebebiyle olu\u015fturulan seyahat k\u0131s\u0131tlamalar\u0131 nedeniyle \u00f6ren yerini sadece 197 bin 912 ki\u015fi ziyaret edebildi. G\u00f6beklitepe, 2021\u2019de 567 bin 453 ki\u015fiyi a\u011f\u0131rlayarak 4 y\u0131l\u0131n en y\u00fcksek ziyaret\u00e7i say\u0131s\u0131na ula\u015ft\u0131. Tarihi \u00f6ren yeri, 2022 y\u0131l\u0131nda ise 850 bin misafire ev sahipli\u011fi yaparak ziyaret\u00e7i rekoru k\u0131rd\u0131.<\/p>\n<p>2023 y\u0131l\u0131n\u0131n ilk yar\u0131s\u0131nda, Kahramanmara\u015f merkezli depremler ve kentte etkili olan sel bask\u0131n\u0131 nedeniyle bir s\u00fcre ziyarete kapal\u0131 olan \u00f6ren yerini 6 ayl\u0131k d\u00f6nemde 56 bin 112 ki\u015fi gezdi.<\/p>\n<p>G\u00f6beklitepe, bayram tatilinde de ziyaret\u00e7iler i\u00e7in \u00e7ekim merkezi olmay\u0131 s\u00fcrd\u00fcr\u00fcyor.<\/p>\n<p><img decoding=\"async\" src=\"https:\/\/i01.sozcucdn.com\/wp-content\/uploads\/2023\/07\/01\/resimid_232884561_23288456.jpg\" alt=\"\" title=\"\"><\/p>\n<p>\u015eanl\u0131urfa B\u00fcy\u00fck\u015fehir Belediye Ba\u015fkan\u0131 Zeynel Abidin Beyazg\u00fcl, G\u00f6beklitepe\u2019nin ke\u015ffiyle insanl\u0131k tarihine ili\u015fkin yeni bilgilerin g\u00fcn y\u00fcz\u00fcne \u00e7\u0131kt\u0131\u011f\u0131n\u0131 an\u0131msatt\u0131.<\/p>\n<p>G\u00f6beklitepe\u2019de bulunan \u201cT\u201d \u015feklindeki dikilita\u015flar \u00fczerindeki sembollerin ziyaret\u00e7ilerini zamanda yolculu\u011fa \u00e7\u0131kard\u0131\u011f\u0131n\u0131 aktaran Beyazg\u00fcl, insanl\u0131k tarihine ili\u015fkin daha fazla bilgi elde etmek i\u00e7in b\u00f6lgedeki \u00e7al\u0131\u015fmalar\u0131n s\u00fcrd\u00fc\u011f\u00fcn\u00fc s\u00f6yledi.<\/p>\n<p><img decoding=\"async\" src=\"https:\/\/i01.sozcucdn.com\/wp-content\/uploads\/2023\/07\/01\/resimid_232884711_23288471.jpg\" alt=\"\" title=\"\"><\/p>\n<p>Beyazg\u00fcl, G\u00f6beklitepe\u2019de insanl\u0131k inanc\u0131na, k\u00fclt\u00fcr\u00fcne ve medeniyetine ili\u015fkin \u00e7ok fazla \u015feyin bulundu\u011funu belirterek, \u015f\u00f6yle konu\u015ftu:<\/p>\n<p>\u201cBunun i\u00e7in ki G\u00f6beklitepe insanl\u0131\u011f\u0131n merak\u0131n\u0131 uyand\u0131rd\u0131. Bu ta\u015flardan birinin \u00f6rne\u011fi Birle\u015fmi\u015f Milletler\u2019e dikildi. Yine o g\u00fcnden bug\u00fcne, yakla\u015f\u0131k 2 milyon 250 bin ki\u015fi G\u00f6beklitepe\u2019yi g\u00f6rmeye geldi. Bu rakam \u00f6nemli bir rakam, neden mi? Biliyorsunuz \u00e7ok \u00f6nemli zamanlardan ge\u00e7tik. Pandemiden ge\u00e7tik, depremlerden ge\u00e7tik, sel bask\u0131nlar\u0131ndan ge\u00e7tik ama insanlar\u0131n G\u00f6beklitepe\u2019yi ziyaret etme a\u015fk\u0131 hi\u00e7bir zaman bitmedi. Biz bundan sonra da katlanarak devam edece\u011fine inan\u0131yoruz. \u00c7\u00fcnk\u00fc insanlar atas\u0131n\u0131n nas\u0131l ya\u015fad\u0131\u011f\u0131n\u0131, ilk insan\u0131n nas\u0131l ya\u015fad\u0131\u011f\u0131n\u0131, nas\u0131l bir noktadan ba\u015flad\u0131\u011f\u0131n\u0131 bilmek isteyecektir. Bunu bildi\u011fi zaman di\u011fer tarihi s\u00fcre\u00e7leri yerine oturtmak m\u00fcmk\u00fcn olacakt\u0131r.<\/p>\n<p>Urfa\u2019n\u0131n ba\u015fka bir \u00f6zelli\u011fi, buran\u0131n peygamberler \u015fehri olmas\u0131d\u0131r ki peygamberler \u015fehrine ili\u015fkin izleri var. Bizans\u2019a ili\u015fkin izler var. \u0130nanca ili\u015fkin tarih burada yat\u0131yor, belki G\u00f6beklitepe\u2019de de inanc\u0131n izleri vard\u0131r. Onu biz bilemiyoruz \u015fu anda ama bir \u015fey biliyoruz. Orada medeniyetin izlerinin oldu\u011fu kesin.\u201d<\/p>\n<p><img decoding=\"async\" src=\"https:\/\/i01.sozcucdn.com\/wp-content\/uploads\/2023\/07\/01\/resimid_232884571_23288457.jpg\" alt=\"\" title=\"\"><\/p>\n<p>G\u00f6beklitepe\u2019nin UNESCO D\u00fcnya Miras\u0131 Listesi\u2019ne girmesiyle bilinirli\u011finin T\u00fcrkiye s\u0131n\u0131rlar\u0131 d\u0131\u015f\u0131na \u00e7\u0131kt\u0131\u011f\u0131na i\u015faret eden Beyazg\u00fcl, \u00f6ren yerine olan bu ilginin ziyaret\u00e7i say\u0131s\u0131n\u0131 da art\u0131rd\u0131\u011f\u0131n\u0131 ifade etti.<\/p>\n<p>Beyazg\u00fcl, \u015eanl\u0131urfa\u2019n\u0131n \u0130slam \u0130\u015fbirli\u011fi Te\u015fkilat\u0131 taraf\u0131ndan \u201c\u0130slam \u00fclkelerinin 2023 turizm kenti\u201d se\u00e7ildi\u011fini aktararak, inan\u00e7 ve k\u00fclt\u00fcr \u015fehri \u015eanl\u0131urfa\u2019ya gelecek ki\u015filerin yapacaklar\u0131 ziyaretlerle G\u00f6beklitepe\u2019nin daha fazla \u00f6n plana \u00e7\u0131kaca\u011f\u0131n\u0131 s\u00f6yledi.<\/p>\n<p><img decoding=\"async\" src=\"https:\/\/i01.sozcucdn.com\/wp-content\/uploads\/2023\/07\/01\/resimid_232884591_23288459.jpg\" alt=\"\" title=\"\"><\/p>\n<p>\u015eanl\u0131urfa B\u00f6lgesel Turist Rehberleri Odas\u0131 Genel Sekreteri M\u00fcsl\u00fcm \u00c7oban ise G\u00f6beklitepe\u2019nin ba\u015fta \u015eanl\u0131urfa olmak \u00fczere G\u00fcneydo\u011fu ve T\u00fcrkiye turizmi i\u00e7in adeta bir lokomotif g\u00f6revi g\u00f6rd\u00fc\u011f\u00fcn\u00fc s\u00f6yledi.<\/p>\n<p>G\u00f6beklitepe i\u00e7in kente gelen insanlar\u0131n b\u00f6lge illerini de ziyaret etti\u011fini vurgulayan \u00c7oban, \u015f\u00f6yle konu\u015ftu:<\/p>\n<p>\u201cD\u00fcnyada ve T\u00fcrkiye\u2019de insanlar gezi rotalar\u0131n\u0131 \u00e7\u0131kar\u0131rken, tatil planlar\u0131n\u0131 \u00f6zellikle UNESCO D\u00fcnya K\u00fclt\u00fcr Miras\u0131 Listesi\u2019ni g\u00f6rme \u00fczerine yap\u0131yor. G\u00f6beklitepe kesinlikle son y\u0131llarda mutlaka g\u00f6r\u00fclmesi gereken yerler listesinde ve bir\u00e7ok insan da buradaki yerleri gezme plan\u0131 yap\u0131yor. O bak\u0131mdan G\u00f6beklitepe\u2019de her ge\u00e7en g\u00fcn yo\u011funluk art\u0131yor ve insanlar\u0131n ilgisini \u00e7ekiyor. Eskiden bahar, sonbahar diye bir turizm ayr\u0131m\u0131 vard\u0131. G\u00f6beklitepe ile \u00e7ok \u015f\u00fck\u00fcr bunu da a\u015ft\u0131k. Art\u0131k neredeyse y\u0131l\u0131n 12 ay\u0131 insanlar G\u00f6beklitepe\u2019yi, \u015eanl\u0131urfa\u2019y\u0131, b\u00f6lgemizi ve T\u00fcrkiye\u2019yi gezmeye geliyorlar.\u201d<\/p>\n<p><img decoding=\"async\" src=\"https:\/\/i01.sozcucdn.com\/wp-content\/uploads\/2023\/07\/01\/resimid_232884651_23288465.jpg\" alt=\"\" title=\"\"><\/p>\n<p>\u015eanl\u0131urfa Arkeoloji M\u00fczesi M\u00fcd\u00fcr\u00fc Celal Uluda\u011f da G\u00f6beklitepe\u2019nin 1963 y\u0131l\u0131nda ke\u015ffedildi\u011fini hat\u0131rlatarak, bu \u00e7al\u0131\u015fmalar\u0131n ard\u0131ndan b\u00f6lgenin neolotik bir alan oldu\u011funun belirlendi\u011fini s\u00f6yledi.<\/p>\n<p>O g\u00fcnden bu yana kaz\u0131lar\u0131n halen devam etti\u011fini belirten Uluda\u011f, \u201cBuras\u0131 k\u00fclt merkezi. D\u00fcnyan\u0131n en eski k\u00fclt merkezi olarak tan\u0131mlayabiliriz. Son y\u0131llarda yap\u0131lan kaz\u0131larla birlikte burada yerle\u015fik yerle\u015fik hayat ve bununla birlikte b\u00f6lgede inan\u00e7 merkezleri de in\u015fa edilmi\u015f, bunu s\u00f6yleyebiliriz. D\u00fcnyada neolitik d\u00f6neme ait cevaplanmayan sorular\u0131n bu kaz\u0131larla cevaplanaca\u011f\u0131n\u0131 d\u00fc\u015f\u00fcn\u00fcyoruz. O y\u00fczden kaz\u0131lar\u0131 b\u00fcy\u00fck bir titizlikle de y\u00fcr\u00fct\u00fcyoruz.\u201d diye konu\u015ftu.<\/p>\n<p>\u015eu anda G\u00f6beklitepe\u2019nin d\u00fcnyadan \u00e7ok b\u00fcy\u00fck bir ilgi g\u00f6rd\u00fc\u011f\u00fcne i\u015faret eden Uluda\u011f, \u015funlar\u0131 kaydetti:<\/p>\n<p>\u201c\u00d6zellikle 2018 y\u0131l\u0131nda UNESCO d\u00fcnya miras\u0131 kabul edilmesi, 2019 y\u0131l\u0131n\u0131n Cumhurba\u015fkan\u0131m\u0131z taraf\u0131ndan G\u00f6beklitepe Y\u0131l\u0131 ilan edilmesiyle birlikte her ge\u00e7en y\u0131l G\u00f6beklitepe\u2019nin ziyaret\u00e7i say\u0131lar\u0131 art\u0131yor. D\u00fcnyadaki bilinirlili\u011fi artt\u0131. G\u00f6beklitepe ile uluslararas\u0131 alanda yay\u0131nlar yap\u0131ld\u0131, tan\u0131t\u0131mlar ger\u00e7ekle\u015fti. \u015eu an G\u00f6beklitepe\u2019nin d\u00fcnyan\u0131n en \u00f6nemli turizm merkezlerinden birisi haline geldi\u011fini s\u00f6yleyebiliriz.\u201d (AA)<\/p>\n","protected":false},"excerpt":{"rendered":"<p>\u015eanl\u0131urfa&#8217;da 12 bin y\u0131ll\u0131k ge\u00e7mi\u015fiyle &#8220;tarihin s\u0131f\u0131r noktas\u0131&#8221; olarak nitelendirilen ve UNESCO D\u00fcnya Miras\u0131 Listesi&#8217;nde be\u015finci y\u0131l\u0131n\u0131 tamamlayan G\u00f6beklitepe, ald\u0131\u011f\u0131 bu unvan sonras\u0131 2 milyon 153 bin 855 ziyaret\u00e7iye ev sahipli\u011fi yapt\u0131.<\/p>\n","protected":false},"author":1,"featured_media":107545,"comment_status":"closed","ping_status":"open","sticky":false,"template":"","format":"standard","meta":{"footnotes":""},"categories":[27],"tags":[141,8173,13034,1228,126],"class_list":["post-107544","post","type-post","status-publish","format-standard","has-post-thumbnail","hentry","category-kultur-sanat","tag-dunya","tag-gobeklitepe","tag-oren","tag-ziyaret","tag-ziyaretci"],"_links":{"self":[{"href":"https:\/\/haberulus.net\/index.php?rest_route=\/wp\/v2\/posts\/107544","targetHints":{"allow":["GET"]}}],"collection":[{"href":"https:\/\/haberulus.net\/index.php?rest_route=\/wp\/v2\/posts"}],"about":[{"href":"https:\/\/haberulus.net\/index.php?rest_route=\/wp\/v2\/types\/post"}],"author":[{"embeddable":true,"href":"https:\/\/haberulus.net\/index.php?rest_route=\/wp\/v2\/users\/1"}],"replies":[{"embeddable":true,"href":"https:\/\/haberulus.net\/index.php?rest_route=%2Fwp%2Fv2%2Fcomments&post=107544"}],"version-history":[{"count":1,"href":"https:\/\/haberulus.net\/index.php?rest_route=\/wp\/v2\/posts\/107544\/revisions"}],"predecessor-version":[{"id":107546,"href":"https:\/\/haberulus.net\/index.php?rest_route=\/wp\/v2\/posts\/107544\/revisions\/107546"}],"wp:featuredmedia":[{"embeddable":true,"href":"https:\/\/haberulus.net\/index.php?rest_route=\/wp\/v2\/media\/107545"}],"wp:attachment":[{"href":"https:\/\/haberulus.net\/index.php?rest_route=%2Fwp%2Fv2%2Fmedia&parent=107544"}],"wp:term":[{"taxonomy":"category","embeddable":true,"href":"https:\/\/haberulus.net\/index.php?rest_route=%2Fwp%2Fv2%2Fcategories&post=107544"},{"taxonomy":"post_tag","embeddable":true,"href":"https:\/\/haberulus.net\/index.php?rest_route=%2Fwp%2Fv2%2Ftags&post=107544"}],"curies":[{"name":"wp","href":"https:\/\/api.w.org\/{rel}","templated":true}]}}