{"id":107547,"date":"2023-07-01T09:51:05","date_gmt":"2023-07-01T09:51:05","guid":{"rendered":"https:\/\/haberulus.net\/?p=107547"},"modified":"2023-07-01T09:51:05","modified_gmt":"2023-07-01T09:51:05","slug":"sumela-manastirina-ziyaretci-akini","status":"publish","type":"post","link":"https:\/\/haberulus.net\/?p=107547","title":{"rendered":"S\u00fcmela Manast\u0131r\u0131\u2019na ziyaret\u00e7i ak\u0131n\u0131"},"content":{"rendered":"<p>Trabzon\u2019un Ma\u00e7ka il\u00e7esindeki Karada\u011f\u2019\u0131n Alt\u0131ndere Vadisi\u2019nde 300 metre y\u00fckseklikte kayalar oyularak in\u015fa edilen S\u00fcmela Manast\u0131r\u0131, k\u00fclt\u00fcr ve do\u011fa tutkunlar\u0131n\u0131n u\u011frak noktalar\u0131 aras\u0131nda ilk s\u0131rada yer al\u0131yor.<\/p>\n<p>Do\u011fa, tarih ve k\u00fclt\u00fcr\u00fc bir arada sunan S\u00fcmela Manast\u0131r\u0131, kaya d\u00fc\u015fme riskine kar\u015f\u0131 Eyl\u00fcl 2015\u2019te ziyarete kapat\u0131ld\u0131.<\/p>\n<p>K\u00fclt\u00fcr ve Turizm Bakanl\u0131\u011f\u0131nca \u015eubat 2016\u2019da ba\u015flat\u0131lan restorasyonda \u00e7evre d\u00fczenlemesi, kayal\u0131klar\u0131n jeolojik ve jeoteknik bak\u0131mdan ara\u015ft\u0131r\u0131lmas\u0131, g\u00fc\u00e7lendirilmesi projelerinin birinci etab\u0131 tamamlanarak avluya kadarki b\u00f6l\u00fcm\u00fc May\u0131s 2019\u2019da, ikinci etap \u00e7al\u0131\u015fmalar\u0131n\u0131n \u00f6nemli k\u0131sm\u0131n\u0131n sona ermesiyle manast\u0131r\u0131n y\u00fczde 65\u2019lik b\u00f6l\u00fcm\u00fc 28 Temmuz 2020\u2019de, i\u00e7 avluyu kapsayan \u00fc\u00e7\u00fcnc\u00fc etab\u0131 ise 1 Temmuz 2021\u2019de ziyarete a\u00e7\u0131ld\u0131.<\/p>\n<p><img decoding=\"async\" src=\"https:\/\/i01.sozcucdn.com\/wp-content\/uploads\/2023\/07\/01\/resimid_232885011_23288501.jpg\" alt=\"\" title=\"\"><\/p>\n<p>Kaya d\u00fc\u015fme riskini ortadan kald\u0131rmak i\u00e7in 1 Kas\u0131m 2021\u2019de tekrar kapat\u0131larak restorasyona al\u0131nan manast\u0131rda, tehlike olu\u015fturan kayalar \u00e7elik halatlarla sabitlendi, kaya tutucu bariyerler in\u015fa edildi.<\/p>\n<p>\u00c7al\u0131\u015fmalar\u0131n tamamlanmas\u0131yla 1 May\u0131s 2022 itibar\u0131yla ziyaret\u00e7ilerine yeniden kap\u0131lar\u0131n\u0131 a\u00e7an manast\u0131r, yeniden Trabzon\u2019un en \u00f6nemli \u00e7ekim alanlar\u0131 aras\u0131na girdi.<\/p>\n<p>S\u00fcmela Manast\u0131r\u0131, restorasyonun ard\u0131ndan belli d\u00f6nemlerde kapal\u0131 kalmas\u0131na ra\u011fmen 1 Temmuz 2021 ile 29 Haziran 2023 tarihleri aras\u0131nda 597 bin 742 ziyaret\u00e7i a\u011f\u0131rlad\u0131.<\/p>\n<p><img decoding=\"async\" src=\"https:\/\/i01.sozcucdn.com\/wp-content\/uploads\/2023\/07\/01\/resimid_232884941_23288494.jpg\" alt=\"\" title=\"\"><\/p>\n<p>Trabzon K\u00fclt\u00fcr ve Turizm M\u00fcd\u00fcr\u00fc Tamer Erdo\u011fan, K\u00fclt\u00fcr ve Turizm Bakan\u0131 Mehmet Nuri Ersoy\u2019un yak\u0131n ve \u00f6zverili takibi ile d\u00fcnyaca \u00fcnl\u00fc S\u00fcmela Manast\u0131r\u0131\u2019n\u0131n restorasyon \u00e7al\u0131\u015fmalar\u0131n\u0131n tamamland\u0131\u011f\u0131n\u0131 s\u00f6yledi.<\/p>\n<p>Manast\u0131r\u0131n, ziyarete a\u00e7\u0131ld\u0131\u011f\u0131 2021\u2019de 153 bin 994 turiste ev sahipli\u011fi yapt\u0131\u011f\u0131n\u0131 belirten Erdo\u011fan, 2022\u2019de ise 339 bin 457 ki\u015finin ziyaret etti\u011fini aktard\u0131.<\/p>\n<p>Erdo\u011fan, bu y\u0131l\u0131n 6 ayl\u0131k d\u00f6neminde manast\u0131r\u0131n 104 bin 291 ziyaret\u00e7i a\u011f\u0131rlad\u0131\u011f\u0131n\u0131, b\u00f6ylece 1 Temmuz 2021 ile 29 Haziran 2023 tarihleri aras\u0131ndaki yerli ve yabanc\u0131 turist say\u0131s\u0131n\u0131n 597 bin 742\u2019ye ula\u015ft\u0131\u011f\u0131n\u0131 ifade etti.<\/p>\n<p>Manast\u0131r\u0131n tarihine dikkati \u00e7eken Erdo\u011fan, \u201cUNESCO\u2019nun ge\u00e7ici miras listesinde yer alan S\u00fcmela Manast\u0131r\u0131\u2019n\u0131 y\u0131l i\u00e7inde yerli ve yabanc\u0131 bir\u00e7ok turist ziyaret etmekte olup, ziyaret\u00e7i say\u0131s\u0131 her ge\u00e7en y\u0131l artmaktad\u0131r.\u201d dedi.<\/p>\n<p><img decoding=\"async\" src=\"https:\/\/i01.sozcucdn.com\/wp-content\/uploads\/2023\/07\/01\/resimid_232884961_23288496.jpg\" alt=\"\" title=\"\"><\/p>\n<p>Erdo\u011fan, Kurban Bayram\u0131 tatilinin turizm sezonuna denk gelmesinin de bir\u00e7ok insan\u0131n tatil plan\u0131na Trabzon\u2019u almalar\u0131n\u0131 sa\u011flad\u0131\u011f\u0131n\u0131 anlatarak, \u201cBayram tatili s\u00fcresince ge\u00e7en y\u0131la oranla ziyaret\u00e7i say\u0131s\u0131n\u0131n artaca\u011f\u0131na inan\u0131yoruz. Manast\u0131r\u0131n restorasyon \u00e7al\u0131\u015fmalar\u0131 tamamlanm\u0131\u015f olup, manast\u0131r i\u00e7erisinde yer alan ana kaya kilisesi d\u0131\u015f y\u00fczeyde yer alan fresklerle ilgili konservasyon ve belgeleme \u00e7al\u0131\u015fmalar\u0131 devam etmektedir.\u201d diye konu\u015ftu.<\/p>\n<p>Manast\u0131r\u0131n yer ald\u0131\u011f\u0131 Alt\u0131ndere Vadisi Milli Park\u0131\u2019n\u0131n da do\u011fa harikas\u0131 bir yer oldu\u011funun alt\u0131n\u0131 \u00e7izen Erdo\u011fan, \u015funlar\u0131 kaydetti:<\/p>\n<p>\u201cZengin floras\u0131 ve faunas\u0131yla Do\u011fu Karadeniz B\u00f6lgesi\u2019nde g\u00f6rebilece\u011finiz en g\u00fczel do\u011fa manzaras\u0131na sahip Milli Park, 4 bin 800 hektarl\u0131k alan\u0131 kapl\u0131yor. S\u00fcmela Manast\u0131r\u0131\u2019nda i\u00e7, d\u0131\u015f, su kemerleri ve yap\u0131lan \u00e7evre ayd\u0131nlatmas\u0131 sonucu \u0131\u015f\u0131l \u0131\u015f\u0131l bir g\u00f6r\u00fcnt\u00fc ortaya \u00e7\u0131kt\u0131. I\u015f\u0131kland\u0131rmas\u0131 sonucu ortaya \u00e7\u0131kan g\u00f6rsel g\u00fczellik de y\u00f6re halk\u0131 ve turistler taraf\u0131ndan son derece be\u011fenildi. I\u015f\u0131kland\u0131rma sonras\u0131nda S\u00fcmela Manast\u0131r\u0131\u2019na ilgide art\u0131\u015f g\u00f6zlemledik.\u201d<\/p>\n<p><img decoding=\"async\" src=\"https:\/\/i01.sozcucdn.com\/wp-content\/uploads\/2023\/07\/01\/resimid_232884981_23288498.jpg\" alt=\"\" title=\"\"><\/p>\n<p>Erdo\u011fan, manast\u0131r\u0131n foto\u011fraf sanat\u00e7\u0131lar\u0131n\u0131n da dikkatini \u00e7ekti\u011fini vurgulayarak, \u015f\u00f6yle devam etti:<\/p>\n<p>\u201cOrtaya \u00e7\u0131kan turist hareketlili\u011finden y\u00f6re halk\u0131 ve esnaf da memnun. S\u00fcmela Manast\u0131r\u0131\u2019n\u0131 turistik anlamda \u00f6n plana \u00e7\u0131karmak i\u00e7in yap\u0131lan t\u00fcm \u00e7al\u0131\u015fmalar ve tan\u0131t\u0131mlar sonras\u0131nda 2023 yaz sezonunda turist say\u0131s\u0131nda y\u00fczde 30\u2019luk art\u0131\u015f bekliyoruz. Amac\u0131m\u0131z UNESCO\u2019nun ge\u00e7ici miras listesinde yer alan k\u00fclt\u00fcr varl\u0131\u011f\u0131m\u0131z\u0131n kal\u0131c\u0131 listeye al\u0131nmas\u0131 ve ziyaret\u00e7i say\u0131s\u0131n\u0131n her ge\u00e7en g\u00fcn artmas\u0131n\u0131 sa\u011flamakt\u0131r.\u201d<\/p>\n<p>Kayseri\u2019den ailesi ile gezmek i\u00e7in Trabzon\u2019a gelen Rukiye Topal, manast\u0131r\u0131 ve bulundu\u011fu b\u00f6lgeyi \u00e7ok be\u011fendi\u011fini s\u00f6yledi.<\/p>\n<p><img decoding=\"async\" src=\"https:\/\/i01.sozcucdn.com\/wp-content\/uploads\/2023\/07\/01\/resimid_232885061_23288506.jpg\" alt=\"\" title=\"\"><\/p>\n<p>Topal, her yerin ayr\u0131 g\u00fczellikte oldu\u011funu dile getirerek, \u201cHer \u015fey \u00e7ok g\u00fczel. Ye\u015fil, her yerde su, dere yataklar\u0131 \u00e7ok g\u00fczel, inan\u0131lmaz. 9 y\u0131l \u00f6nce de gelmi\u015ftik. O zaman da be\u011fendi\u011fimiz i\u00e7in yeniden geldik. O g\u00fcnden bug\u00fcne do\u011fas\u0131 hi\u00e7 de\u011fi\u015fmemi\u015f. En \u00e7ok o mutlu etti ama S\u00fcmela eskiye nazaran \u00e7ok farkl\u0131. Restorasyonlarla daha da geli\u015ftirilmi\u015f, \u00e7ok mutlu oldum.\u201d de\u011ferlendirmesinde bulundu.<\/p>\n<p>Bursa\u2019dan ailesi ile Do\u011fu Karadeniz turuna \u00e7\u0131kan H\u00fcseyin \u00c7i\u00e7ek, S\u00fcmela Manast\u0131r\u0131\u2019na ilk defa geldiklerini belirterek, \u201cAnadolu zengin bir k\u00fclt\u00fcr ge\u00e7mi\u015fine sahip ve \u00e7ok \u015f\u00fck\u00fcr de b\u00fcy\u00fck T\u00fcrkiye Cumhuriyeti Devleti g\u00fcn\u00fcm\u00fczde bu k\u00fclt\u00fcrel mirasa hakk\u0131 ile sahip \u00e7\u0131k\u0131yor. Bu hem devletimizin hem de milletimizin ho\u015fg\u00f6r\u00fcs\u00fcn\u00fcn ve tarihe olan sayg\u0131s\u0131n\u0131n bir g\u00f6stergesidir.\u201d dedi.<\/p>\n<p>Gaziantep\u2019ten aile ziyareti i\u00e7in Trabzon\u2019a gelen Cihan Durukhan, \u201cGelmi\u015fken de buran\u0131n tarihi g\u00fczelliklerini g\u00f6rmek istedik. Gayet g\u00fczel ve keyifli oldu.\u201d ifadelerini kulland\u0131.<\/p>\n<p>G\u00fcrcistan\u2019dan turla b\u00f6lgeye gelen Nino Tavartgiladze, S\u00fcmela Manast\u0131r\u0131\u2019n\u0131 ilk defa ziyaret etti\u011fini belirterek, \u201cBuray\u0131 \u00e7ok sevdik, \u00e7ok g\u00fczel. Herkese de tavsiye ediyoruz.\u201d diye konu\u015ftu.<br \/>(AA)<\/p>\n","protected":false},"excerpt":{"rendered":"<p>T\u00fcrkiye&#8217;nin \u00f6nemli inan\u00e7 turizmi rotalar\u0131ndan S\u00fcmela Manast\u0131r\u0131&#8217;nda yaz sezonu yo\u011fun ge\u00e7iriyor.<\/p>\n","protected":false},"author":1,"featured_media":107548,"comment_status":"closed","ping_status":"open","sticky":false,"template":"","format":"standard","meta":{"footnotes":""},"categories":[27],"tags":[241,436,2144,2839,13035],"class_list":["post-107547","post","type-post","status-publish","format-standard","has-post-thumbnail","hentry","category-kultur-sanat","tag-guzel","tag-kaya","tag-kultur","tag-manastir","tag-sumela"],"_links":{"self":[{"href":"https:\/\/haberulus.net\/index.php?rest_route=\/wp\/v2\/posts\/107547","targetHints":{"allow":["GET"]}}],"collection":[{"href":"https:\/\/haberulus.net\/index.php?rest_route=\/wp\/v2\/posts"}],"about":[{"href":"https:\/\/haberulus.net\/index.php?rest_route=\/wp\/v2\/types\/post"}],"author":[{"embeddable":true,"href":"https:\/\/haberulus.net\/index.php?rest_route=\/wp\/v2\/users\/1"}],"replies":[{"embeddable":true,"href":"https:\/\/haberulus.net\/index.php?rest_route=%2Fwp%2Fv2%2Fcomments&post=107547"}],"version-history":[{"count":1,"href":"https:\/\/haberulus.net\/index.php?rest_route=\/wp\/v2\/posts\/107547\/revisions"}],"predecessor-version":[{"id":107549,"href":"https:\/\/haberulus.net\/index.php?rest_route=\/wp\/v2\/posts\/107547\/revisions\/107549"}],"wp:featuredmedia":[{"embeddable":true,"href":"https:\/\/haberulus.net\/index.php?rest_route=\/wp\/v2\/media\/107548"}],"wp:attachment":[{"href":"https:\/\/haberulus.net\/index.php?rest_route=%2Fwp%2Fv2%2Fmedia&parent=107547"}],"wp:term":[{"taxonomy":"category","embeddable":true,"href":"https:\/\/haberulus.net\/index.php?rest_route=%2Fwp%2Fv2%2Fcategories&post=107547"},{"taxonomy":"post_tag","embeddable":true,"href":"https:\/\/haberulus.net\/index.php?rest_route=%2Fwp%2Fv2%2Ftags&post=107547"}],"curies":[{"name":"wp","href":"https:\/\/api.w.org\/{rel}","templated":true}]}}