{"id":107628,"date":"2023-07-01T14:05:04","date_gmt":"2023-07-01T14:05:04","guid":{"rendered":"https:\/\/haberulus.net\/?p=107628"},"modified":"2023-07-01T14:05:04","modified_gmt":"2023-07-01T14:05:04","slug":"dunyanin-en-eski-gazetesi-kagida-veda-etti","status":"publish","type":"post","link":"https:\/\/haberulus.net\/?p=107628","title":{"rendered":"D\u00fcnyan\u0131n en eski gazetesi ka\u011f\u0131da veda etti"},"content":{"rendered":"<p>D\u00fcnyan\u0131n en eski gazetesi olan Wiener Zeitung, 320 y\u0131l\u0131n ard\u0131ndan son g\u00fcnl\u00fck bask\u0131s\u0131n\u0131 yapt\u0131.<\/p>\n<p>Viyana merkezli Wiener Zeitung, son zamanlarda y\u00fcr\u00fcrl\u00fc\u011fe giren bir yasa de\u011fi\u015fikli\u011fi nedeniyle bas\u0131l\u0131 gazetenin k\u00e2rl\u0131l\u0131\u011f\u0131n\u0131 yitirmesi nedeniyle bu ad\u0131m\u0131 att\u0131\u011f\u0131n\u0131 duyurdu. Avusturya\u2019n\u0131n yeni sa\u011fc\u0131 koalisyon h\u00fck\u00fcmeti, nisan ay\u0131nda \u015firketlerin resmi ilanlar\u0131 bas\u0131l\u0131 gazetede yay\u0131nlama zorunlulu\u011funu kald\u0131rm\u0131\u015f, b\u00f6ylece Wiener Zeitung\u2019un resmi gazete rol\u00fc sona ermi\u015fti.<\/p>\n<p>Yay\u0131nc\u0131 \u015firketin gelirinin yakla\u015f\u0131k 18 milyon euro d\u00fc\u015fmesine yol a\u00e7an yasa sonras\u0131nda \u00e7ok say\u0131da ki\u015fi i\u015ften \u00e7\u0131kar\u0131lm\u0131\u015ft\u0131.<\/p>\n<p>Wiener Zeitung, \u00e7evrimi\u00e7i olarak yay\u0131nlar\u0131na devam edecek ve bas\u0131l\u0131 yay\u0131n\u0131n\u0131 ayl\u0131k olarak s\u00fcrd\u00fcrmek istiyor.<\/p>\n<p>Avusturya h\u00fck\u00fcmetine ait olan ancak editoryal olarak ba\u011f\u0131ms\u0131z gazete, 1703 y\u0131l\u0131nda yay\u0131n hayat\u0131na ba\u015flad\u0131 ve 12 cumhurba\u015fkan\u0131, 10 h\u00fck\u00fcmdar ve 2 cumhuriyet d\u00f6nemini g\u00f6rd\u00fc. Gazete, cuma g\u00fcn\u00fc yay\u0131nlanan son g\u00fcnl\u00fck bas\u0131l\u0131 bask\u0131s\u0131nda \u201cKaliteli gazetecilik i\u00e7in f\u0131rt\u0131nal\u0131 zamanlar ya\u015fan\u0131yor\u2026 Ciddi i\u00e7erikler, dikkat \u00e7ekmek i\u00e7in daha fazla platformda sahte haberler, kedi videolar\u0131 ve komplo teorileriyle yar\u0131\u015f\u0131yor\u201d ifadeleriyle okuyucusuna veda etti.<\/p>\n","protected":false},"excerpt":{"rendered":"<p>D\u00fcnyan\u0131n en eski gazetesi olan Viyana merkezli Wiener Zeitung, 320 y\u0131l\u0131n ard\u0131ndan g\u00fcnl\u00fck bas\u0131l\u0131 yay\u0131nlar\u0131na son verdi.<\/p>\n","protected":false},"author":1,"featured_media":107629,"comment_status":"closed","ping_status":"open","sticky":false,"template":"","format":"standard","meta":{"footnotes":""},"categories":[24],"tags":[1855,3944],"class_list":["post-107628","post","type-post","status-publish","format-standard","has-post-thumbnail","hentry","category-dunya","tag-gazete","tag-yayin"],"_links":{"self":[{"href":"https:\/\/haberulus.net\/index.php?rest_route=\/wp\/v2\/posts\/107628","targetHints":{"allow":["GET"]}}],"collection":[{"href":"https:\/\/haberulus.net\/index.php?rest_route=\/wp\/v2\/posts"}],"about":[{"href":"https:\/\/haberulus.net\/index.php?rest_route=\/wp\/v2\/types\/post"}],"author":[{"embeddable":true,"href":"https:\/\/haberulus.net\/index.php?rest_route=\/wp\/v2\/users\/1"}],"replies":[{"embeddable":true,"href":"https:\/\/haberulus.net\/index.php?rest_route=%2Fwp%2Fv2%2Fcomments&post=107628"}],"version-history":[{"count":1,"href":"https:\/\/haberulus.net\/index.php?rest_route=\/wp\/v2\/posts\/107628\/revisions"}],"predecessor-version":[{"id":107630,"href":"https:\/\/haberulus.net\/index.php?rest_route=\/wp\/v2\/posts\/107628\/revisions\/107630"}],"wp:featuredmedia":[{"embeddable":true,"href":"https:\/\/haberulus.net\/index.php?rest_route=\/wp\/v2\/media\/107629"}],"wp:attachment":[{"href":"https:\/\/haberulus.net\/index.php?rest_route=%2Fwp%2Fv2%2Fmedia&parent=107628"}],"wp:term":[{"taxonomy":"category","embeddable":true,"href":"https:\/\/haberulus.net\/index.php?rest_route=%2Fwp%2Fv2%2Fcategories&post=107628"},{"taxonomy":"post_tag","embeddable":true,"href":"https:\/\/haberulus.net\/index.php?rest_route=%2Fwp%2Fv2%2Ftags&post=107628"}],"curies":[{"name":"wp","href":"https:\/\/api.w.org\/{rel}","templated":true}]}}