{"id":107718,"date":"2023-07-01T17:51:03","date_gmt":"2023-07-01T17:51:03","guid":{"rendered":"https:\/\/haberulus.net\/?p=107718"},"modified":"2023-07-01T17:51:03","modified_gmt":"2023-07-01T17:51:03","slug":"fransayi-ayaga-kaldiran-olayda-ses-kaydi-ortaya-cikti","status":"publish","type":"post","link":"https:\/\/haberulus.net\/?p=107718","title":{"rendered":"Fransa\u2019y\u0131 aya\u011fa kald\u0131ran olayda ses kayd\u0131 ortaya \u00e7\u0131kt\u0131"},"content":{"rendered":"<p>Nanterre kentinde, Nael M. isimli gen\u00e7 s\u00fcr\u00fcc\u00fcn\u00fcn polis ate\u015fiyle \u00f6ld\u00fcr\u00fclmesinin ard\u0131ndan, ara\u00e7taki bir yolcunun olay an\u0131n\u0131 anlatt\u0131\u011f\u0131 ses kayd\u0131n\u0131n oldu\u011fu video, farkl\u0131 sosyal medya platformlar\u0131nda \u00e7\u0131kt\u0131.<\/p>\n<p>Frans\u0131z BFMTV kanal\u0131, s\u00f6z konusu videonun do\u011frulu\u011funun teyit edildi\u011fini belirterek, ismi belirtilmeyen yolcunun ses kayd\u0131n\u0131n da yer ald\u0131\u011f\u0131 g\u00f6r\u00fcnt\u00fcl\u00fc haberi sundu.<\/p>\n<p><strong>\u201cGER\u00c7E\u011e\u0130 ORTAYA \u00c7IKARMAK \u0130\u00c7\u0130N\u2026\u201d<\/strong><\/p>\n<p>Ses kayd\u0131nda s\u00f6z konusu yolcu, \u201cBu videoyu ger\u00e7e\u011fi ortaya \u00e7\u0131karmak i\u00e7in yapmak istedim, \u00e7\u00fcnk\u00fc sosyal medya a\u011flar\u0131nda arkada\u015f\u0131m Nael\u2019in \u00f6l\u00fcm\u00fc hakk\u0131nda \u00e7ok fazla yanl\u0131\u015f \u015fey d\u00f6n\u00fcyor. Size olay\u0131 A\u2019dan Z\u2019ye anlataca\u011f\u0131m.\u201d diye konu\u015ftu.<\/p>\n<p>Yolcu, 27 Haziran\u2019da sabah yerel saat ile 08.00 sular\u0131nda, 2 arkada\u015f\u0131yla bulu\u015farak \u00f6d\u00fcn\u00e7 ald\u0131klar\u0131 ara\u00e7la Nanterre\u2019de gezmeye \u00e7\u0131kt\u0131lar\u0131n\u0131 belirtti.<\/p>\n<p>Alkol veya uyu\u015fturucu kullanmad\u0131klar\u0131n\u0131 s\u00f6yleyen yolcu, ara\u00e7la otob\u00fcs yolunda ilerledikleri s\u0131rada motorlar\u0131 \u00fczerindeki 2 polisin kendilerini takip etti\u011fini fark etti\u011fini kaydetti.<\/p>\n<p>Yolcu, memurlar\u0131n sireni \u00e7al\u0131\u015ft\u0131rd\u0131\u011f\u0131n\u0131 ve ard\u0131ndan Nael\u2019in arac\u0131 durdu\u011funu anlatt\u0131.<\/p>\n<p><strong>\u201cMOTORU DURDUR YOKSA SEN\u0130 VURURUM\u201d<\/strong><\/p>\n<p>Polislerden birinin Nael\u2019e arac\u0131n cam\u0131n\u0131 a\u00e7mas\u0131n\u0131 s\u00f6yledi\u011fini, arkada\u015f\u0131n\u0131n da bu komuta uydu\u011funu anlatan yolcu, polis memurunun Nael\u2019e, \u201cMotoru durdur, yoksa seni vururum.\u201d dedi\u011fini belirtti.<\/p>\n<p>Yolcu, polislerin Nael\u2019e silahlar\u0131n\u0131n kabzas\u0131yla vurdu\u011funu s\u00f6yledi.<\/p>\n<p><strong>\u201cKIPIRDAMA YOKSA KAFANA B\u0130R KUR\u015eUN SIKARIM\u201d<\/strong><\/p>\n<p>Polislerden birinin, Nael\u2019in \u015faka\u011f\u0131na silah do\u011frultarak, \u201cK\u0131p\u0131rdama yoksa kafana bir kur\u015fun s\u0131kar\u0131m.\u201d dedi\u011fini anlatan yolcu, di\u011fer polisin ise meslekta\u015f\u0131na \u201cvur onu\u201d diye konu\u015ftu\u011funu belirtti.<\/p>\n<p>Yolcu, polisten ald\u0131\u011f\u0131 \u00fc\u00e7\u00fcnc\u00fc silah kabzas\u0131 darbesiyle Nael\u2019in aya\u011f\u0131n\u0131n fren pedal\u0131ndan \u00e7ekildi\u011fini ve arac\u0131n hareket etti\u011fini anlatt\u0131.<\/p>\n<p>Araban\u0131n \u00f6n cam\u0131 hizas\u0131ndaki polisin ate\u015f a\u00e7mas\u0131yla vurulan arkada\u015f\u0131n\u0131n aya\u011f\u0131n\u0131n gaza de\u011fmesiyle arac\u0131n ilerledi\u011fini ifade eden yolcu, \u201c(Nael\u2019in) Can \u00e7eki\u015fti\u011fini g\u00f6rd\u00fcm, titredi. Sonra bariyere \u00e7arpt\u0131k. Ben de korktu\u011fum i\u00e7in ara\u00e7tan inip, ka\u00e7t\u0131m.\u201d ifadelerini kulland\u0131.<\/p>\n<p>Olay\u0131n g\u00f6rg\u00fc tan\u0131\u011f\u0131 yolcu, polislerin kendisini de vurabilece\u011fini d\u00fc\u015f\u00fcnd\u00fc\u011f\u00fcn\u00fc, bu nedenle ko\u015ftu\u011funu belirtti.<\/p>\n<p><strong>\u201c\u015eOKE OLDUM\u201d<\/strong><\/p>\n<p>Yolcu, \u201cPolislerin g\u00f6zlerimin \u00f6n\u00fcnde arkada\u015f\u0131ma yapt\u0131klar\u0131 kar\u015f\u0131s\u0131nda \u015foke oldum.\u201d diye konu\u015ftu.<\/p>\n<p>Haberde, olay g\u00fcn\u00fc \u00e7ekilen amat\u00f6r kamera kay\u0131tlar\u0131, olay\u0131n ard\u0131ndan bas\u0131n\u0131n kaza noktas\u0131nda \u00e7ekti\u011fi g\u00f6r\u00fcnt\u00fcler, olay g\u00fcn\u00fc gen\u00e7 s\u00fcr\u00fcc\u00fcn\u00fcn takip etti\u011fi g\u00fczergah\u0131 g\u00f6steren harita yer ald\u0131.<\/p>\n<p>Frans\u0131z bas\u0131n\u0131, s\u00f6z konusu g\u00f6rg\u00fc tan\u0131\u011f\u0131n\u0131n 3 Temmuz\u2019da polise ifade verece\u011fini aktard\u0131.<\/p>\n<p><strong>45 B\u0130N POL\u0130S VE JANDARMA G\u00d6REV ALACAK<\/strong><\/p>\n<p>\u00d6te yandan Fransa \u0130\u00e7i\u015fleri Bakan\u0131 Gerald Darmanin, \u00fclkede polisin bir genci \u00f6ld\u00fcrmesi nedeniyle devam eden olaylarda bu ak\u015fam da 45 bin polis ve jandarman\u0131n g\u00f6rev alaca\u011f\u0131n\u0131 belirtti.<\/p>\n<p><strong>OLAY<\/strong><\/p>\n<p>Polis, 27 Haziran\u2019da Nanterre\u2019de, i\u00e7inde 3 ki\u015fi bulunan ve s\u00fcr\u00fcc\u00fcs\u00fc \u201cdur\u201d ihtar\u0131na uymayan bir araca ate\u015f a\u00e7m\u0131\u015f, 17 ya\u015f\u0131ndaki s\u00fcr\u00fcc\u00fcy\u00fc \u00f6ld\u00fcrm\u00fc\u015ft\u00fc.<\/p>\n<p>Nael\u2019in \u00f6l\u00fcm\u00fcne tepki g\u00f6sterenler, \u00fclke genelinde farkl\u0131 kentlerde soka\u011fa \u00e7\u0131karak polisle \u00e7at\u0131\u015fm\u0131\u015ft\u0131. (AA)<\/p>\n","protected":false},"excerpt":{"rendered":"<p>Frans\u0131z bas\u0131n\u0131, polisin 27 Haziran&#8217;da 17 ya\u015f\u0131ndaki Nael M&#8217;yi silahla \u00f6ld\u00fcrd\u00fc\u011f\u00fc olaya ili\u015fkin bir ses kayd\u0131 yay\u0131mlad\u0131. Kay\u0131tta dikkat \u00e7eken detaylar yer ald\u0131.<\/p>\n","protected":false},"author":1,"featured_media":107719,"comment_status":"closed","ping_status":"open","sticky":false,"template":"","format":"standard","meta":{"footnotes":""},"categories":[24],"tags":[13049,105,103,878],"class_list":["post-107718","post","type-post","status-publish","format-standard","has-post-thumbnail","hentry","category-dunya","tag-nael","tag-olay","tag-polis","tag-yolcu"],"_links":{"self":[{"href":"https:\/\/haberulus.net\/index.php?rest_route=\/wp\/v2\/posts\/107718","targetHints":{"allow":["GET"]}}],"collection":[{"href":"https:\/\/haberulus.net\/index.php?rest_route=\/wp\/v2\/posts"}],"about":[{"href":"https:\/\/haberulus.net\/index.php?rest_route=\/wp\/v2\/types\/post"}],"author":[{"embeddable":true,"href":"https:\/\/haberulus.net\/index.php?rest_route=\/wp\/v2\/users\/1"}],"replies":[{"embeddable":true,"href":"https:\/\/haberulus.net\/index.php?rest_route=%2Fwp%2Fv2%2Fcomments&post=107718"}],"version-history":[{"count":1,"href":"https:\/\/haberulus.net\/index.php?rest_route=\/wp\/v2\/posts\/107718\/revisions"}],"predecessor-version":[{"id":107720,"href":"https:\/\/haberulus.net\/index.php?rest_route=\/wp\/v2\/posts\/107718\/revisions\/107720"}],"wp:featuredmedia":[{"embeddable":true,"href":"https:\/\/haberulus.net\/index.php?rest_route=\/wp\/v2\/media\/107719"}],"wp:attachment":[{"href":"https:\/\/haberulus.net\/index.php?rest_route=%2Fwp%2Fv2%2Fmedia&parent=107718"}],"wp:term":[{"taxonomy":"category","embeddable":true,"href":"https:\/\/haberulus.net\/index.php?rest_route=%2Fwp%2Fv2%2Fcategories&post=107718"},{"taxonomy":"post_tag","embeddable":true,"href":"https:\/\/haberulus.net\/index.php?rest_route=%2Fwp%2Fv2%2Ftags&post=107718"}],"curies":[{"name":"wp","href":"https:\/\/api.w.org\/{rel}","templated":true}]}}