{"id":107742,"date":"2023-07-01T19:05:03","date_gmt":"2023-07-01T19:05:03","guid":{"rendered":"https:\/\/haberulus.net\/?p=107742"},"modified":"2023-07-01T19:05:03","modified_gmt":"2023-07-01T19:05:03","slug":"fransada-olaylara-katilan-cocuklarin-ebeveynlerini-2-yil-hapis-cezasi-bekliyor","status":"publish","type":"post","link":"https:\/\/haberulus.net\/?p=107742","title":{"rendered":"Fransa&#8217;da olaylara kat\u0131lan \u00e7ocuklar\u0131n ebeveynlerini 2 y\u0131l hapis cezas\u0131 bekliyor"},"content":{"rendered":"<p> <strong>Fransa<\/strong> Adalet Bakan\u0131 Eric Dupond-Moretti, \u00fclkede polisin bir genci \u00f6ld\u00fcrmesi nedeniyle devam eden protestolarda 17 ya\u015f\u0131n alt\u0131nda olaylara kar\u0131\u015fan \u00e7ocuklardan ebeveynlerinin sorumlu tutulabilece\u011fini ve 2 y\u0131l hapis ila 30 bin avroya kadar varan para cezas\u0131 ile kar\u015f\u0131 kar\u015f\u0131ya kal\u0131nabilece\u011fini belirtti.<\/p>\n<p> <strong>Fransa<\/strong>&#8216;da 27 Haziran&#8217;da 17 ya\u015f\u0131ndaki Nael M. isimli gen\u00e7 s\u00fcr\u00fcc\u00fc, polisin ate\u015f etmesiyle hayat\u0131n\u0131 kaybetti. Bu nedenle ba\u015flayan protestolar \u00e7at\u0131\u015fmalar ya\u015fand\u0131. Karakollar\u0131n, kamu binalar\u0131n\u0131n, ara\u00e7lar\u0131n kundakland\u0131\u011f\u0131 \u00fclkede 10 kentte geceleri soka\u011fa \u00e7\u0131kma yasa\u011f\u0131 getirildi, \u00fclke genelinde otob\u00fcs ve tramvay seferleri iptal edildi, protestolar\u0131 bast\u0131rmak i\u00e7in devreye z\u0131rhl\u0131 ara\u00e7lar girdi. Protestolarda, 2 bin civar\u0131nda ki\u015fi yak\u0131n ki\u015fi g\u00f6zalt\u0131na al\u0131nd\u0131, 200&#8217;den fazla polis memuru yaraland\u0131.<\/p>\n<p><img decoding=\"async\" src=\"https:\/\/i.hbrcdn.com\/haber\/2023\/07\/01\/fransa-da-olaylara-katilan-cocuklarin-16079275_4048_m.jpg\" alt=\"\" title=\"\"><\/p>\n<p><b>OLAYLARA KARI\u015eAN \u00c7OCUKLARIN A\u0130LELER\u0130NE HAP\u0130S CEZASI<\/b><\/p>\n<p>Dupond-Moretti,  <strong>Fransa<\/strong>&#8216;da \u015fiddet sarmal\u0131na d\u00f6n\u00fc\u015fen ve her an \u00fclkenin bir noktas\u0131nda patlak veren \u015fiddet olaylar\u0131na ili\u015fkin \u00fclke bas\u0131n\u0131na a\u00e7\u0131klamalarda bulundu. Ebeveynlerin ya\u015fanan olaylarda sorumluluklar\u0131n\u0131n bulundu\u011funa i\u015faret eden Dupond-Moretti, &#8220;(17 ya\u015f alt\u0131) \u00c7ocuklar\u0131yla ilgilenmeyen, onlar\u0131, nereye gideceklerini bilerek geceleri d\u0131\u015far\u0131ya b\u0131rakan ebeveynler, 2 y\u0131l hapis ila 30 bin avro para cezas\u0131 ile kar\u015f\u0131 kar\u015f\u0131ya kalacaklar.&#8221; dedi.<\/p>\n<p><img decoding=\"async\" src=\"https:\/\/i.hbrcdn.com\/haber\/2023\/07\/01\/fransa-da-olaylara-katilan-cocuklarin-16079275_8828_m.jpg\" alt=\"\" title=\"\"><\/p>\n<p><b>SOSYAL MEDYADAN ORGAN\u0130ZE OLAN TESP\u0130T ED\u0130LECEK<\/b><\/p>\n<p>Dupond-Moretti, olaylara kar\u0131\u015fanlar\u0131n sosyal medya platformlar\u0131 \u00fczerinden organize olduklar\u0131n\u0131, bu nedenle adli makamlar\u0131n, kullan\u0131c\u0131lar\u0131n IP adreslerini talep edebilece\u011fini ifade etti.Bu \u015fekilde olaylara kar\u0131\u015fanlar\u0131 tespit edebileceklerini s\u00f6yleyen Dupond-Maretti, olaylara kar\u0131\u015fanlar\u0131n Shapchat gibi uygulamalar \u00fczerinden organize olduklar\u0131na ili\u015fkin bilgilerin ellerinde bulundu\u011funu aktard\u0131.<\/p>\n<p><img decoding=\"async\" src=\"https:\/\/i.hbrcdn.com\/haber\/2023\/07\/01\/fransa-da-olaylara-katilan-cocuklarin-16079275_1099_m.jpg\" alt=\"\" title=\"\"><\/p>\n<p><b>HESAPLAR S\u0130L\u0130NEB\u0130LECEK<\/b><\/p>\n<p>Frans\u0131z Adalet Bakan\u0131, &#8220;Yani 13, 14, 15, 16 veya 17 ya\u015f\u0131ndas\u0131n, evdesin ve Snapchat&#8217;e bir \u015feyler g\u00f6nderdin, hesab\u0131n silinecek ve tespit edilip cezaland\u0131r\u0131lacaks\u0131n. Kesinlikle tekrar sakinle\u015fmemiz gerekiyor, bu kadar yeter. Art\u0131k dayanmas\u0131 zor.&#8221; diye konu\u015ftu. Ebeveynleri, \u00e7ocuklar\u0131na sahip \u00e7\u0131kmaya \u00e7a\u011f\u0131ran Dupond-Moretti, &#8220;ebeveynlik vazifesi bulunanlar\u0131n ahlaki olarak d\u00fczeni sa\u011flamaktan sorumlu oldu\u011fu&#8221; yorumunu yapt\u0131.<\/p>\n<p><img decoding=\"async\" src=\"https:\/\/i.hbrcdn.com\/haber\/2023\/07\/01\/fransa-da-olaylara-katilan-cocuklarin-16079275_5255_m.jpg\" alt=\"\" title=\"\"><\/p>\n<p><b>YA\u015e ORTALAMALARI 17<\/b><\/p>\n<p>Gerald Darmanin, Nael M. isimli gencin \u00f6l\u00fcm\u00fcn\u00fcn yaratt\u0131\u011f\u0131 \u00fcz\u00fcnt\u00fcn\u00fcn me\u015fru oldu\u011funa, ancak bu \u00fcz\u00fcnt\u00fcn\u00fcn &#8220;karga\u015fay\u0131&#8221; hakl\u0131 \u00e7\u0131karmad\u0131\u011f\u0131na i\u015faret etti. \u0130\u00e7i\u015fleri Bakan\u0131 Darmanin, \u00fclkede \u00e7\u0131kan olaylarda g\u00f6zalt\u0131na al\u0131nanlar\u0131n ya\u015f ortalamas\u0131n\u0131n 17 oldu\u011funu a\u00e7\u0131klad\u0131.  <strong>Fransa<\/strong>&#8216;da ya\u015fanan olaylara ili\u015fkin Cumhurba\u015fkan\u0131 Macron ise &#8220;Baz\u0131 gen\u00e7lerin sokakta kendilerini zehirleyen video oyunlar\u0131n\u0131 oynad\u0131\u011f\u0131 hissine kap\u0131l\u0131yoruz&#8221; demi\u015fti. <\/p>\n<p><img decoding=\"async\" src=\"https:\/\/i.hbrcdn.com\/haber\/2023\/07\/01\/fransa-da-olaylara-katilan-cocuklarin-16079275_6495_m.jpg\" alt=\"\" title=\"\"><\/p>\n<p><b>2 B\u0130N 122 K\u0130\u015e\u0130 G\u00d6ZALTINA ALINDI<\/b><\/p>\n<p>\u00d6te yandan olaylar\u0131 kontrol alt\u0131na almak i\u00e7in h\u00fck\u00fcmet z\u0131rhl\u0131 ara\u00e7lar\u0131 ve takviye kuvvetleri sahaya s\u00fcrerken, polis olaylar\u0131n ba\u015flad\u0131\u011f\u0131 ilk g\u00fcnden bu yana en az 2 bin 122 protestocuyu g\u00f6zalt\u0131na ald\u0131. Yetkililer, g\u00f6zalt\u0131na al\u0131nanlar\u0131n b\u00fcy\u00fck \u00e7o\u011funlu\u011funun re\u015fit olmayan \u00e7ocuklardan olu\u015ftu\u011funu a\u00e7\u0131klad\u0131. \u00d6te yandan, Paris ve \u00e7evresinde toplu ta\u015f\u0131ma k\u0131smi olarak ask\u0131ya al\u0131n\u0131rken, patlak veren sokak olaylar\u0131 nedeniyle valiliklere \u00fclke genelinde saat 21.00&#8217;den sonra otob\u00fcs ve tramvay seferlerini iptal etme talimat\u0131 verildi.  <strong>Fransa<\/strong>&#8216;da soka\u011fa \u00e7\u0131kma yasa\u011f\u0131n\u0131n uyguland\u0131\u011f\u0131 kent say\u0131s\u0131 ise 10&#8217;u buldu.<\/p>\n<p><img decoding=\"async\" src=\"https:\/\/i.hbrcdn.com\/haber\/2023\/07\/01\/fransa-da-olaylara-katilan-cocuklarin-16079275_570_m.jpg\" alt=\"\" title=\"\"><\/p>\n<p><b>A\u015eIRI SA\u011eCILARDAN H\u00dcK\u00dcMETE OHAL \u00c7A\u011eRISI<\/b><\/p>\n<p> <strong>Fransa<\/strong> D\u0131\u015fi\u015fleri Bakanl\u0131\u011f\u0131, BM&#8217;nin Frans\u0131z kolluk kuvvetlerindeki \u0131rk\u00e7\u0131l\u0131k ve ayr\u0131mc\u0131l\u0131\u011fa ili\u015fkin a\u00e7\u0131klamas\u0131n\u0131 &#8220;as\u0131ls\u0131z su\u00e7lama&#8221; olarak niteledi ancak \u00fclkede a\u015f\u0131r\u0131 sa\u011f siyaset\u00e7iler h\u00fck\u00fcmete OHAL \u00e7a\u011fr\u0131s\u0131 yapt\u0131 ve aksi durumda &#8220;i\u00e7 sava\u015f&#8221; \u00e7\u0131kaca\u011f\u0131n\u0131 savundu. Fransa Cumhurba\u015fkan\u0131 Emmanuel Macron, \u00fclkede \u00e7\u0131kan olaylar\u0131n ard\u0131ndan t\u00fcm ebeveynleri sorumlu olmaya ve \u00e7ocuklar\u0131n\u0131 evde tutmaya \u00e7a\u011f\u0131rd\u0131.<\/p>\n<div>Kaynak: AA \/  Alaattin Do\u011fru &#8211;  Politika <\/div>\n","protected":false},"excerpt":{"rendered":"<p>Fransa&#8217;da 17 ya\u015f\u0131ndaki bir gencin polis kur\u015funuyla \u00f6ld\u00fcr\u00fclmesiyle ba\u015flayan protestolar\u0131n 4. g\u00fcn\u00fcnde de tansiyon d\u00fc\u015fmedi. 2 bin civar\u0131nda ki\u015finin g\u00f6zalt\u0131na al\u0131nd\u0131\u011f\u0131 olaylarda karakollar, kamu binalar\u0131 ve ara\u00e7lar kundakland\u0131. Olaylar\u0131n yat\u0131\u015ft\u0131r\u0131lmas\u0131 i\u00e7in yo\u011fun \u00e7aba harcan\u0131rken Adalet Bakan\u0131 Eric Dupond-Moretti, 17 ya\u015f\u0131n alt\u0131nda olaylara kar\u0131\u015fan \u00e7ocuklardan ebeveynlerinin sorumlu tutulabilece\u011fini ve 2 y\u0131l hapis ila 30 bin avroya kadar varan para cezas\u0131 verilebilece\u011fini s\u00f6yledi.<\/p>\n","protected":false},"author":1,"featured_media":107743,"comment_status":"closed","ping_status":"open","sticky":false,"template":"","format":"standard","meta":{"footnotes":""},"categories":[28],"tags":[943,600,1220,1806,556],"class_list":["post-107742","post","type-post","status-publish","format-standard","has-post-thumbnail","hentry","category-politika","tag-fransa","tag-gozaltina","tag-olaylari","tag-ulkede","tag-yas"],"_links":{"self":[{"href":"https:\/\/haberulus.net\/index.php?rest_route=\/wp\/v2\/posts\/107742","targetHints":{"allow":["GET"]}}],"collection":[{"href":"https:\/\/haberulus.net\/index.php?rest_route=\/wp\/v2\/posts"}],"about":[{"href":"https:\/\/haberulus.net\/index.php?rest_route=\/wp\/v2\/types\/post"}],"author":[{"embeddable":true,"href":"https:\/\/haberulus.net\/index.php?rest_route=\/wp\/v2\/users\/1"}],"replies":[{"embeddable":true,"href":"https:\/\/haberulus.net\/index.php?rest_route=%2Fwp%2Fv2%2Fcomments&post=107742"}],"version-history":[{"count":1,"href":"https:\/\/haberulus.net\/index.php?rest_route=\/wp\/v2\/posts\/107742\/revisions"}],"predecessor-version":[{"id":107744,"href":"https:\/\/haberulus.net\/index.php?rest_route=\/wp\/v2\/posts\/107742\/revisions\/107744"}],"wp:featuredmedia":[{"embeddable":true,"href":"https:\/\/haberulus.net\/index.php?rest_route=\/wp\/v2\/media\/107743"}],"wp:attachment":[{"href":"https:\/\/haberulus.net\/index.php?rest_route=%2Fwp%2Fv2%2Fmedia&parent=107742"}],"wp:term":[{"taxonomy":"category","embeddable":true,"href":"https:\/\/haberulus.net\/index.php?rest_route=%2Fwp%2Fv2%2Fcategories&post=107742"},{"taxonomy":"post_tag","embeddable":true,"href":"https:\/\/haberulus.net\/index.php?rest_route=%2Fwp%2Fv2%2Ftags&post=107742"}],"curies":[{"name":"wp","href":"https:\/\/api.w.org\/{rel}","templated":true}]}}