{"id":107785,"date":"2023-07-02T04:51:03","date_gmt":"2023-07-02T04:51:03","guid":{"rendered":"https:\/\/haberulus.net\/?p=107785"},"modified":"2023-07-02T04:51:03","modified_gmt":"2023-07-02T04:51:03","slug":"fransada-gosteriler-devam-ediyor-kundaklama-basladi","status":"publish","type":"post","link":"https:\/\/haberulus.net\/?p=107785","title":{"rendered":"Fransa\u2019da g\u00f6steriler devam ediyor: Kundaklama ba\u015flad\u0131"},"content":{"rendered":"<p>Sosyal medyaya yans\u0131yan g\u00f6r\u00fcnt\u00fclerde, g\u00f6stericilerin Paris\u2019te bir\u00e7ok noktada yang\u0131n ba\u015flatt\u0131\u011f\u0131 yer al\u0131yor.<\/p>\n<p>Barbes semtinde protestocular bir yandan polislere havai fi\u015feklerle sald\u0131r\u0131rken di\u011fer yandan kurduklar\u0131 barikatlar\u0131 ate\u015fe verdi.<\/p>\n<p>Paris\u2019in turistik caddesi \u015eanzelize, yeniden kalabal\u0131\u011fa yerini b\u0131rak\u0131rken alanda yo\u011fun polis say\u0131s\u0131 dikkati \u00e7ekti.<\/p>\n<p>\u0130\u00e7i\u015fleri Bakan\u0131 Gerald Darmanin, Paris\u2019te ak\u015fam ba\u015flayan g\u00f6sterilerde g\u00f6zalt\u0131na al\u0131nanlar\u0131n say\u0131s\u0131n\u0131n 80\u2019e y\u00fckseldi\u011fini a\u00e7\u0131klad\u0131.<\/p>\n<p>Darmanin, olaylar\u0131n yo\u011funla\u015ft\u0131\u011f\u0131 Marsilya\u2019da da 55 ki\u015finin polislerce al\u0131konuldu\u011funu kaydetti.<br \/>Strazburg kentinde de protestolar yeniden alevlenirken g\u00f6stericiler polislere yo\u011fun \u015fekilde havai fi\u015feklerle sald\u0131rd\u0131.<\/p>\n<p>\u00d6zel kuvvetlerden olu\u015fan ekipler, olaylar\u0131 bast\u0131rmak i\u00e7in z\u0131rhl\u0131 ara\u00e7larla m\u00fcdahaleye ba\u015flad\u0131.<br \/>Rennes kentinde de protestolar artarken toplanan y\u00fcz\u00fc maskeli grup polislere havai fi\u015fek f\u0131rlatt\u0131.<\/p>\n<p><strong>BELED\u0130YE BA\u015eKANI DESTEK \u0130STED\u0130<\/strong><\/p>\n<p>Nice Belediye Ba\u015fkan\u0131 Christian Estrosi, \u015fehir merkezindeki bir ma\u011fazan\u0131n \u201cgen\u00e7lerden olu\u015fan bir \u00e7ete\u201d taraf\u0131ndan ya\u011fmaland\u0131\u011f\u0131n\u0131 aktard\u0131.<\/p>\n<p>Kentte gerginli\u011fin artt\u0131\u011f\u0131n\u0131 belirten Estrosi, ya\u011fmaya kat\u0131lanlar\u0131n kameralar sayesinde polislerce g\u00f6zalt\u0131na al\u0131nd\u0131\u011f\u0131n\u0131 aktard\u0131.<\/p>\n<p>Di\u011fer yandan Frans\u0131z televizyon kanal\u0131 BFMTV, bir\u00e7ok kentte olaylar\u0131n kontrol d\u0131\u015f\u0131na \u00e7\u0131kmas\u0131 \u00fczerine belediye ba\u015fkanlar\u0131n\u0131n h\u00fck\u00fcmetten d\u00fczenin sa\u011flanmas\u0131 i\u00e7in daha etkili yard\u0131m talebinde bulundu\u011funu aktard\u0131.<\/p>\n<p>\u00dclkenin bir\u00e7ok yerinde s\u00fcren olaylarda \u015fu ana kadar 2000\u2019e yak\u0131n ki\u015fi g\u00f6zalt\u0131na al\u0131nd\u0131, 200\u2019den fazla polis yaraland\u0131.<\/p>\n<p><strong>27 HAZ\u0130RAN\u2019DAN BER\u0130 DEVAM ED\u0130YOR<\/strong><\/p>\n<p>Frans\u0131z polisi 27 Haziran\u2019da Nanterre\u2019de, i\u00e7inde 3 ki\u015fi bulunan bir araca ate\u015f a\u00e7m\u0131\u015f, 17 ya\u015f\u0131ndaki Nael M. adl\u0131 s\u00fcr\u00fcc\u00fcy\u00fc \u00f6ld\u00fcrm\u00fc\u015ft\u00fc.<\/p>\n<p>Nael\u2019in \u00f6l\u00fcm\u00fcne tepki g\u00f6sterenler, \u00fclke genelinde farkl\u0131 kentlerde soka\u011fa \u00e7\u0131karak polisle \u00e7at\u0131\u015fm\u0131\u015ft\u0131.<\/p>\n<p>Genci \u00f6ld\u00fcren polis a\u00e7\u0131\u011fa al\u0131nm\u0131\u015f ve tutuklu olarak yarg\u0131lanmas\u0131na karar verilmi\u015fti.<br \/>Ayr\u0131ca Paris, Marsilya, Lyon dahil bir\u00e7ok kentte d\u00fczenlenen protestolarda talan ve ya\u011fma olaylar\u0131 ya\u015fanm\u0131\u015ft\u0131. <strong>(AA)<\/strong><\/p>\n","protected":false},"excerpt":{"rendered":"<p>Fransa&#8217;da bir gencin polis kur\u015funuyla \u00f6lmesiyle ba\u015flayan olayl\u0131 protestolar\u0131n 5. gecesinde ba\u015fkent Paris&#8217;teki g\u00f6steriler kundaklama olaylar\u0131na sahne oldu.<\/p>\n","protected":false},"author":1,"featured_media":107786,"comment_status":"closed","ping_status":"open","sticky":false,"template":"","format":"standard","meta":{"footnotes":""},"categories":[24],"tags":[103],"class_list":["post-107785","post","type-post","status-publish","format-standard","has-post-thumbnail","hentry","category-dunya","tag-polis"],"_links":{"self":[{"href":"https:\/\/haberulus.net\/index.php?rest_route=\/wp\/v2\/posts\/107785","targetHints":{"allow":["GET"]}}],"collection":[{"href":"https:\/\/haberulus.net\/index.php?rest_route=\/wp\/v2\/posts"}],"about":[{"href":"https:\/\/haberulus.net\/index.php?rest_route=\/wp\/v2\/types\/post"}],"author":[{"embeddable":true,"href":"https:\/\/haberulus.net\/index.php?rest_route=\/wp\/v2\/users\/1"}],"replies":[{"embeddable":true,"href":"https:\/\/haberulus.net\/index.php?rest_route=%2Fwp%2Fv2%2Fcomments&post=107785"}],"version-history":[{"count":1,"href":"https:\/\/haberulus.net\/index.php?rest_route=\/wp\/v2\/posts\/107785\/revisions"}],"predecessor-version":[{"id":107787,"href":"https:\/\/haberulus.net\/index.php?rest_route=\/wp\/v2\/posts\/107785\/revisions\/107787"}],"wp:featuredmedia":[{"embeddable":true,"href":"https:\/\/haberulus.net\/index.php?rest_route=\/wp\/v2\/media\/107786"}],"wp:attachment":[{"href":"https:\/\/haberulus.net\/index.php?rest_route=%2Fwp%2Fv2%2Fmedia&parent=107785"}],"wp:term":[{"taxonomy":"category","embeddable":true,"href":"https:\/\/haberulus.net\/index.php?rest_route=%2Fwp%2Fv2%2Fcategories&post=107785"},{"taxonomy":"post_tag","embeddable":true,"href":"https:\/\/haberulus.net\/index.php?rest_route=%2Fwp%2Fv2%2Ftags&post=107785"}],"curies":[{"name":"wp","href":"https:\/\/api.w.org\/{rel}","templated":true}]}}