{"id":107794,"date":"2023-07-02T06:19:05","date_gmt":"2023-07-02T06:19:05","guid":{"rendered":"https:\/\/haberulus.net\/?p=107794"},"modified":"2023-07-02T06:19:05","modified_gmt":"2023-07-02T06:19:05","slug":"fransada-olaylar-siddetleniyor-belediye-baskanina-kundaklanmis-aracla-saldirdilar","status":"publish","type":"post","link":"https:\/\/haberulus.net\/?p=107794","title":{"rendered":"Fransa\u2019da olaylar \u015fiddetleniyor: Belediye ba\u015fkan\u0131na kundaklanm\u0131\u015f ara\u00e7la sald\u0131rd\u0131lar"},"content":{"rendered":"<p>Belediye Ba\u015fkan\u0131 Jeanbrun, Twitter\u2019dan yapt\u0131\u011f\u0131 a\u00e7\u0131klamada, evine alev alan bir ara\u00e7la girildi\u011fini belirterek, \u201cE\u015fim ve \u00e7ocuklar\u0131m \u015fokta ve yaraland\u0131lar. Katiller\u201d ifadesini kulland\u0131.<\/p>\n<p>\u00d6te yandan ba\u015fkent Paris\u2019in yan\u0131 s\u0131ra Marsilya kentinde protestolar \u015fiddetle devam ediyor.<\/p>\n<p>S\u0131k s\u0131k ya\u011fma olaylar\u0131 ya\u015fanan \u00fclkede polisin sert m\u00fcdahalede bulundu\u011fu baz\u0131 g\u00f6stericiler a\u011f\u0131r \u015fekilde yaraland\u0131.<\/p>\n<p>Sosyal medyada yer alan g\u00f6r\u00fcnt\u00fclerde polislerin darbesine maruz kalan bir ki\u015finin \u015fuurunu kaybederek yere d\u00fc\u015ft\u00fc\u011f\u00fc g\u00f6r\u00fcl\u00fcyor.<\/p>\n<p>Ayr\u0131ca Paris\u2019te kundaklamayla \u00e7\u0131kan b\u00fcy\u00fck bir yang\u0131na ili\u015fkin g\u00f6r\u00fcnt\u00fcler de yans\u0131d\u0131.<br \/>\u0130\u00e7i\u015fleri Bakan\u0131 Gerald Darmanin, Twitter payla\u015f\u0131m\u0131nda, ak\u015famdan bu yana ba\u015flayan protestolarda \u00fclke genelinde 427 ki\u015finin g\u00f6zalt\u0131na al\u0131nd\u0131\u011f\u0131n\u0131 a\u00e7\u0131klad\u0131.<\/p>\n<p><strong>OLAYLAR G\u00dcNLERD\u0130R DEVAM ED\u0130YOR<\/strong><\/p>\n<p>Frans\u0131z polisi 27 Haziran\u2019da Nanterre\u2019de, i\u00e7inde 3 ki\u015fi bulunan bir araca ate\u015f a\u00e7m\u0131\u015f, 17 ya\u015f\u0131ndaki Nael M. adl\u0131 s\u00fcr\u00fcc\u00fcy\u00fc \u00f6ld\u00fcrm\u00fc\u015ft\u00fc.<\/p>\n<p>Nael\u2019in \u00f6l\u00fcm\u00fcne tepki g\u00f6sterenler, \u00fclke genelinde farkl\u0131 kentlerde soka\u011fa \u00e7\u0131karak polisle \u00e7at\u0131\u015fm\u0131\u015ft\u0131.<\/p>\n<p>Genci \u00f6ld\u00fcren polis a\u00e7\u0131\u011fa al\u0131nm\u0131\u015f ve tutuklu olarak yarg\u0131lanmas\u0131na karar verilmi\u015fti.<\/p>\n<p>Ayr\u0131ca Paris, Marsilya, Lyon dahil bir\u00e7ok kentte d\u00fczenlenen protestolarda talan ve ya\u011fmalama olaylar\u0131 ya\u015fanm\u0131\u015f, 10 kadar kentte saat 21.00\u2019den itibaren soka\u011fa \u00e7\u0131kma yasa\u011f\u0131 ilan edilmi\u015fti. <strong>(AA)<\/strong><\/p>\n","protected":false},"excerpt":{"rendered":"<p>Fransa&#8217;da bir gencin polis kur\u015funuyla \u00f6lmesiyle ba\u015flayan olaylar yo\u011funla\u015f\u0131rken L&#8217;Hay-les-Rose Belediye Ba\u015fkan\u0131 Vincent Jeanbrun&#8217;\u0131n evi yanan bir ara\u00e7la hedef al\u0131nd\u0131.<\/p>\n","protected":false},"author":1,"featured_media":107795,"comment_status":"closed","ping_status":"open","sticky":false,"template":"","format":"standard","meta":{"footnotes":""},"categories":[24],"tags":[103],"class_list":["post-107794","post","type-post","status-publish","format-standard","has-post-thumbnail","hentry","category-dunya","tag-polis"],"_links":{"self":[{"href":"https:\/\/haberulus.net\/index.php?rest_route=\/wp\/v2\/posts\/107794","targetHints":{"allow":["GET"]}}],"collection":[{"href":"https:\/\/haberulus.net\/index.php?rest_route=\/wp\/v2\/posts"}],"about":[{"href":"https:\/\/haberulus.net\/index.php?rest_route=\/wp\/v2\/types\/post"}],"author":[{"embeddable":true,"href":"https:\/\/haberulus.net\/index.php?rest_route=\/wp\/v2\/users\/1"}],"replies":[{"embeddable":true,"href":"https:\/\/haberulus.net\/index.php?rest_route=%2Fwp%2Fv2%2Fcomments&post=107794"}],"version-history":[{"count":1,"href":"https:\/\/haberulus.net\/index.php?rest_route=\/wp\/v2\/posts\/107794\/revisions"}],"predecessor-version":[{"id":107796,"href":"https:\/\/haberulus.net\/index.php?rest_route=\/wp\/v2\/posts\/107794\/revisions\/107796"}],"wp:featuredmedia":[{"embeddable":true,"href":"https:\/\/haberulus.net\/index.php?rest_route=\/wp\/v2\/media\/107795"}],"wp:attachment":[{"href":"https:\/\/haberulus.net\/index.php?rest_route=%2Fwp%2Fv2%2Fmedia&parent=107794"}],"wp:term":[{"taxonomy":"category","embeddable":true,"href":"https:\/\/haberulus.net\/index.php?rest_route=%2Fwp%2Fv2%2Fcategories&post=107794"},{"taxonomy":"post_tag","embeddable":true,"href":"https:\/\/haberulus.net\/index.php?rest_route=%2Fwp%2Fv2%2Ftags&post=107794"}],"curies":[{"name":"wp","href":"https:\/\/api.w.org\/{rel}","templated":true}]}}