{"id":107923,"date":"2023-07-02T09:49:03","date_gmt":"2023-07-02T09:49:03","guid":{"rendered":"https:\/\/haberulus.net\/?p=107923"},"modified":"2023-07-02T09:49:03","modified_gmt":"2023-07-02T09:49:03","slug":"iki-bayramda-iki-buyuk-aci-yasayan-fatma-sahinden-duygusal-paylasim-bayramlar-oksuz-ve-yetim-kaldi","status":"publish","type":"post","link":"https:\/\/haberulus.net\/?p=107923","title":{"rendered":"\u0130ki bayramda iki b\u00fcy\u00fck ac\u0131 ya\u015fayan Fatma \u015eahin&#8217;den duygusal payla\u015f\u0131m: Bayramlar \u00f6ks\u00fcz ve yetim kald\u0131"},"content":{"rendered":"<p>Gaziantep B\u00fcy\u00fck\u015fehir Belediye Ba\u015fkan\u0131 Fatma \u015eahin&#8217;in babas\u0131 Mustafa K\u0131ym\u0131k tedavi g\u00f6rd\u00fc\u011f\u00fc hastanede hayat\u0131n\u0131 kaybetti. D\u00fcn, babas\u0131n\u0131n \u00f6l\u00fcm haberini &#8220;Rabbim, annemle onu cennetinde bulu\u015ftursun&#8221; payla\u015f\u0131m\u0131yla duyuran Fatma \u015eahin, bug\u00fcn ise \u00e7ocukken \u00e7ektirdikleri aile foto\u011fraf\u0131n\u0131 payla\u015farak duygusal bir not d\u00fc\u015ft\u00fc. <\/p>\n<p><b>&#8220;BAYRAMLAR \u00d6KS\u00dcZ VE YET\u0130M KALDI&#8221;<\/b><\/p>\n<p>Annesini de Ramazan ay\u0131nda kaybetti\u011fini belirten \u015eahin, &#8220;Bir Ramazan Bayram\u0131 annemi, bu Kurban Bayram\u0131&#8217;nda da babam\u0131 kaybettim. Bayramlar \u00f6ks\u00fcz ve yetim kald\u0131 benim i\u00e7in&#8221; ifadelerine yer verdi. <\/p>\n<p><strong>\u0130\u015fte Fatma \u015eahin&#8217;in o payla\u015f\u0131m\u0131; <\/strong> <\/p>\n<p><img decoding=\"async\" src=\"https:\/\/i.hbrcdn.com\/haber\/2023\/07\/02\/iki-bayramda-iki-buyuk-aci-yasayan-fatma-sahin-16079996_3761_m.jpg\" alt=\"\" title=\"\"><\/p>\n","protected":false},"excerpt":{"rendered":"<p>Gaziantep B\u00fcy\u00fck\u015fehir Belediye Ba\u015fkan\u0131 Fatma \u015eahin, babas\u0131n\u0131n vefat\u0131 sonras\u0131 duygusal bir mesaj payla\u015ft\u0131. \u015eahin mesaj\u0131nda, &#8220;Bir Ramazan Bayram\u0131 annemi, bu Kurban Bayram\u0131&#8217;nda da babam\u0131 kaybettim. Bayramlar \u00f6ks\u00fcz ve yetim kald\u0131 benim i\u00e7in&#8221; dedi.<\/p>\n","protected":false},"author":1,"featured_media":107924,"comment_status":"closed","ping_status":"open","sticky":false,"template":"","format":"standard","meta":{"footnotes":""},"categories":[28],"tags":[],"class_list":["post-107923","post","type-post","status-publish","format-standard","has-post-thumbnail","hentry","category-politika"],"_links":{"self":[{"href":"https:\/\/haberulus.net\/index.php?rest_route=\/wp\/v2\/posts\/107923","targetHints":{"allow":["GET"]}}],"collection":[{"href":"https:\/\/haberulus.net\/index.php?rest_route=\/wp\/v2\/posts"}],"about":[{"href":"https:\/\/haberulus.net\/index.php?rest_route=\/wp\/v2\/types\/post"}],"author":[{"embeddable":true,"href":"https:\/\/haberulus.net\/index.php?rest_route=\/wp\/v2\/users\/1"}],"replies":[{"embeddable":true,"href":"https:\/\/haberulus.net\/index.php?rest_route=%2Fwp%2Fv2%2Fcomments&post=107923"}],"version-history":[{"count":1,"href":"https:\/\/haberulus.net\/index.php?rest_route=\/wp\/v2\/posts\/107923\/revisions"}],"predecessor-version":[{"id":107925,"href":"https:\/\/haberulus.net\/index.php?rest_route=\/wp\/v2\/posts\/107923\/revisions\/107925"}],"wp:featuredmedia":[{"embeddable":true,"href":"https:\/\/haberulus.net\/index.php?rest_route=\/wp\/v2\/media\/107924"}],"wp:attachment":[{"href":"https:\/\/haberulus.net\/index.php?rest_route=%2Fwp%2Fv2%2Fmedia&parent=107923"}],"wp:term":[{"taxonomy":"category","embeddable":true,"href":"https:\/\/haberulus.net\/index.php?rest_route=%2Fwp%2Fv2%2Fcategories&post=107923"},{"taxonomy":"post_tag","embeddable":true,"href":"https:\/\/haberulus.net\/index.php?rest_route=%2Fwp%2Fv2%2Ftags&post=107923"}],"curies":[{"name":"wp","href":"https:\/\/api.w.org\/{rel}","templated":true}]}}