{"id":107990,"date":"2023-07-02T11:35:03","date_gmt":"2023-07-02T11:35:03","guid":{"rendered":"https:\/\/haberulus.net\/?p=107990"},"modified":"2023-07-02T11:35:03","modified_gmt":"2023-07-02T11:35:03","slug":"besiktasin-yerli-vardysi-emrecan-bulut-hayalini-bile-kuramazdim","status":"publish","type":"post","link":"https:\/\/haberulus.net\/?p=107990","title":{"rendered":"Be\u015fikta\u015f\u2019\u0131n yerli Vardy\u2019si, Emrecan Bulut: Hayalini bile kuramazd\u0131m"},"content":{"rendered":"<p>S\u00fcper Lig devi Be\u015fikta\u015f\u2019\u0131n TFF 2\u2019nci Lig temsilcilerinden Somaspor\u2019dan 4+1 y\u0131ll\u0131\u011f\u0131na kadrosuna katt\u0131\u011f\u0131 20 ya\u015f\u0131ndaki kanat oyuncusu Emrecan Bulut, fabrika i\u015f\u00e7ili\u011finden \u00e7\u0131k\u0131p ger\u00e7ek bir peri masal\u0131n\u0131n kahraman\u0131 olduktan sonra \u00f6zel a\u00e7\u0131klamalar yapt\u0131. Emrecan, hayalini bile kuramada\u011f\u0131 duygular ya\u015fad\u0131\u011f\u0131n\u0131 s\u00f6yledi.<\/p>\n<p>Son y\u0131llarda amat\u00f6r ligden gen\u00e7leri A tak\u0131ma alarak vitrine \u00e7\u0131karan Manisa\u2019n\u0131n m\u00fctevaz\u0131 il\u00e7e tak\u0131m\u0131 Somaspor\u2019daki tek sezonluk performans\u0131yla parlayan Emrecan Bulut, amat\u00f6r olarak futbol oynay\u0131p, uzun s\u00fcre fabrika i\u015f\u00e7ili\u011fi yaparken kendisini T\u00fcrkiye\u2019nin en b\u00fcy\u00fck kul\u00fcplerinden birinde buldu.<\/p>\n<p>Ardahan\u2019da do\u011farak futbola Manisa\u2019daki amat\u00f6r Yunusemre Belediyespor\u2019da 2015 y\u0131l\u0131nda ba\u015flayan Emrecan, koronavir\u00fcs pandemisi d\u00f6nemi nedeniyle kariyerinin hen\u00fcz ba\u015f\u0131nda ye\u015fil sahadan koptu. Pandemi y\u00fcz\u00fcnden amat\u00f6r liglere ara verilince 2020-2021 aras\u0131n\u0131 futboldan uzak ge\u00e7iren Emrecan, gen\u00e7 ya\u015f\u0131nda\u00a0bir buzdolab\u0131 fabrikas\u0131nda i\u015f\u00e7i olarak \u00e7al\u0131\u015fmaya ba\u015flayarak 90 kilograma kadar \u00e7\u0131kt\u0131ktan sonra sahalara yine amat\u00f6r ligdeki Karak\u00f6y SFK\u2019da d\u00f6nd\u00fc.<\/p>\n<p><img decoding=\"async\" src=\"https:\/\/i01.sozcucdn.com\/wp-content\/uploads\/2023\/07\/02\/emrecan-bulut-12_23293550.jpg\" alt=\"\" title=\"\"><\/p>\n<p><b>BASATEM\u00dcR KE\u015eFETT\u0130<\/b><\/p>\n<p>Somaspor\u2019da teknik direkt\u00f6r Burhanettin Basatem\u00fcr\u2019\u00fcn dikkatini \u00e7eken gen\u00e7 futbolcu, ge\u00e7en sezon ba\u015f\u0131nda 3 y\u0131ll\u0131\u011f\u0131na siyah-beyazl\u0131lara transfer olarak 19 Temmuz 2022\u2019de kariyerinin ilk profesyonel s\u00f6zle\u015fmesine imza att\u0131. Hen\u00fcz 20 ya\u015f\u0131ndaki futbolcu ilk y\u0131l\u0131nda 2\u2019nci Lig\u2019de 15, T\u00fcrkiye Kupas\u0131\u2019nda 1 gol att\u0131.<\/p>\n<p>Gen\u00e7 ya\u015f\u0131na ra\u011fmen 2\u2019nci Lig\u2019de gol krall\u0131\u011f\u0131 yar\u0131\u015f\u0131n\u0131 \u00fc\u00e7\u00fcnc\u00fc s\u0131rada bitiren Emrecan, Be\u015fikta\u015f Teknik Direkt\u00f6r\u00fc \u015eenol G\u00fcne\u015f taraf\u0131ndan be\u011fenilince Somaspor\u2019a 5 milyon TL bonservis kazand\u0131rarak \u0130stanbul\u2019un yolunu tuttu.<\/p>\n<p><b>YERL\u0130 VARDY<\/b><\/p>\n<p>Gen\u00e7 ya\u015f\u0131nda fabrika i\u015f\u00e7ili\u011finden ba\u015flayarak 1 y\u0131l profesyonel futbol oynay\u0131p Be\u015fikta\u015f\u2019a transfer olan Emrecan Bulut, hikayesiyle futbolseverlere \u0130ngiliz y\u0131ld\u0131z Jamie Vardy\u2019i hat\u0131rlatt\u0131.<\/p>\n<p><img decoding=\"async\" src=\"https:\/\/i01.sozcucdn.com\/wp-content\/uploads\/2023\/07\/02\/jamie-vardy-1.jpg\" alt=\"\" title=\"\"><\/p>\n<p>Emrecan gibi fabrikada \u00e7al\u0131\u015fan, uzun y\u0131llar amat\u00f6r liglerde oynayan Jamie Vardy, 2016 y\u0131l\u0131nda Leicester City tak\u0131m\u0131yla \u0130ngiltere Premier Ligi\u2019nde \u015fampiyonluk ya\u015fad\u0131. D\u00fcnyan\u0131n en zorlu liglerinden birinde \u015fampiyon olmadan 6 sene \u00f6ncesine kadar amat\u00f6r k\u00fcmede top ko\u015fturan, 10 sene \u00f6nce fabrikada \u00e7al\u0131\u015fan Jamie Vardy, peri masal\u0131n\u0131 \u0130ngiltere Milli Tak\u0131m\u0131\u2019na se\u00e7ilerek ta\u00e7land\u0131rm\u0131\u015ft\u0131.<\/p>\n<p><b>\u201cHAYAL\u0130N\u0130 B\u0130LE KURAMAZDIM\u201d<\/b><\/p>\n<p>Fabrikada \u00e7al\u0131\u015fan amat\u00f6r bir futbolcuyken Be\u015fikta\u015f\u2019a transfer olan Emrecan Bulut, \u00f6zel a\u00e7\u0131klamalar yapt\u0131.<\/p>\n<p>K\u0131sa s\u00fcre \u00f6nceye kadar b\u00f6yle bir hayal bile kuramad\u0131\u011f\u0131n\u0131 s\u00f6yleyen 20 ya\u015f\u0131ndaki futbolcu, \u201c\u0130nan\u0131lmaz g\u00fczel duygular ya\u015f\u0131yorum. Hen\u00fcz 1 sene \u00f6ncesine kadar Be\u015fikta\u015f gibi \u00e7ok b\u00fcy\u00fck bir kul\u00fcbe transfer olabilece\u011fimin hayalini bile kurmuyordum. Somaspor\u2019da profesyonel olup 2\u2019nci Lig\u2019de forma giymeye ba\u015flayana kadar futbolla, kariyerimle ilgili bir plan\u0131m bile yoktu. Profesyonel olarak oynamaya ba\u015flad\u0131ktan sonra birden talipler artmaya ba\u015flad\u0131. Talipleri g\u00f6r\u00fcnce hayal kurmaya ba\u015flad\u0131m\u201d dedi.<\/p>\n<p>Futbol sahalar\u0131ndan koptu\u011fu pandemi d\u00f6neminde Manisa\u2019da buzdolab\u0131 par\u00e7alar\u0131 yapan bir fabrikada 1.5 seneden fazla i\u015f\u00e7i olarak\u00a0\u00e7al\u0131\u015ft\u0131\u011f\u0131n\u0131 s\u00f6yleyen Emrecan, Be\u015fikta\u015f\u2019ta uzun y\u0131llar g\u00f6rev yap\u0131p her gen\u00e7 futbolcu gibi art\u0131k A Milli Tak\u0131m\u2019da da forma giymeyi hayal etti\u011fini dile getirdi.<\/p>\n","protected":false},"excerpt":{"rendered":"<p>Be\u015fikta\u015f, 20 ya\u015f\u0131ndaki Emrecan Bulut&#8217;u fabrikadan sahalara getiriyor. Ge\u00e7mi\u015fte buzdolab\u0131 par\u00e7alar\u0131 \u00fcreten bir fabrikada \u00e7al\u0131\u015fan gen\u00e7 futbolcu, Be\u015fikta\u015f gibi b\u00fcy\u00fck bir kul\u00fcpte kariyer yapmay\u0131 hayal bile edememi\u015fti.<\/p>\n","protected":false},"author":1,"featured_media":107991,"comment_status":"closed","ping_status":"open","sticky":false,"template":"","format":"standard","meta":{"footnotes":""},"categories":[31],"tags":[10287,2898,493,788,437],"class_list":["post-107990","post","type-post","status-publish","format-standard","has-post-thumbnail","hentry","category-spor","tag-amator","tag-emrecan","tag-fabrika","tag-futbol","tag-lig"],"_links":{"self":[{"href":"https:\/\/haberulus.net\/index.php?rest_route=\/wp\/v2\/posts\/107990","targetHints":{"allow":["GET"]}}],"collection":[{"href":"https:\/\/haberulus.net\/index.php?rest_route=\/wp\/v2\/posts"}],"about":[{"href":"https:\/\/haberulus.net\/index.php?rest_route=\/wp\/v2\/types\/post"}],"author":[{"embeddable":true,"href":"https:\/\/haberulus.net\/index.php?rest_route=\/wp\/v2\/users\/1"}],"replies":[{"embeddable":true,"href":"https:\/\/haberulus.net\/index.php?rest_route=%2Fwp%2Fv2%2Fcomments&post=107990"}],"version-history":[{"count":1,"href":"https:\/\/haberulus.net\/index.php?rest_route=\/wp\/v2\/posts\/107990\/revisions"}],"predecessor-version":[{"id":107992,"href":"https:\/\/haberulus.net\/index.php?rest_route=\/wp\/v2\/posts\/107990\/revisions\/107992"}],"wp:featuredmedia":[{"embeddable":true,"href":"https:\/\/haberulus.net\/index.php?rest_route=\/wp\/v2\/media\/107991"}],"wp:attachment":[{"href":"https:\/\/haberulus.net\/index.php?rest_route=%2Fwp%2Fv2%2Fmedia&parent=107990"}],"wp:term":[{"taxonomy":"category","embeddable":true,"href":"https:\/\/haberulus.net\/index.php?rest_route=%2Fwp%2Fv2%2Fcategories&post=107990"},{"taxonomy":"post_tag","embeddable":true,"href":"https:\/\/haberulus.net\/index.php?rest_route=%2Fwp%2Fv2%2Ftags&post=107990"}],"curies":[{"name":"wp","href":"https:\/\/api.w.org\/{rel}","templated":true}]}}