{"id":108038,"date":"2023-07-02T13:05:03","date_gmt":"2023-07-02T13:05:03","guid":{"rendered":"https:\/\/haberulus.net\/?p=108038"},"modified":"2023-07-02T13:05:03","modified_gmt":"2023-07-02T13:05:03","slug":"fatma-sahinin-babasi-mustafa-kiymik-son-yolculuguna-ugurlandi","status":"publish","type":"post","link":"https:\/\/haberulus.net\/?p=108038","title":{"rendered":"Fatma \u015eahin&#8217;in Babas\u0131 Mustafa K\u0131ym\u0131k Son Yolculu\u011funa U\u011furland\u0131"},"content":{"rendered":"<p>Gaziantep B\u00fcy\u00fck\u015fehir Belediye Ba\u015fkan\u0131 Fatma \u015eahin&#8217;in vefat eden babas\u0131 Mustafa K\u0131ym\u0131k, son yolculu\u011funa u\u011furland\u0131.<br \/>Tedavi g\u00f6rd\u00fc\u011f\u00fc kentteki \u00f6zel bir hastanede 83 ya\u015f\u0131nda hayat\u0131n\u0131 kaybeden K\u0131ym\u0131k i\u00e7in Asri Mezarl\u0131k&#8217;taki Hanifi \u015eireci Cami&#8217;sinde cenaze t\u00f6reni d\u00fczenlendi.<br \/>\u015eahin ve ailesi burada taziyeleri kabul etti.<br \/>???????K\u0131ym\u0131k&#8217;\u0131n cenazesi, \u00f6\u011fle vakti \u0130slam D\u00fc\u015f\u00fcnce Enstit\u00fcs\u00fc ve Uluslararas\u0131 \u0130slam D\u00fc\u015f\u00fcnce Vakf\u0131 ve eski Diyanet \u0130\u015fleri Ba\u015fkan\u0131 Mehmet G\u00f6rmez&#8217;in k\u0131ld\u0131rd\u0131\u011f\u0131 cenaze namaz\u0131n\u0131n ard\u0131ndan Asri Mezarl\u0131k&#8217;ta defnedildi.<br \/>T\u00f6rene \u015eahin&#8217;in ailesi ve yak\u0131nlar\u0131n\u0131n yan\u0131 s\u0131ra Hazine ve Maliye Bakan\u0131 Mehmet \u015eim\u015fek, Gaziantep Valisi Kemal \u00c7eber, \u0130stanbul Valisi Davut G\u00fcl, AK Parti Grup Ba\u015fkanvekili ve Gaziantep Milletvekili Abdulhamit G\u00fcl, AK Parti Yerel Y\u00f6netimler Ba\u015fkan\u0131 ve Samsun Milletvekili Yusuf Ziya Y\u0131lmaz, Enerji ve Tabii Kaynaklar Bakan Yard\u0131mc\u0131s\u0131 Abdullah Tancan, milletvekilleri, belediye ba\u015fkanlar\u0131, sanayiciler, oda ve STK temsilcileri, kurum amirleri, partililer, belediye \u00e7al\u0131\u015fanlar\u0131 ve vatanda\u015flar kat\u0131ld\u0131.<\/p>\n<div>Kaynak: AA \/  F\u0131rat \u00d6zdemir &#8211;  G\u00fcncel <\/div>\n","protected":false},"excerpt":{"rendered":"<p>Gaziantep B\u00fcy\u00fck\u015fehir Belediye Ba\u015fkan\u0131 Fatma \u015eahin&#8217;in vefat eden babas\u0131 Mustafa K\u0131ym\u0131k i\u00e7in cenaze t\u00f6reni d\u00fczenlendi. T\u00f6rene bir\u00e7ok siyasi ve toplum lideri kat\u0131ld\u0131.<\/p>\n","protected":false},"author":1,"featured_media":108039,"comment_status":"closed","ping_status":"open","sticky":false,"template":"","format":"standard","meta":{"footnotes":""},"categories":[28],"tags":[],"class_list":["post-108038","post","type-post","status-publish","format-standard","has-post-thumbnail","hentry","category-politika"],"_links":{"self":[{"href":"https:\/\/haberulus.net\/index.php?rest_route=\/wp\/v2\/posts\/108038","targetHints":{"allow":["GET"]}}],"collection":[{"href":"https:\/\/haberulus.net\/index.php?rest_route=\/wp\/v2\/posts"}],"about":[{"href":"https:\/\/haberulus.net\/index.php?rest_route=\/wp\/v2\/types\/post"}],"author":[{"embeddable":true,"href":"https:\/\/haberulus.net\/index.php?rest_route=\/wp\/v2\/users\/1"}],"replies":[{"embeddable":true,"href":"https:\/\/haberulus.net\/index.php?rest_route=%2Fwp%2Fv2%2Fcomments&post=108038"}],"version-history":[{"count":1,"href":"https:\/\/haberulus.net\/index.php?rest_route=\/wp\/v2\/posts\/108038\/revisions"}],"predecessor-version":[{"id":108040,"href":"https:\/\/haberulus.net\/index.php?rest_route=\/wp\/v2\/posts\/108038\/revisions\/108040"}],"wp:featuredmedia":[{"embeddable":true,"href":"https:\/\/haberulus.net\/index.php?rest_route=\/wp\/v2\/media\/108039"}],"wp:attachment":[{"href":"https:\/\/haberulus.net\/index.php?rest_route=%2Fwp%2Fv2%2Fmedia&parent=108038"}],"wp:term":[{"taxonomy":"category","embeddable":true,"href":"https:\/\/haberulus.net\/index.php?rest_route=%2Fwp%2Fv2%2Fcategories&post=108038"},{"taxonomy":"post_tag","embeddable":true,"href":"https:\/\/haberulus.net\/index.php?rest_route=%2Fwp%2Fv2%2Ftags&post=108038"}],"curies":[{"name":"wp","href":"https:\/\/api.w.org\/{rel}","templated":true}]}}