{"id":108090,"date":"2023-07-02T14:49:04","date_gmt":"2023-07-02T14:49:04","guid":{"rendered":"https:\/\/haberulus.net\/?p=108090"},"modified":"2023-07-02T14:49:04","modified_gmt":"2023-07-02T14:49:04","slug":"kilicdarogluna-baskaldiran-ozcandan-cok-konusulacak-iddia-yuruyusten-vazgeceyim-diye-rusvet-teklif-ettiler","status":"publish","type":"post","link":"https:\/\/haberulus.net\/?p=108090","title":{"rendered":"K\u0131l\u0131\u00e7daro\u011flu&#8217;na ba\u015fkald\u0131ran \u00d6zcan&#8217;dan \u00e7ok konu\u015fulacak iddia: Y\u00fcr\u00fcy\u00fc\u015ften vazge\u00e7eyim diye r\u00fc\u015fvet teklif ettiler"},"content":{"rendered":"<p>Bolu&#8217;dan Ankara&#8217;daki CHP Genel Merkezi&#8217;ne y\u00fcr\u00fcyecek olan Bolu Belediye Ba\u015fkan\u0131 Tanju \u00d6zcan, &#8220;Y\u00fcr\u00fcy\u00fc\u015ften vazge\u00e7mem i\u00e7in K\u0131l\u0131\u00e7daro\u011flu&#8217;nun \u00e7evresinden siyasi r\u00fc\u015fvet teklif edildi&#8221; dedi.<\/p>\n<p>Bolu Belediye Ba\u015fkan\u0131 Tanju \u00d6zcan, yar\u0131n Bolu&#8217;dan Ankara&#8217;daki CHP Genel Merkezi&#8217;ne yapaca\u011f\u0131 y\u00fcr\u00fcy\u00fc\u015f \u00f6ncesi bas\u0131n mensuplar\u0131yla bir araya geldi. Belediye Ba\u015fkan\u0131 Tanju \u00d6zcan, saat 14.00&#8217;da An\u0131tpark&#8217;tan yola \u00e7\u0131kaca\u011f\u0131n\u0131 ifade etti. Y\u00fcr\u00fcy\u00fc\u015f \u00f6ncesinde a\u00e7\u0131klamalarda bulunan \u00d6zcan, y\u00fcr\u00fcy\u00fc\u015ften kendini vazge\u00e7irmek i\u00e7in CHP Genel Ba\u015fkan\u0131  <strong>Kemal K\u0131l\u0131\u00e7daro\u011flu<\/strong>&#8216;nun \u00e7evresinden siyasi r\u00fc\u015fvet teklif edildi\u011fini a\u00e7\u0131klad\u0131.<\/p>\n<p><b>&#8220;BEN\u0130 KOLTUK MERAKLISI T\u0130PLERLE KARI\u015eTIRMAYIN&#8221;<\/b><\/p>\n<p>De\u011fi\u015fim i\u00e7in birinin yanmas\u0131 gerekti\u011fini ve yanmak i\u00e7in haz\u0131r oldu\u011funu dile getiren Bolu Belediye Ba\u015fkan\u0131 Tanju \u00d6zcan, &#8220;Bu s\u00fcre\u00e7 i\u00e7erisinde baz\u0131 \u015feyler de\u011fi\u015fir mi diye de bekledim asl\u0131nda. Yani, hani acaba genel ba\u015fkan ger\u00e7ekleri g\u00f6r\u00fcr m\u00fc? Genel ba\u015fkan art\u0131k de\u011fi\u015fimin ka\u00e7\u0131n\u0131lmaz oldu\u011funun fark\u0131na varm\u0131\u015f m\u0131d\u0131r? Ama onun emarelerini g\u00f6rm\u00fcyorum. Tam tersi emareler g\u00f6r\u00fcyorum. Hala kongreler takvimi ba\u015flam\u0131\u015f, g\u00f6revden al\u0131nan \u00f6rg\u00fctler var. CHP tarihinde ilk kez oluyor. Bu \u015funu g\u00f6steriyor, Kemal K\u0131l\u0131\u00e7daro\u011flu ve ba\u015far\u0131s\u0131z ekibi hala yeni kurultayda &#8216;nas\u0131l se\u00e7ilirim?&#8217; derdine d\u00fc\u015fm\u00fc\u015fler. Hala garip gelecek size. Bana birilerini g\u00f6nderip bu y\u00fcr\u00fcy\u00fc\u015ften vazge\u00e7mem kar\u015f\u0131l\u0131\u011f\u0131nda \u00e7e\u015fitli siyasi vaatlerde bulunuyorlar. Yani onlara da s\u00f6yledim, tekrar s\u00f6yl\u00fcyorum, &#8216;Beni koltuk merakl\u0131s\u0131, koltuk sevdal\u0131s\u0131 tiplerle kar\u0131\u015ft\u0131rmay\u0131n. Ben bu y\u00fcr\u00fcy\u00fc\u015f\u00fc ger\u00e7ekle\u015ftiriyorum. Ben bu yola ba\u015f koydum. A\u00e7\u0131k s\u00f6yl\u00fcyorum&#8217; Vallahi de d\u00f6nmeyece\u011fim, billahi de d\u00f6nmeyece\u011fim. O y\u00fczden bana siyasi vaatle falan gelmeyin. Bir y\u0131ll\u0131k ihra\u00e7 s\u00fcrecinde de bana \u00e7e\u015fitli siyasi vaatlerle gelenler olmu\u015ftu. Hepsine kap\u0131y\u0131 kapatt\u0131m. Ben zaten siyasi ikbalimi d\u00fc\u015f\u00fcnseydim, b\u00fct\u00fcn bunlar\u0131 s\u00f6yl\u00fcyor ve yap\u0131yor olmazd\u0131m. B\u00f6yle durumlarda birisinin kendisini feda etmesi gerekiyor. Halk i\u00e7in, kendi koltuk sevdas\u0131n\u0131 bir tarafa b\u0131rak\u0131p, \u00fclkesini, \u00e7ocuklar\u0131n\u0131 d\u00fc\u015f\u00fcnerek birinin kendini yakmas\u0131 gerekiyor. \u0130\u015fte o biri de ben olmaya haz\u0131r\u0131m&#8221; dedi.<\/p>\n<p><b>&#8220;KILI\u00c7DARO\u011eLU&#8217;NDAN \u00c7EVRES\u0130NDEN BANA R\u00dc\u015eVET TEKL\u0130F ED\u0130L\u0130YOR&#8221;<\/b><\/p>\n<p>Se\u00e7ilme hakk\u0131n\u0131n elinden al\u0131nd\u0131\u011f\u0131n\u0131 ifade ederek Kemal K\u0131l\u0131\u00e7daro\u011flu&#8217;na \u00e7a\u011fr\u0131da bulunan \u00d6zcan, &#8220;Belki genel ba\u015fkan aday\u0131 olaca\u011f\u0131m. Ama o tedbir orada durdu\u011fu s\u00fcrece benim se\u00e7ilme hakk\u0131m\u0131 elimden al\u0131yorsun. Adaletten bahsediyorsun. Ondan sonra da \u00e7evrenden baz\u0131lar\u0131 bana \u00e7e\u015fitli siyasi r\u00fc\u015fvetler teklif ediyor. Y\u00fcr\u00fcy\u00fc\u015ften vazge\u00e7mem i\u00e7in, de\u011fi\u015fik makamlar, mevkiler. A\u00e7\u0131k olarak s\u00f6yleyeyim. Bu parti i\u00e7erisinden ge\u00e7ici ihra\u00e7 oldu\u011fum d\u00f6nemde bu ba\u015fka partilerden de gelmi\u015fti. Ama ben de en ba\u015f\u0131ndan beri s\u00f6yledim. Ben ilkeli adam\u0131m. Haks\u0131z bir ceza verirlerse bekleyece\u011fim, dedim. ve bekledim. Benim derdim zaten koltuk olsayd\u0131 \u00e7ok \u00f6nceden Kemal Bey&#8217;in ete\u011fini yap\u0131\u015f\u0131rd\u0131m. \u015eimdi Kemal Bey&#8217;in \u00e7evresinde \u00e7e\u015fitli aktif g\u00f6revlerde bulunanlardan \u00e7ok daha \u00f6nce o g\u00f6revlere de gelirdim. Benim ilkelerim var. Ben Atat\u00fcrk&#8217;\u00fcn alt\u0131 okuna sonuna kadar sahip \u00e7\u0131k\u0131yorum. Bu partinin Soros\u00e7ulara, emperyal g\u00fc\u00e7lere, 10 Aral\u0131k\u00e7\u0131lara teslim edilmemesi i\u00e7in de elimden ne geliyorsa yapma konusunda kararl\u0131y\u0131m. Ben Say\u0131n Genel Ba\u015fkan&#8217;a tekrar sesleniyorum, ben bu y\u00fcr\u00fcy\u00fc\u015ften bu t\u00fcr siyasi r\u00fc\u015fvet teklifleriyle vazge\u00e7mem. \u00c7\u00fcnk\u00fc ben kendi ikbalimi, gelece\u011fimi yakmaya haz\u0131r\u0131m. Yeter ki bu parti siyasi d\u00fczene girsin ray\u0131na otursun diye&#8221; diye konu\u015ftu.<\/p>\n<p><b>&#8216;ADAY OLMAYACA\u011eIM&#8217; DERSE VAZGE\u00c7ER\u0130M<\/b><\/p>\n<p>Y\u00fcr\u00fcy\u00fc\u015ften vazge\u00e7ece\u011fi \u015fartlar\u0131 s\u0131ralayan \u00d6zcan, &#8220;Say\u0131n genel ba\u015fkan, &#8216;yar\u0131n itibariyle ben g\u00f6revimden istifa ediyorum. Ola\u011fan\u00fcst\u00fc kurultay \u00e7a\u011fr\u0131s\u0131 yap\u0131yor. T\u00fcz\u00fc\u011f\u00fc demokratik bir hale getirmek i\u00e7in arkada\u015flar\u0131m bir \u00e7al\u0131\u015fma yapt\u0131lar. Bunu kamuoyuyla payla\u015f\u0131yorum. ve kurultayda aday olmayaca\u011f\u0131m&#8217; dedi\u011fi takdirde ben bu y\u00fcr\u00fcy\u00fc\u015ften vazge\u00e7erim. Demezse sonuna kadar. \u0130nceldi\u011fi yerden de kopar&#8221; dedi.<\/p>\n<div>Kaynak: \u0130hlas Haber Ajans\u0131 \/  Enes \u00d6zkan &#8211;  Politika <\/div>\n","protected":false},"excerpt":{"rendered":"<p>Bolu Belediye Ba\u015fkan\u0131 Tanju \u00d6zcan, yar\u0131n CHP lideri K\u0131l\u0131\u00e7daro\u011flu&#8217;na y\u00f6nelik &#8220;De\u011fi\u015fime bir ad\u0131m da sen at&#8221; slogan\u0131yla Ankara&#8217;ya do\u011fru \u00e7\u0131kaca\u011f\u0131 y\u00fcr\u00fcy\u00fc\u015f \u00f6ncesi a\u00e7\u0131klamalarda bulundu. \u00d6zca, &#8220;Y\u00fcr\u00fcy\u00fc\u015ften vazge\u00e7mem i\u00e7in K\u0131l\u0131\u00e7daro\u011flu&#8217;nun \u00e7evresinden siyasi r\u00fc\u015fvet teklif edildi&#8221; ifadelerini kullan\u0131rken, &#8220;Kurultayda &#8216;aday olmayaca\u011f\u0131m&#8217; dedi\u011fi takdirde ben y\u00fcr\u00fcy\u00fc\u015ften vazge\u00e7erim, demezse sonuna kadar, inceldi\u011fi yerden de kopar&#8221; dedi.<\/p>\n","protected":false},"author":1,"featured_media":108091,"comment_status":"closed","ping_status":"open","sticky":false,"template":"","format":"standard","meta":{"footnotes":""},"categories":[28],"tags":[188,3039,900,2124,257],"class_list":["post-108090","post","type-post","status-publish","format-standard","has-post-thumbnail","hentry","category-politika","tag-bas","tag-genel-baskan","tag-ozcan","tag-siyasi","tag-yuruyus"],"_links":{"self":[{"href":"https:\/\/haberulus.net\/index.php?rest_route=\/wp\/v2\/posts\/108090","targetHints":{"allow":["GET"]}}],"collection":[{"href":"https:\/\/haberulus.net\/index.php?rest_route=\/wp\/v2\/posts"}],"about":[{"href":"https:\/\/haberulus.net\/index.php?rest_route=\/wp\/v2\/types\/post"}],"author":[{"embeddable":true,"href":"https:\/\/haberulus.net\/index.php?rest_route=\/wp\/v2\/users\/1"}],"replies":[{"embeddable":true,"href":"https:\/\/haberulus.net\/index.php?rest_route=%2Fwp%2Fv2%2Fcomments&post=108090"}],"version-history":[{"count":1,"href":"https:\/\/haberulus.net\/index.php?rest_route=\/wp\/v2\/posts\/108090\/revisions"}],"predecessor-version":[{"id":108092,"href":"https:\/\/haberulus.net\/index.php?rest_route=\/wp\/v2\/posts\/108090\/revisions\/108092"}],"wp:featuredmedia":[{"embeddable":true,"href":"https:\/\/haberulus.net\/index.php?rest_route=\/wp\/v2\/media\/108091"}],"wp:attachment":[{"href":"https:\/\/haberulus.net\/index.php?rest_route=%2Fwp%2Fv2%2Fmedia&parent=108090"}],"wp:term":[{"taxonomy":"category","embeddable":true,"href":"https:\/\/haberulus.net\/index.php?rest_route=%2Fwp%2Fv2%2Fcategories&post=108090"},{"taxonomy":"post_tag","embeddable":true,"href":"https:\/\/haberulus.net\/index.php?rest_route=%2Fwp%2Fv2%2Ftags&post=108090"}],"curies":[{"name":"wp","href":"https:\/\/api.w.org\/{rel}","templated":true}]}}