{"id":108289,"date":"2023-07-03T18:53:04","date_gmt":"2023-07-03T18:53:04","guid":{"rendered":"https:\/\/haberulus.net\/?p=108289"},"modified":"2023-07-03T18:53:04","modified_gmt":"2023-07-03T18:53:04","slug":"zelenskiy-ukraynayi-kirim-olmadan-dusunemiyoruz","status":"publish","type":"post","link":"https:\/\/haberulus.net\/?p=108289","title":{"rendered":"Zelenskiy: Ukrayna\u2019y\u0131 K\u0131r\u0131m olmadan d\u00fc\u015f\u00fcnemiyoruz"},"content":{"rendered":"<p>Ukrayna Devlet Ba\u015fkan\u0131 Zelenskiy, CNN\u2019e verdi\u011fi r\u00f6portajda, Ukrayna\u2019n\u0131n g\u00fcney ve do\u011fusundaki topraklar\u0131n\u0131 yeniden ele ge\u00e7irmeye \u00e7al\u0131\u015ft\u0131klar\u0131n\u0131 ve en son hedeflerinin de 2014\u2019te Rusya taraf\u0131ndan ilhak edilen \u201cK\u0131r\u0131m\u2019\u0131 kurtarmak\u201d oldu\u011funu belirtti.<\/p>\n<p>Kiev\u2019in \u00e7abalar\u0131n\u0131n, Ukrayna\u2019n\u0131n g\u00fcney ve do\u011fusundaki topraklar\u0131 yeniden ele ge\u00e7irmeye odakland\u0131\u011f\u0131n\u0131 vurgulayan Zelenskiy, \u201cUkrayna\u2019y\u0131 K\u0131r\u0131m olmadan d\u00fc\u015f\u00fcnemiyoruz. K\u0131r\u0131m, Rus i\u015fgali alt\u0131ndayken bunun tek bir anlam\u0131 var; sava\u015f hen\u00fcz bitmedi.\u201d de\u011ferlendirmesinde bulundu.<\/p>\n<p>Zelenskiy, K\u0131r\u0131m olmadan bar\u0131\u015f\u0131n sa\u011flanabilece\u011fi herhangi bir senaryonun m\u00fcmk\u00fcn olup olmad\u0131\u011f\u0131na ili\u015fkin soruya, \u201cO zaman zafer olmayacak.\u201d yan\u0131t\u0131n\u0131 verdi.<\/p>\n<p>Ukrayna Devlet Ba\u015fkan\u0131, Rusya Devlet Ba\u015fkan\u0131 Vladimir Putin\u2019in silahl\u0131 Wagner isyan\u0131na tepkisinin \u201czay\u0131f\u201d oldu\u011funu ve kendi halk\u0131n\u0131n kontrol\u00fcn\u00fc kaybetmekte oldu\u011funu iddia etti.<\/p>\n<p>Rusya, Ukrayna ile \u00fczerinde anla\u015fmazl\u0131\u011fa d\u00fc\u015ft\u00fc\u011f\u00fc K\u0131r\u0131m\u2019\u0131 2014\u2019te ilhak etmi\u015f, K\u0131r\u0131m\u2019\u0131n Rus topraklar\u0131na dahil edilmesinde g\u00f6revlendirilen Wagner, d\u00fcnya \u00e7ap\u0131nda ad\u0131n\u0131 bu ad\u0131m\u0131yla duyurmu\u015ftu.<\/p>\n<p><strong>ZELENSK\u0130Y\u2019DEN \u201cAMER\u0130KA\u201d YAZISI<\/strong><\/p>\n<p>Zelenskiy, ABD\u2019nin \u201c4 Temmuz Ba\u011f\u0131ms\u0131zl\u0131k G\u00fcn\u00fc\u201d dolay\u0131s\u0131yla Wall Street Journal gazetesinde, \u201c\u0130yi ki do\u011fdun Amerika\u201d ba\u015fl\u0131kl\u0131 bir yaz\u0131 kaleme ald\u0131.<\/p>\n<p>ABD\u2019nin kurucular\u0131n\u0131n, \u201c\u00f6zg\u00fcrl\u00fck ve ba\u011f\u0131ms\u0131zl\u0131k\u201d ad\u0131na verdikleri m\u00fccadeleye de\u011finen Zelenskiy, bu kapsamda ABD\u2019nin 4 Temmuz 1776\u2019daki Ba\u011f\u0131ms\u0131zl\u0131k G\u00fcn\u00fc ile Rusya-Ukrayna Sava\u015f\u0131\u2019n\u0131n ba\u015flad\u0131\u011f\u0131 24 \u015eubat 2022 tarihi aras\u0131nda ba\u011f kurdu.<\/p>\n<p>Zelenskiy, \u201cAmerikal\u0131lar, bug\u00fcn \u00f6zg\u00fcrl\u00fcklerini ve ba\u011f\u0131ms\u0131zl\u0131klar\u0131n\u0131 kutlarken, bizler de sizlerle birlikte bu kutlamaya kat\u0131l\u0131yor ve Ukrayna\u2019n\u0131n her bir kar\u0131\u015f\u0131n\u0131n, bizi yok etmeye \u00e7al\u0131\u015fan zalim tiranl\u0131ktan kurtuldu\u011fu g\u00fcn\u00fc tasavvur ediyoruz.\u201d ifadesini kulland\u0131.<\/p>\n<p>Ukrayna\u2019n\u0131n \u00f6zg\u00fcr ve \u201cAmerikan Devrimi s\u0131ras\u0131nda \u015fekillenen idealler taraf\u0131ndan y\u00f6netilen Bat\u0131\u2019n\u0131n bir par\u00e7as\u0131 olmak\u201d istedi\u011fini vurgulayan Zelenskiy, ba\u011f\u0131ms\u0131zl\u0131\u011f\u0131n\u0131 kazand\u0131\u011f\u0131ndan beri \u00fclkesinin her zaman demokrasiyi savundu\u011funu ve \u201cdi\u011fer Avrupa \u00fclkeleriyle \u00f6zg\u00fcr bir d\u00fcnyada\u201d ya\u015fama \u00e7abas\u0131 i\u00e7inde oldu\u011funu kaydetti.<\/p>\n<p>Zelenskiy, \u201cNATO ve Bat\u0131 ile entegre edilmi\u015f Ukrayna, \u00f6zg\u00fcrl\u00fc\u011f\u00fcn kazanmaya devam edece\u011finin ve bar\u0131\u015f\u0131n galip gelece\u011finin garantisidir.\u201d mesaj\u0131n\u0131 verdi.<\/p>\n<p>Ukrayna Devlet Ba\u015fkan\u0131, \u00fclkesinin, \u00f6zg\u00fcrl\u00fc\u011fe verdi\u011fi destek ve bu konuda \u00f6rnek te\u015fkil etti\u011fi i\u00e7in ABD\u2019ye minnettar oldu\u011funu belirtti. (AA)<\/p>\n","protected":false},"excerpt":{"rendered":"<p>Ukrayna Devlet Ba\u015fkan\u0131 Volodimir Zelenskiy, nihai hedefinin, Rusya&#8217;n\u0131n ilhak etti\u011fi K\u0131r\u0131m&#8217;\u0131 kurtarmak oldu\u011funu belirterek, &#8220;Ukrayna&#8217;y\u0131 K\u0131r\u0131m olmadan d\u00fc\u015f\u00fcnemiyoruz.&#8221;\u200b\u200b\u200b\u200b\u200b\u200b\u200b dedi.<\/p>\n","protected":false},"author":1,"featured_media":108290,"comment_status":"closed","ping_status":"open","sticky":false,"template":"","format":"standard","meta":{"footnotes":""},"categories":[24],"tags":[6166,4816,69,38,39],"class_list":["post-108289","post","type-post","status-publish","format-standard","has-post-thumbnail","hentry","category-dunya","tag-bag","tag-ozgur","tag-rus","tag-ukrayna","tag-zelenskiy"],"_links":{"self":[{"href":"https:\/\/haberulus.net\/index.php?rest_route=\/wp\/v2\/posts\/108289","targetHints":{"allow":["GET"]}}],"collection":[{"href":"https:\/\/haberulus.net\/index.php?rest_route=\/wp\/v2\/posts"}],"about":[{"href":"https:\/\/haberulus.net\/index.php?rest_route=\/wp\/v2\/types\/post"}],"author":[{"embeddable":true,"href":"https:\/\/haberulus.net\/index.php?rest_route=\/wp\/v2\/users\/1"}],"replies":[{"embeddable":true,"href":"https:\/\/haberulus.net\/index.php?rest_route=%2Fwp%2Fv2%2Fcomments&post=108289"}],"version-history":[{"count":1,"href":"https:\/\/haberulus.net\/index.php?rest_route=\/wp\/v2\/posts\/108289\/revisions"}],"predecessor-version":[{"id":108291,"href":"https:\/\/haberulus.net\/index.php?rest_route=\/wp\/v2\/posts\/108289\/revisions\/108291"}],"wp:featuredmedia":[{"embeddable":true,"href":"https:\/\/haberulus.net\/index.php?rest_route=\/wp\/v2\/media\/108290"}],"wp:attachment":[{"href":"https:\/\/haberulus.net\/index.php?rest_route=%2Fwp%2Fv2%2Fmedia&parent=108289"}],"wp:term":[{"taxonomy":"category","embeddable":true,"href":"https:\/\/haberulus.net\/index.php?rest_route=%2Fwp%2Fv2%2Fcategories&post=108289"},{"taxonomy":"post_tag","embeddable":true,"href":"https:\/\/haberulus.net\/index.php?rest_route=%2Fwp%2Fv2%2Ftags&post=108289"}],"curies":[{"name":"wp","href":"https:\/\/api.w.org\/{rel}","templated":true}]}}