{"id":108328,"date":"2023-07-03T21:35:03","date_gmt":"2023-07-03T21:35:03","guid":{"rendered":"https:\/\/haberulus.net\/?p=108328"},"modified":"2023-07-03T21:35:03","modified_gmt":"2023-07-03T21:35:03","slug":"sivas-katliaminin-30-yilinda-denize-karanfil-biraktilar","status":"publish","type":"post","link":"https:\/\/haberulus.net\/?p=108328","title":{"rendered":"Sivas Katliam\u0131\u2019n\u0131n 30. y\u0131l\u0131nda denize karanfil b\u0131rakt\u0131lar"},"content":{"rendered":"<p>Konak Kent Konseyi, Sivas Katliam\u0131&#8217;n\u0131n 30. y\u0131l d\u00f6n\u00fcm\u00fcnde katliamda hayat\u0131n\u0131 kaybedenleri and\u0131. K\u0131br\u0131s \u015eehitleri Caddesi&#8217;nde yap\u0131lan bas\u0131n a\u00e7\u0131klamas\u0131na Konak Kent Konseyi Ba\u015fkan\u0131 Hamit Mumcu, Konak Belediye Ba\u015fkan Yard\u0131mc\u0131s\u0131 An\u0131l Fero\u011flu, \u0130zmir Tabip Odas\u0131 Ba\u015fkan\u0131 S\u00fcleyman Kaynak ve \u00e7ok say\u0131da STK ve parti y\u00f6neticisi ile \u00fcyeleri kat\u0131ld\u0131.<\/p>\n<p><img decoding=\"async\" src=\"https:\/\/i01.sozcucdn.com\/wp-content\/uploads\/2023\/07\/03\/madimak3.jpg\" alt=\"\" title=\"\"><\/p>\n<p><strong>\u201cYA\u015eATMAYA DEVAM EDECE\u011e\u0130Z\u201d<\/strong><\/p>\n<p>Konak Belediye Ba\u015fkan Yard\u0131mc\u0131s\u0131 An\u0131l Fero\u011flu, \u015funlar\u0131 s\u00f6yledi;<\/p>\n<p>*O g\u00fcn yitirilen canlar\u0131m\u0131z sadece bu \u00fclkenin g\u00fczelli\u011finden ba\u015fka hi\u00e7bir \u015fey istemediler. \u0130\u00e7lerinde \u015fairler, yazarlar, ayd\u0131nlar, gazeteciler vard\u0131. O g\u00fcnden bug\u00fcne kalan birka\u00e7 video kesitinde ve birka\u00e7 foto\u011frafta da her g\u00fcn izliyoruz sosyal medyada g\u00f6r\u00fcyorsunuz.<\/p>\n<p>*Yak\u0131n, yak\u0131n diye haydut i\u015fleri devlet o g\u00fcn orada izledi, m\u00fcdahale etmedi. S\u00f6ylenecek hi\u00e7bir g\u00fczel s\u00f6z yok. \u0130\u00e7imiz ac\u0131yor. Allah ailelerine, hayatta olan aile bireylerine, yak\u0131nlar\u0131na, bizlere, o olaya tan\u0131k olan herkese sab\u0131r versin diliyorum.<\/p>\n<p>*Biz bu olay\u0131 anmaya, Mad\u0131mak\u2019\u0131 anmaya, ya\u015fatmaya, hocalar\u0131m\u0131z\u0131 ya\u015fatmaya, onlar\u0131n de\u011ferlerini ya\u015fatmaya, g\u00fc\u00e7lenerek, birle\u015ferek, her g\u00fcn daha da \u00e7ok b\u00fcy\u00fcyerek devam edece\u011fiz. Hi\u00e7bir zaman ayd\u0131nl\u0131k, karanl\u0131\u011f\u0131n kar\u015f\u0131s\u0131nda s\u00f6nmeyecek.<\/p>\n<p>*Hi\u00e7bir zaman ayd\u0131nl\u0131k bu d\u00fc\u015f\u00fcncenin kar\u015f\u0131l\u0131\u011f\u0131na boyun e\u011fmeyecek. Hi\u00e7bir zaman laiklik bu \u00fclkenin temellerinden biri olmas\u0131ndan kaynakl\u0131 hi\u00e7bir zaman vazge\u00e7meyece\u011fiz laiklikten.<\/p>\n<p><strong>\u201cCUMHUR\u0130YET REJ\u0130M\u0130NE Y\u00d6NEL\u0130K B\u0130R KALKI\u015eMAYDI\u201d<\/strong><\/p>\n<p>Fero\u011flu&#8217;nun ard\u0131ndan babas\u0131 \u015eair Yazar Metin Alt\u0131nok&#8217;u Sivas Katliam\u0131&#8217;nda kaybeden eski CHP \u0130zmir Milletvekili Zeynep Alt\u0131nok, ya\u015fanan olay\u0131 bir kalk\u0131\u015fma olarak nitelendirerek \u015funlar\u0131 s\u00f6yledi:<\/p>\n<p>*O g\u00fcn otuz y\u0131l \u00f6nce Sivas\u2019ta \u00e7ok b\u00fcy\u00fck bir kalk\u0131\u015fma ya\u015fand\u0131 bu kalk\u0131\u015fma elbette ge\u00e7mi\u015ften g\u00fc\u00e7 alan \u00e7ok \u00f6ncesinden muaviyeden bu yana \u00c7orum\u2019dan, Mara\u015f\u2019tan el alan Alevi toplumunu do\u011frudan ve a\u00e7\u0131k\u00e7a hedef alan bir kalk\u0131\u015fmayd\u0131.<\/p>\n<p>*Ama bu hedef al\u0131\u015f\u0131n arkas\u0131nda Alevi toplumunun bilgiye, Anadolu\u2019nun k\u00fclt\u00fcrel zenginliklerine, insana, iyili\u011fe g\u00f6n\u00fcl vermi\u015f bir toplum olmas\u0131 yat\u0131yordu. Ayn\u0131 zamanda Sivas bir ayd\u0131n katliam\u0131yd\u0131.<\/p>\n<p>*A\u00e7\u0131ktan ayd\u0131nlanma devrimlerine, cumhuriyet rejimine y\u00f6nelik bir kalk\u0131\u015fmayd\u0131. Sivas\u2019ta Cumhuriyet&#8217;in kuruldu\u011fu yerde ilk kez cesaretle, y\u00fcksek sesle \u2018Cumhuriyet burada kuruldu, burada y\u0131k\u0131lacak. Kahrolsun laiklik, ya\u015fas\u0131n \u015feriat&#8217; \u00e7\u0131\u011fl\u0131klar\u0131yla ayd\u0131nlar\u0131 ve ayd\u0131nlatan insanlar\u0131 ate\u015fe veren oldu\u011fu bir katliamd\u0131.<\/p>\n<p>*Ayn\u0131 zamanda bir \u00e7ocuk katliam\u0131yd\u0131. On bir ya\u015f\u0131ndaki Koray Kaya\u2019y\u0131 ve \u00e7o\u011funun ya\u015f\u0131 \u00e7ok gen\u00e7 olan say\u0131s\u0131z tiyatrocumuzu, gencimizi, temas d\u00f6nem a\u015f\u00e7\u0131m\u0131z\u0131 hedef alan bir kalk\u0131\u015fmayd\u0131. Ve kesin b\u00fcy\u00fck bir adaletsizlikle otuz y\u0131ld\u0131r ba\u015f ba\u015fa b\u0131rak\u0131ld\u0131\u011f\u0131m\u0131z bir kalk\u0131\u015fmayd\u0131.<\/p>\n<p>*O g\u00fcn Sivas\u2019\u0131n katliam\u0131n arkas\u0131ndan gelen adaletsizli\u011fin mahkeme s\u00fcrecinde san\u0131klar\u0131 de\u011fil de ma\u011fdur yak\u0131nlar\u0131n\u0131 kaybetmi\u015f aileleri hedef alan yakla\u015f\u0131mla avukat d\u00f6venler, yerlerde s\u00fcr\u00fckleyenler, bizlere sald\u0131ranlar yine onlard\u0131.<\/p>\n<p>*Yine mahkeme salonlar\u0131nda \u015feriat \u00e7\u0131\u011fl\u0131klar\u0131 vard\u0131. Ve oradan g\u00fc\u00e7lenerek ad\u0131m\u0131n\u0131 iktidara atanlar, tarikatlarla, cemaatlerle, el ele tutu\u015farak kadrola\u015fma hareketini ba\u015flatanlar, e\u011fitim i\u00e7ini bo\u015faltanlar sistemli bir \u015fekilde cumhuriyetin i\u00e7ini bo\u015faltanlar demokrasiye kar\u015f\u0131, rejime kar\u015f\u0131 a\u00e7\u0131ktan g\u00fcn g\u00fcnden g\u00fc\u00e7lendik\u00e7e el y\u00fckselten bir ideolojik yakla\u015f\u0131m i\u015fte bizi bug\u00fcn\u00fcn karanl\u0131\u011f\u0131na kadar ta\u015f\u0131yan bir yakla\u015f\u0131m kar\u015f\u0131m\u0131zda duruyor.<\/p>\n<p>*Sivas\u2019\u0131n adaletsizli\u011fi bug\u00fcn\u00fcn karanl\u0131\u011f\u0131n\u0131n mimar\u0131d\u0131r. Belleksiz bir toplum yarat\u0131lmak i\u00e7in son derece \u00f6zen g\u00f6sterilir. Medya k\u0131s\u0131tlan\u0131r, yasaklan\u0131r. Hatta ge\u00e7mi\u015fte gazetecilerin, konu\u015fanlar\u0131n, ayd\u0131nlar\u0131n \u00f6ld\u00fcr\u00fclerek susturuldu\u011fu, gelene\u011fin yerini bug\u00fcn tutuklamalar al\u0131r.<\/p>\n<p><img decoding=\"async\" src=\"https:\/\/i01.sozcucdn.com\/wp-content\/uploads\/2023\/07\/03\/madimak2.jpg\" alt=\"\" title=\"\"><\/p>\n<p><strong>\u201cHO\u015eG\u00d6R\u00dcS\u00dcZL\u00dc\u011e\u00dcN ORTAYA \u00c7IKTI\u011eI B\u0130R TRAJED\u0130D\u0130R\u201d<\/strong><\/p>\n<p>Grup ad\u0131na bas\u0131n a\u00e7\u0131klamas\u0131n\u0131 ise Konak Kent Konseyi Ba\u015fkan\u0131 Hamit Mumcu okudu. Mumcu a\u00e7\u0131klamada \u015funlar\u0131 s\u00f6yledi:<\/p>\n<p>*Otuz y\u0131ld\u0131r adalet istiyoruz. Bug\u00fcn T\u00fcrkiye tarihinin kara bir g\u00fcn\u00fc olan 2 Temmuz Mad\u0131mak Katliam\u0131&#8217;n\u0131n y\u0131l d\u00f6n\u00fcm\u00fcn\u00fc anarken derin bir \u00fcz\u00fcnt\u00fc ve \u00f6fke i\u00e7indeyiz.<\/p>\n<p>*Otuz y\u0131l \u00f6nce Sivas Mad\u0131mak Oteli&#8217;nde ya\u015fanan deh\u015fet verici olayda aralar\u0131nda yazanlar\u0131n, sanat\u00e7\u0131lar\u0131n ve d\u00fc\u015f\u00fcnce insanlar\u0131n\u0131n da bulundu\u011fu otuz \u00fc\u00e7 can\u0131m\u0131z\u0131 kaybettik. Bug\u00fcn onlar\u0131 anmak ve adalet talebimizi y\u00fcksek sesle dile getirmek i\u00e7in buraday\u0131z.<\/p>\n<p>*Mad\u0131mak Katliam\u0131 ho\u015fg\u00f6r\u00fcs\u00fczl\u00fc\u011f\u00fcn ve karan\u0131n ac\u0131mas\u0131zca ortaya \u00e7\u0131kt\u0131\u011f\u0131 bir trajedidir. K\u00fclt\u00fcr ve d\u00fc\u015f\u00fcnce d\u00fcnyas\u0131n\u0131n se\u00e7kin isimlerine yap\u0131lan bu sald\u0131r\u0131 insanl\u0131k onuruna kar\u015f\u0131 i\u015flenen bir su\u00e7tur.<\/p>\n<p>*Bug\u00fcn o karanl\u0131k g\u00fcn\u00fcn \u00fczerinden y\u0131llar ge\u00e7mi\u015f olmas\u0131na ra\u011fmen hala adalet sa\u011flanamam\u0131\u015ft\u0131r. Bu ac\u0131 olay\u0131n sorumlular\u0131 cezaland\u0131r\u0131lmad\u0131klar\u0131 s\u00fcrece yaralar\u0131m\u0131z hi\u00e7bir zaman tam olarak sar\u0131lamayacakt\u0131r.<\/p>\n<p>*Ancak bu katliam\u0131n \u00e7\u00f6z\u00fcms\u00fczl\u00fc\u011fe mahkum edilen yarg\u0131 s\u00fcreci de zaman a\u015f\u0131m\u0131na b\u00fcr\u00fcnmek \u00fczere Mad\u0131mak\u2019ta ya\u015fananlar insanl\u0131\u011fa kar\u015f\u0131 i\u015flenen su\u00e7lar kapsam\u0131nda de\u011ferlendirilmedi\u011fi i\u00e7in otuzuncu y\u0131l\u0131nda g\u00f6z \u00f6n\u00fcnde olan olmayan b\u00fct\u00fcn su\u00e7lular zaman a\u015f\u0131m\u0131yla birlikte kanun \u00f6n\u00fcnde hi\u00e7bir sorumluluklar\u0131 yokmu\u015f gibi aktaracaklard\u0131r.<\/p>\n<p>*Bu cezas\u0131zl\u0131k benzer su\u00e7lar\u0131n\u0131n i\u015flenmesinin \u00f6n\u00fcndeki cayd\u0131r\u0131c\u0131 etkenleri de ortadan kald\u0131r\u0131p yeni katliama cesaret verecektir. S\u00fcrecin en ba\u015f\u0131ndan beri su\u00e7lular\u0131 koruyanlar, azmettirenleri gizleyenler, hukuki i\u015flevsiz k\u0131lanlar failleri affedenler zaman a\u015f\u0131m\u0131 kalkan\u0131na s\u0131\u011f\u0131nmalar\u0131 i\u00e7in \u00e7abalayanlar k\u0131sacas\u0131 bu katliam\u0131 atlayanlar da en az katiller kadar su\u00e7ludur.<\/p>\n<p>*Bu insanl\u0131k ay\u0131b\u0131n\u0131n tozlu raflara kald\u0131r\u0131lmas\u0131na asla izin vermeyece\u011fiz. Bug\u00fcn Mad\u0131mak Katliam\u0131&#8217;n\u0131n y\u0131l d\u00f6n\u00fcm\u00fcnde hayat\u0131n\u0131 kaybedenleri sayg\u0131yla an\u0131yorum. Onlar\u0131n m\u00fccadeleci ruhunu ya\u015fatmak i\u00e7in hep birlikte unutturmayaca\u011f\u0131m\u0131z\u0131 hayk\u0131r\u0131yoruz.<\/p>\n<p><strong>DEN\u0130ZE KARANF\u0130L BIRAKTILAR<\/strong><\/p>\n<p>Grup anma etkinli\u011fini bas\u0131n a\u00e7\u0131klamas\u0131n\u0131n ard\u0131ndan K\u0131br\u0131s \u015eehitleri Caddesi \u00fczerinden sahile \u00e7\u0131karak denize katliamda hayat\u0131n\u0131 kaybedenler ad\u0131na karanfil b\u0131rakarak sonland\u0131rd\u0131. (ANKA)<\/p>\n","protected":false},"excerpt":{"rendered":"<p>Sivas Katliam\u0131\u2019n\u0131n 30. y\u0131l d\u00f6n\u00fcm\u00fc nedeniyle \u0130zmir&#8217;de anma etkinli\u011fi d\u00fczenlendi. Yap\u0131lan a\u00e7\u0131klamalar\u0131n ard\u0131ndan katliamda hayat\u0131n\u0131 kaybedenler ad\u0131na denize karanfil b\u0131rak\u0131ld\u0131.<\/p>\n","protected":false},"author":1,"featured_media":108329,"comment_status":"closed","ping_status":"open","sticky":false,"template":"","format":"standard","meta":{"footnotes":""},"categories":[26],"tags":[446,82,1165,864,108],"class_list":["post-108328","post","type-post","status-publish","format-standard","has-post-thumbnail","hentry","category-gundem","tag-aydin","tag-gun","tag-kara","tag-katliami","tag-sivas"],"_links":{"self":[{"href":"https:\/\/haberulus.net\/index.php?rest_route=\/wp\/v2\/posts\/108328","targetHints":{"allow":["GET"]}}],"collection":[{"href":"https:\/\/haberulus.net\/index.php?rest_route=\/wp\/v2\/posts"}],"about":[{"href":"https:\/\/haberulus.net\/index.php?rest_route=\/wp\/v2\/types\/post"}],"author":[{"embeddable":true,"href":"https:\/\/haberulus.net\/index.php?rest_route=\/wp\/v2\/users\/1"}],"replies":[{"embeddable":true,"href":"https:\/\/haberulus.net\/index.php?rest_route=%2Fwp%2Fv2%2Fcomments&post=108328"}],"version-history":[{"count":1,"href":"https:\/\/haberulus.net\/index.php?rest_route=\/wp\/v2\/posts\/108328\/revisions"}],"predecessor-version":[{"id":108330,"href":"https:\/\/haberulus.net\/index.php?rest_route=\/wp\/v2\/posts\/108328\/revisions\/108330"}],"wp:featuredmedia":[{"embeddable":true,"href":"https:\/\/haberulus.net\/index.php?rest_route=\/wp\/v2\/media\/108329"}],"wp:attachment":[{"href":"https:\/\/haberulus.net\/index.php?rest_route=%2Fwp%2Fv2%2Fmedia&parent=108328"}],"wp:term":[{"taxonomy":"category","embeddable":true,"href":"https:\/\/haberulus.net\/index.php?rest_route=%2Fwp%2Fv2%2Fcategories&post=108328"},{"taxonomy":"post_tag","embeddable":true,"href":"https:\/\/haberulus.net\/index.php?rest_route=%2Fwp%2Fv2%2Ftags&post=108328"}],"curies":[{"name":"wp","href":"https:\/\/api.w.org\/{rel}","templated":true}]}}