{"id":108343,"date":"2023-07-04T00:19:05","date_gmt":"2023-07-04T00:19:05","guid":{"rendered":"https:\/\/haberulus.net\/?p=108343"},"modified":"2023-07-04T00:19:05","modified_gmt":"2023-07-04T00:19:05","slug":"merdan-yanardag-kimdir-nereli-kac-yasinda-meslegi-ne-merdan-yanardag-hangi-partili","status":"publish","type":"post","link":"https:\/\/haberulus.net\/?p=108343","title":{"rendered":"Merdan Yanarda\u011f kimdir? Nereli, ka\u00e7 ya\u015f\u0131nda, mesle\u011fi ne? Merdan Yanarda\u011f hangi partili?"},"content":{"rendered":"<p> <strong>Merdan Yanarda\u011f<\/strong> kimdir? Siyaset g\u00fcndeminin \u00f6ne \u00e7\u0131kan isimleri aras\u0131nda yer alan Merdan Yanarda\u011f hakk\u0131nda Merdan Yanarda\u011f kim merak ediliyor. Peki Merdan Yanarda\u011f kimdir? Nereli, ka\u00e7 ya\u015f\u0131nda, mesle\u011fi ne? Merdan Yanarda\u011f hangi parti? Detaylar&#8230;<\/p>\n<p><b>MERDAN YANARDA\u011e K\u0130MD\u0130R?<\/b><\/p>\n<p>Merdan Yanarda\u011f, gazeteci, yazar ve TV programc\u0131s\u0131d\u0131r. Yanarda\u011f, 1959 y\u0131l\u0131nda Sivas&#8217;\u0131n Divri\u011fi il\u00e7esinde do\u011fdu. N\u00fcfus c\u00fczdan\u0131nda do\u011fum tarihi 24.02.1961 belirtilmi\u015ftir. \u0130lk, orta, lise ve \u00fcniversite \u00f6\u011fretimini \u0130stanbul&#8217;da tamamlad\u0131. <\/p>\n<p>Marmara \u00dcniversitesi Siyasal Bilgiler Fak\u00fcltesi mezunudur. Marmara \u00dcniversitesi Sosyal Bilimler Enstit\u00fcs\u00fc&#8217;nde, &#8220;Siyaset Bilimi ve Kamu Y\u00f6netimi&#8221; alan\u0131nda y\u00fcksek lisans (master) yapt\u0131. Ard\u0131ndan (\u0130stanbul) Maltepe \u00dcniversitesi Sosyal Bilimler Enstit\u00fcs\u00fc&#8217;nde sosyoloji doktoras\u0131n\u0131 tamamlad\u0131.<\/p>\n<p>\u00d6\u011frencili\u011fi a\u011f\u0131rl\u0131kl\u0131 olarak T\u00fcrkiye&#8217;nin \u00e7ok b\u00fcy\u00fck siyasal ve toplumsal bir hareketlilik ve \u00e7at\u0131\u015fma ya\u015fad\u0131\u011f\u0131 1970&#8217;li y\u0131llarda ge\u00e7ti. Siyasal m\u00fccadele i\u00e7inde aktif \u015fekilde yer ald\u0131. Gen\u00e7lik \u00f6rg\u00fctlerinde y\u00f6neticilik yapt\u0131, d\u00f6nemin gen\u00e7lik liderleri aras\u0131nda yer ald\u0131. \u00dcniversite son s\u0131n\u0131f \u00f6\u011frencisiyken 12 Eyl\u00fcl 1980 askeri darbesinden sonra tutukland\u0131.<\/p>\n<p>Gazetecili\u011fe 1985 y\u0131l\u0131nda G\u00fcnayd\u0131n gazetesinde muhabir olarak ba\u015flad\u0131. Ard\u0131ndan s\u0131ras\u0131yla Sabah, H\u00fcrriyet, G\u00fcne\u015f, G\u00fcndem (kurucu) ve Ayd\u0131nl\u0131k (kurucu) gazetelerinde muhabir, edit\u00f6r,  <strong>haber<\/strong> m\u00fcd\u00fcr\u00fc, yaz\u0131 i\u015fleri m\u00fcd\u00fcr\u00fc ve genel yay\u0131n koordinat\u00f6r\u00fc olarak \u00e7al\u0131\u015ft\u0131. Kurucular\u0131 aras\u0131nda bulundu\u011fu haftal\u0131k S\u00f6z Dergisi&#8217;nde genel yay\u0131n y\u00f6netmenli\u011fi yapt\u0131.<\/p>\n<p>T\u00fcrkiye Gazeteciler Sendikas\u0131 \u0130stanbul Genel Sekreterli\u011fi g\u00f6revine (1989-1992) se\u00e7ildi. BSP ve \u00d6DP&#8217;nin kurucular\u0131 aras\u0131nda yer ald\u0131, bu partilerde merkez y\u00fcr\u00fctme kurulu \u00fcyeli\u011fi yapt\u0131. \u00d6DP&#8217;den 2001 y\u0131l\u0131nda ayr\u0131ld\u0131.<\/p>\n<p>G\u00f6rsel medya alan\u0131na 1994 y\u0131l\u0131nda HBB televizyonu ile ge\u00e7ti, haber programlar\u0131 yapt\u0131. S\u0131ras\u0131yla Kanal-e (CNBC-e), Kanal 6, ATV gibi televizyonlar\u0131nda edit\u00f6r, programc\u0131, haber m\u00fcd\u00fcr\u00fc ve genel m\u00fcd\u00fcr olarak \u00e7al\u0131\u015ft\u0131. Kanalt\u00fcrk televizyonunun kurucular\u0131 aras\u0131nda yer ald\u0131 ve bu yay\u0131n kurulu \u00fcyeli\u011fi (2004-2009) yapt\u0131. Kanalt\u00fcrk televizyonunda 5 y\u0131l boyunca &#8220;5. Boyut&#8221; isimli haftal\u0131k haber-analiz programlar\u0131 yapt\u0131. Daha sonra Kanal Biz televizyonunu kurdu ve bir y\u0131l boyunca (2009) genel yay\u0131n y\u00f6netmenli\u011fini yapt\u0131, 5. Boyut program\u0131n\u0131 bu kanalda da s\u00fcrd\u00fcrd\u00fc. Daha sonra Be\u015finci Boyut program\u0131na Ulusal Kanal&#8217;da (2010-12) devam etti.<\/p>\n<p>Yanarda\u011f, 2011 y\u0131l\u0131nda Yurt gazetesini kurdu, 3 y\u0131l boyunca bu gazetenin genel yay\u0131n y\u00f6netmenli\u011fini, yazarl\u0131\u011f\u0131n\u0131 ve ba\u015f yazarl\u0131\u011f\u0131n\u0131 yapt\u0131. Ayn\u0131 d\u00f6nemde kurdu\u011fu haftal\u0131k haber analiz dergisi Ba\u011f\u0131ms\u0131z&#8217;\u0131n da genel yay\u0131n y\u00f6netmenli\u011fini ve yazarl\u0131\u011f\u0131n\u0131 y\u00fcr\u00fctt\u00fc.<\/p>\n<p>Ayr\u0131ca \u00e7e\u015fitli dergi, gazete ve internet sitelerinde yay\u0131mlanm\u0131\u015f yakla\u015f\u0131k 400 makale ve inceleme yaz\u0131s\u0131 ile kendisiyle yap\u0131lm\u0131\u015f \u00e7ok say\u0131da s\u00f6yle\u015fi bulunuyor.<\/p>\n<p>Kas\u0131m 2015&#8217;te elektronik ortamda yay\u0131n yapan ABC Gazetesi&#8217;ni kuran ve genel yay\u0131n y\u00f6netmenli\u011fini \u00fcstlenen Yanarda\u011f, yaz\u0131lar\u0131na halen bu sitede devam ediyor. Ocak 2017 itibar\u0131yla T\u00fcrksat, Digiturk ve D-Smart \u00fczerinden yay\u0131n yapan Tele1 TV&#8217;nin de kurucu genel yay\u0131n y\u00f6netmenli\u011fini s\u00fcrd\u00fcren Yanarda\u011f bunlara ek olarak T\u00fcrkiye&#8217;nin bir\u00e7ok b\u00f6lgesinde konferanslar veriyor, panellere ve \u00e7e\u015fitli etkinliklere de konu\u015fmac\u0131 olarak kat\u0131l\u0131yor. Yanarda\u011f, 2017 y\u0131l\u0131 itibar\u0131yla Tele1&#8217;de yay\u0131nlanan 18 Dakika adl\u0131 programda Emre Kongar ile birlikte g\u00fcndeme dair geli\u015fmeleri yorumlamaktad\u0131r.<\/p>\n<p><b>TUTUKLANMASI<\/b><\/p>\n<p>Ergenekon Davas\u0131 kapsam\u0131nda \u0130stanbul 13. A\u011f\u0131r Ceza Mahkemesince 10 y\u0131l 6 ay hapis cezas\u0131na \u00e7arpt\u0131r\u0131lan Yanarda\u011f, \u00e7\u0131kar\u0131ld\u0131\u011f\u0131 mahkemece &#8220;Ergenekon silahl\u0131 ter\u00f6r \u00f6rg\u00fct\u00fcne \u00fcye olmak ve h\u00fck\u00fbmeti y\u0131kmaya te\u015febb\u00fcs&#8221; su\u00e7lamas\u0131yla tutukland\u0131, 10 Mart 2014 tarihinde ise Mu\u011fla E Tipi Kapal\u0131 Cezaevi&#8217;nden tahliye edildi.<\/p>\n<p><b>ESERLER\u0130<\/b><\/p>\n<ul>\n<li>988-2011, 5 Bask\u0131, (Genda\u015f Yay\u0131nlar\u0131, 2002)<\/li>\n<li>Milliyet\u00e7ilik MHP Fa\u015fizm (Ayk\u0131r\u0131 Yay\u0131nlar\u0131, ortak kitap, 2002)<\/li>\n<li>\u00c7ivi Yaz\u0131lar\u0131 ve Destek Yay\u0131nlar\u0131, (2004-2011, 3 Bask\u0131)<\/li>\n<li>Siyah Beyaz ve Destek Yay\u0131nlar\u0131, (2006, 26 Bask\u0131)<\/li>\n<li>Siyah Beyaz ve Destek Yay\u0131nlar\u0131, (2007-2012, 6 Bask\u0131)<\/li>\n<li>Siyah Beyaz Yay\u0131nlar\u0131 2008, (3 Bask\u0131 Siyah Beyaz Yay\u0131nlar\u0131, 2009, 2 Bask\u0131)<\/li>\n<li>Destek Yay\u0131nlar\u0131, (2012, 5 Bask\u0131)<\/li>\n<li>Destek Yay\u0131nlar\u0131, (2013, 6 Bask\u0131)<\/li>\n<li>Liberal \u0130hanet (K\u0131rm\u0131z\u0131 Kedi Yay\u0131nlar\u0131, 5 Bask\u0131)<\/li>\n<li>Destek Yay\u0131nlar\u0131, (2016)<\/li>\n<\/ul>\n","protected":false},"excerpt":{"rendered":"<p>Siyaset g\u00fcndeminin \u00f6ne \u00e7\u0131kan isimleri aras\u0131nda yer alan Merdan Yanarda\u011f hakk\u0131nda Merdan Yanarda\u011f kim merak ediliyor. Peki Merdan Yanarda\u011f kimdir? Nereli, ka\u00e7 ya\u015f\u0131nda, mesle\u011fi ne? Merdan Yanarda\u011f hangi parti?<\/p>\n","protected":false},"author":1,"featured_media":108344,"comment_status":"closed","ping_status":"open","sticky":false,"template":"","format":"standard","meta":{"footnotes":""},"categories":[28],"tags":[3724,1855,1818,12924,3944],"class_list":["post-108343","post","type-post","status-publish","format-standard","has-post-thumbnail","hentry","category-politika","tag-baski","tag-gazete","tag-kanal","tag-merdan-yanardag","tag-yayin"],"_links":{"self":[{"href":"https:\/\/haberulus.net\/index.php?rest_route=\/wp\/v2\/posts\/108343","targetHints":{"allow":["GET"]}}],"collection":[{"href":"https:\/\/haberulus.net\/index.php?rest_route=\/wp\/v2\/posts"}],"about":[{"href":"https:\/\/haberulus.net\/index.php?rest_route=\/wp\/v2\/types\/post"}],"author":[{"embeddable":true,"href":"https:\/\/haberulus.net\/index.php?rest_route=\/wp\/v2\/users\/1"}],"replies":[{"embeddable":true,"href":"https:\/\/haberulus.net\/index.php?rest_route=%2Fwp%2Fv2%2Fcomments&post=108343"}],"version-history":[{"count":1,"href":"https:\/\/haberulus.net\/index.php?rest_route=\/wp\/v2\/posts\/108343\/revisions"}],"predecessor-version":[{"id":108345,"href":"https:\/\/haberulus.net\/index.php?rest_route=\/wp\/v2\/posts\/108343\/revisions\/108345"}],"wp:featuredmedia":[{"embeddable":true,"href":"https:\/\/haberulus.net\/index.php?rest_route=\/wp\/v2\/media\/108344"}],"wp:attachment":[{"href":"https:\/\/haberulus.net\/index.php?rest_route=%2Fwp%2Fv2%2Fmedia&parent=108343"}],"wp:term":[{"taxonomy":"category","embeddable":true,"href":"https:\/\/haberulus.net\/index.php?rest_route=%2Fwp%2Fv2%2Fcategories&post=108343"},{"taxonomy":"post_tag","embeddable":true,"href":"https:\/\/haberulus.net\/index.php?rest_route=%2Fwp%2Fv2%2Ftags&post=108343"}],"curies":[{"name":"wp","href":"https:\/\/api.w.org\/{rel}","templated":true}]}}