{"id":108381,"date":"2023-08-05T23:27:16","date_gmt":"2023-08-05T23:27:16","guid":{"rendered":"https:\/\/haberulus.net\/?p=108381"},"modified":"2023-08-05T23:27:16","modified_gmt":"2023-08-05T23:27:16","slug":"chp-balcova-kongresinde-eski-baskanlar-birbirine-girdi","status":"publish","type":"post","link":"https:\/\/haberulus.net\/?p=108381","title":{"rendered":"CHP Bal\u00e7ova Kongresi&#8217;nde eski ba\u015fkanlar birbirine girdi"},"content":{"rendered":"<p> <strong>\u0130zmir<\/strong>&#8216;de CHP&#8217;nin Bal\u00e7ova \u0130l\u00e7e Kongresi&#8217;nde eski Bal\u00e7ova Belediye Ba\u015fkan\u0131 Mehmet Ali \u00c7alkaya ile eski \u0130zmir B\u00fcy\u00fck\u015fehir Belediye Ba\u015fkan\u0131 Y\u00fcksel \u00c7akmur aras\u0131nda sert tart\u0131\u015fma ya\u015fand\u0131. \u00c7alkaya, \u00c7akmur konu\u015fma yapt\u0131\u011f\u0131 s\u0131rada aya\u011fa kalkarak, &#8220;Milletin akl\u0131yla alay etme. Benim akl\u0131m \u00e7al\u0131\u015f\u0131yor. \u00d6zfatura&#8217;ya, takunyal\u0131lara bu kenti sen teslim ettin. \u0130zmir&#8217;in anas\u0131n\u0131 sen belledin.&#8221; dedi.<\/p>\n<p><b>CHP&#8217;DE \u0130LK KONGRE BAL\u00c7OVA&#8217;DA<\/b><\/p>\n<p>Ma\u011flubiyetle sona eren se\u00e7imlerin ard\u0131ndan &#8220;de\u011fi\u015fim&#8221; tart\u0131\u015fmalar\u0131n\u0131n ba\u015flad\u0131\u011f\u0131 CHP&#8217;de &#8220;kongre&#8221; s\u00fcrecine girildi. Ana muhalefet partisi, ilk kongresini \u0130zmir Bal\u00e7ova&#8217;da yapt\u0131.<\/p>\n<p><b>&#8220;\u0130ZM\u0130R&#8217;\u0130 TAKUNYALILARA ELLER\u0130NLE SEN TESL\u0130M ETT\u0130N&#8221;<\/b><\/p>\n<p>CHP Bal\u00e7ova \u0130l\u00e7e Kongresi tart\u0131\u015fmalar\u0131n g\u00f6lgesinde ge\u00e7ti. Eski \u0130zmir B\u00fcy\u00fck\u015fehir Belediye Ba\u015fkan\u0131 Y\u00fcksel \u00c7akmur ile eski Bal\u00e7ova Belediye Ba\u015fkan\u0131 Mehmet Ali \u00c7alkaya aras\u0131nda sert tart\u0131\u015fma ya\u015fand\u0131. Y\u00fcksel \u00c7akmur konu\u015fma yapt\u0131\u011f\u0131 s\u0131rada aya\u011fa kalkan Mehmet Ali \u00c7alkaya, \u00c7akmur&#8217;un, \u0130zmir&#8217;de ba\u015far\u0131s\u0131z olmas\u0131 nedeniyle Burhan \u00d6zfatura&#8217;n\u0131n se\u00e7imleri kazand\u0131\u011f\u0131n\u0131 s\u00f6yledi. \u00c7akmur&#8217;a ba\u011f\u0131ran \u00c7alkaya, &#8220;\u00d6zfatura&#8217;ya bu se\u00e7imi sen verdin. \u0130zmir&#8217;i takunyal\u0131lara ellerinle sen teslim ettin.&#8221; dedi.<\/p>\n<p><b>&#8220;\u0130ZM\u0130R&#8217;\u0130N ANASINI SEN BELLED\u0130N&#8221;<\/b><\/p>\n<p>\u00c7akmur &#8220;Tart\u0131\u015fmayaca\u011f\u0131m&#8221; diyerek ortam\u0131 sakinle\u015ftirmek isterken, \u00c7alkaya bir kez daha ayn\u0131 ifadeleri kulland\u0131. \u00c7alkaya, &#8221; Tart\u0131\u015fmayacaks\u0131n, milletin akl\u0131yla alay etme. Benim akl\u0131m \u00e7al\u0131\u015f\u0131yor. \u00d6zfatura&#8217;ya, takunyal\u0131lara bu kenti sen teslim ettin. \u0130zmir&#8217;in anas\u0131n\u0131 sen belledin. B\u0131rak\u0131n bunu, buras\u0131 martaval okunacak yer de\u011fil, buras\u0131 CHP Bal\u00e7ova Kongresi. Takunyal\u0131 devrini sen ba\u015flatt\u0131n, ba\u015far\u0131l\u0131 olsayd\u0131n burada bir takunyal\u0131  <strong>se\u00e7im<\/strong> kazanmazd\u0131.&#8221; ifadelerini kulland\u0131.<\/p>\n<p><b>&#8220;BEN\u0130 12 MART&#8217;LAR, 12 EYL\u00dcL&#8217;LER KORKUTAMADI&#8221;<\/b><\/p>\n<p>&#8220;Defol git&#8221; s\u00f6zleri havada u\u00e7u\u015furken, Y\u00fcksel \u00c7akmur s\u00f6zlerini \u015fu \u015fekilde s\u00fcrd\u00fcrd\u00fc: &#8220;Beni 12 Mart&#8217;lar, 12 Eyl\u00fcl&#8217;ler korkutamad\u0131 sen hi\u00e7 korkutamazs\u0131n. Cevap vermeyece\u011fim, yan\u0131t vermeyece\u011fim. S\u00f6yleyen insanlara bakal\u0131m, San\u0131l\u0131yorsa bu ba\u011f\u0131rmalar, \u00e7a\u011f\u0131rmalar beni \u00fcrk\u00fct\u00fcyor, ben demokrasi i\u00e7inde, \u00f6zg\u00fcrl\u00fck i\u00e7inde yeti\u015fmi\u015fim. Her yerde \u00f6zg\u00fcrl\u00fck bayra\u011f\u0131n\u0131 dalgaland\u0131rm\u0131\u015f\u0131m. Beni 12 Mart&#8217;la, 12 Eyl\u00fcl&#8217;ler, Kenan Evren&#8217;ler korkutamad\u0131; senin gibiler hi\u00e7 korkutamaz. Halkla beraberim.&#8221;<\/p>\n","protected":false},"excerpt":{"rendered":"<p>\u0130zmir&#8217;de CHP&#8217;nin Bal\u00e7ova \u0130l\u00e7e Kongresi sert tart\u0131\u015fmalara sahne oldu. Eski Bal\u00e7ova Belediye Ba\u015fkan\u0131 Mehmet Ali \u00c7alkaya, eski \u0130zmir B\u00fcy\u00fck\u015fehir Belediye Ba\u015fkan\u0131 Y\u00fcksel \u00c7akmur konu\u015fma yapt\u0131\u011f\u0131 s\u0131rada aya\u011fa kalkarak, &#8220;Milletin akl\u0131yla alay etme. Benim akl\u0131m \u00e7al\u0131\u015f\u0131yor. \u00d6zfatura&#8217;ya, takunyal\u0131lara bu kenti sen teslim ettin. \u0130zmir&#8217;in anas\u0131n\u0131 sen belledin.&#8221; ifadelerini kulland\u0131.<\/p>\n","protected":false},"author":1,"featured_media":108382,"comment_status":"closed","ping_status":"open","sticky":false,"template":"","format":"standard","meta":{"footnotes":""},"categories":[28],"tags":[13081,13080,196,1467,1171],"class_list":["post-108381","post","type-post","status-publish","format-standard","has-post-thumbnail","hentry","category-politika","tag-balcova","tag-calkaya","tag-izmir","tag-sen","tag-tartisma"],"_links":{"self":[{"href":"https:\/\/haberulus.net\/index.php?rest_route=\/wp\/v2\/posts\/108381","targetHints":{"allow":["GET"]}}],"collection":[{"href":"https:\/\/haberulus.net\/index.php?rest_route=\/wp\/v2\/posts"}],"about":[{"href":"https:\/\/haberulus.net\/index.php?rest_route=\/wp\/v2\/types\/post"}],"author":[{"embeddable":true,"href":"https:\/\/haberulus.net\/index.php?rest_route=\/wp\/v2\/users\/1"}],"replies":[{"embeddable":true,"href":"https:\/\/haberulus.net\/index.php?rest_route=%2Fwp%2Fv2%2Fcomments&post=108381"}],"version-history":[{"count":1,"href":"https:\/\/haberulus.net\/index.php?rest_route=\/wp\/v2\/posts\/108381\/revisions"}],"predecessor-version":[{"id":108383,"href":"https:\/\/haberulus.net\/index.php?rest_route=\/wp\/v2\/posts\/108381\/revisions\/108383"}],"wp:featuredmedia":[{"embeddable":true,"href":"https:\/\/haberulus.net\/index.php?rest_route=\/wp\/v2\/media\/108382"}],"wp:attachment":[{"href":"https:\/\/haberulus.net\/index.php?rest_route=%2Fwp%2Fv2%2Fmedia&parent=108381"}],"wp:term":[{"taxonomy":"category","embeddable":true,"href":"https:\/\/haberulus.net\/index.php?rest_route=%2Fwp%2Fv2%2Fcategories&post=108381"},{"taxonomy":"post_tag","embeddable":true,"href":"https:\/\/haberulus.net\/index.php?rest_route=%2Fwp%2Fv2%2Ftags&post=108381"}],"curies":[{"name":"wp","href":"https:\/\/api.w.org\/{rel}","templated":true}]}}