{"id":108522,"date":"2023-08-06T07:19:07","date_gmt":"2023-08-06T07:19:07","guid":{"rendered":"https:\/\/haberulus.net\/?p=108522"},"modified":"2023-08-06T07:19:07","modified_gmt":"2023-08-06T07:19:07","slug":"kabine-yarin-erdogan-baskanliginda-toplaniyor-masada-iki-onemli-konu-basligi-var","status":"publish","type":"post","link":"https:\/\/haberulus.net\/?p=108522","title":{"rendered":"Kabine yar\u0131n Erdo\u011fan ba\u015fkanl\u0131\u011f\u0131nda toplan\u0131yor! Masada iki \u00f6nemli konu ba\u015fl\u0131\u011f\u0131 var"},"content":{"rendered":"<p>Cumhurba\u015fkan\u0131 Erdo\u011fan siyaset mesaisine pazartesi g\u00fcn\u00fc Kabine Toplant\u0131s\u0131 ile devam edecek. Milyonlar\u0131n g\u00f6z\u00fcn\u00fcn \u00e7evrildi\u011fi toplant\u0131da Rusya-Ukrayna Sava\u015f\u0131, rafa kald\u0131r\u0131lan tah\u0131l koridoru ve d\u0131\u015f yat\u0131r\u0131m odakl\u0131  <strong>ekonomi<\/strong> plan\u0131 de\u011ferlendirilecek.<\/p>\n<p><b>PUT\u0130N G\u00d6R\u00dc\u015eMES\u0130N\u0130N \u015e\u0130FRELER\u0130 PAYLA\u015eILACAK<\/b><\/p>\n<p>Cumhurba\u015fkan\u0131 Erdo\u011fan Putin&#8217;le yapt\u0131\u011f\u0131 telefon g\u00f6r\u00fc\u015fmesinin \u015fifrelerini Kabine ile payla\u015facak. Sorunun \u00e7\u00f6z\u00fcm\u00fc i\u00e7in sunulan \u00f6neriler ve onlar\u0131n nas\u0131l hayata ge\u00e7irilece\u011fi g\u00f6r\u00fc\u015f\u00fclecek.<\/p>\n<p><b>50 YATIRIMCININ KATILIMIYLA YAPILAN TOPLANTI DA MASADA<\/b><\/p>\n<p> <strong>Ekonomi<\/strong> de Kabine&#8217;nin \u00f6nemli ba\u015fl\u0131klar\u0131ndan biri olacak. ABD merkezli yat\u0131r\u0131m bankas\u0131 JP Morgan&#8217;\u0131n organizasyonunda yakla\u015f\u0131k 50 yat\u0131r\u0131mc\u0131n\u0131n kat\u0131l\u0131m\u0131yla yap\u0131lan toplant\u0131ya kat\u0131lan Hazine ve Maliye Bakan\u0131 Mehmet \u015eim\u015fek, toplant\u0131 \u00e7\u0131kt\u0131lar\u0131n\u0131 Kabine \u00fcyeleriyle payla\u015facak.<\/p>\n<p><b>ARTAN D\u00d6V\u0130Z REZERV\u0130 DE ELE ALINACAK<\/b><\/p>\n<p>Bakan \u015eim\u015fek d\u0131\u015f yat\u0131r\u0131mc\u0131lar\u0131 T\u00fcrkiye&#8217;ye \u00e7ekmeye y\u00f6nelik y\u00fcr\u00fct\u00fclen ekonomi y\u00f6netiminin geldi\u011fi noktay\u0131 payla\u015facak. Merkez Bankas\u0131&#8217;n\u0131n artan d\u00f6viz rezervi de bu kapsamda ele al\u0131nacak.<\/p>\n<p><b>TOPLU S\u00d6ZLE\u015eME S\u00dcREC\u0130 DE MASADA<\/b><\/p>\n<p>Hafta ortas\u0131nda ba\u015flayan ve memurlar\u0131 ilgilendiren toplu s\u00f6zle\u015fme s\u00fcreci de g\u00fcndemde. \u00c7al\u0131\u015fma ve Sosyal G\u00fcvenlik Bakan\u0131 Vedat I\u015f\u0131khan, memur cephesinin beklentilerini ba\u015fta Erdo\u011fan olmak \u00fczere Kabine&#8217;ye iletecek. \u0130kinci toplant\u0131 \u00f6ncesi ilk de\u011ferlendirme yap\u0131lacak.<\/p>\n","protected":false},"excerpt":{"rendered":"<p>Cumhurba\u015fkanl\u0131\u011f\u0131 Kabinesi yar\u0131n Cumhurba\u015fkan\u0131 Erdo\u011fan liderli\u011finde toplanacak. Kabine&#8217;nin masas\u0131ndaki konu ba\u015fl\u0131klar\u0131 Tah\u0131l Koridoru&#8217;nun gelece\u011fi ve d\u0131\u015f yat\u0131r\u0131m odakl\u0131 ekonomi plan\u0131 olacak.<\/p>\n","protected":false},"author":1,"featured_media":108523,"comment_status":"closed","ping_status":"open","sticky":false,"template":"","format":"standard","meta":{"footnotes":""},"categories":[28],"tags":[2878,507,944],"class_list":["post-108522","post","type-post","status-publish","format-standard","has-post-thumbnail","hentry","category-politika","tag-kabine","tag-toplanti","tag-yatirim"],"_links":{"self":[{"href":"https:\/\/haberulus.net\/index.php?rest_route=\/wp\/v2\/posts\/108522","targetHints":{"allow":["GET"]}}],"collection":[{"href":"https:\/\/haberulus.net\/index.php?rest_route=\/wp\/v2\/posts"}],"about":[{"href":"https:\/\/haberulus.net\/index.php?rest_route=\/wp\/v2\/types\/post"}],"author":[{"embeddable":true,"href":"https:\/\/haberulus.net\/index.php?rest_route=\/wp\/v2\/users\/1"}],"replies":[{"embeddable":true,"href":"https:\/\/haberulus.net\/index.php?rest_route=%2Fwp%2Fv2%2Fcomments&post=108522"}],"version-history":[{"count":1,"href":"https:\/\/haberulus.net\/index.php?rest_route=\/wp\/v2\/posts\/108522\/revisions"}],"predecessor-version":[{"id":108524,"href":"https:\/\/haberulus.net\/index.php?rest_route=\/wp\/v2\/posts\/108522\/revisions\/108524"}],"wp:featuredmedia":[{"embeddable":true,"href":"https:\/\/haberulus.net\/index.php?rest_route=\/wp\/v2\/media\/108523"}],"wp:attachment":[{"href":"https:\/\/haberulus.net\/index.php?rest_route=%2Fwp%2Fv2%2Fmedia&parent=108522"}],"wp:term":[{"taxonomy":"category","embeddable":true,"href":"https:\/\/haberulus.net\/index.php?rest_route=%2Fwp%2Fv2%2Fcategories&post=108522"},{"taxonomy":"post_tag","embeddable":true,"href":"https:\/\/haberulus.net\/index.php?rest_route=%2Fwp%2Fv2%2Ftags&post=108522"}],"curies":[{"name":"wp","href":"https:\/\/api.w.org\/{rel}","templated":true}]}}