{"id":108538,"date":"2023-08-06T07:51:08","date_gmt":"2023-08-06T07:51:08","guid":{"rendered":"https:\/\/haberulus.net\/?p=108538"},"modified":"2023-08-06T07:51:08","modified_gmt":"2023-08-06T07:51:08","slug":"ev-sahiplerinin-kiraci-tercihleri-degisti","status":"publish","type":"post","link":"https:\/\/haberulus.net\/?p=108538","title":{"rendered":"Ev sahiplerinin kirac\u0131 tercihleri de\u011fi\u015fti"},"content":{"rendered":"<p>Ev sahipleri, son d\u00f6nemlerde kirac\u0131 tercihlerini bekar ya da \u00f6\u011frencilerden yana kullanmaya ba\u015flad\u0131. \u00d6\u011frencilerin genellikle k\u0131sa s\u00fcreli ev kiralad\u0131\u011f\u0131n\u0131 anlatan \u0130zmir Emlak Kul\u00fcb\u00fc Derne\u011fi Ba\u015fkan\u0131 R\u0131dvan Akg\u00fcn, ev sahiplerinin uzun s\u00fcreli kirac\u0131 istemedi\u011fini belirterek, \u201cEskiden bekara ev vermeyiz derlerdi. Piyasada daire \u00e7ok fazlayd\u0131. Uzun s\u00fcre kalacak bir kirac\u0131 tercih edilirdi ancak art\u0131k T\u00fcrkiye\u2019deki kiral\u0131k daire aray\u0131\u015f\u0131 artt\u0131. M\u00fclk sahipleri do\u011fal olarak en k\u0131sa s\u00fcre kalacak kirac\u0131 aray\u0131\u015f\u0131na y\u00f6neldi. Eskiden ev sahipleri \u00f6\u011frencilere, bekara ev vermezlerdi. \u015eimdi ise \u00fcniversitede son s\u0131n\u0131f ya da 3\u2019\u00fcnc\u00fc s\u0131n\u0131f \u00f6\u011frencileri tercih ediliyor ya da \u2018Bekar olsun yar\u0131n evlenir gider\u2019 diyorlar\u201d diye konu\u015ftu.<\/p>\n<p><img decoding=\"async\" src=\"https:\/\/i01.sozcucdn.com\/wp-content\/uploads\/2023\/08\/06\/resim2_23489141.jpg\" alt=\"\" title=\"\"><\/p>\n<p><strong>\u201cK\u0130RALAR Y\u00dcZDE 30 ARTACAK\u201d<\/strong><\/p>\n<p>Kiral\u0131k daire say\u0131s\u0131n\u0131n az olmas\u0131n\u0131n fiyatlar\u0131 da art\u0131rd\u0131\u011f\u0131n\u0131 s\u00f6yleyen Akg\u00fcn, eyl\u00fcl ay\u0131nda y\u00fczde 30 daha art\u0131\u015f beklediklerini belirtti. Talebin artmas\u0131 ile ev sahiplerinin daha da se\u00e7ici oldu\u011funu anlatan Akg\u00fcn, \u015funlar\u0131 s\u00f6yledi:<\/p>\n<p>\u2013 Bir ilan veriyorsunuz, 1000 ki\u015fi ar\u0131yor. M\u00fclk sahipleri, tercihlerini tamamen de\u011fi\u015ftirdi. Kirac\u0131n\u0131n kiralama s\u00fcresi k\u0131sa olacak, tahliye taahh\u00fctnamesi verecek, kefil bulacak, kira bedelinin 2-3 kat fazlas\u0131 gelire sahip olacak gibi \u015fartlar ar\u0131yorlar. Son 2 y\u0131l\u0131 de\u011ferlendirecek olursak; kiralar y\u00fczde 600 artt\u0131. Kar\u015f\u0131yaka, Bornova, G\u00fczelyal\u0131 gibi metropollerde en d\u00fc\u015f\u00fck kiralar 10 bin liradan ba\u015fl\u0131yor.<\/p>\n<div><img decoding=\"async\" src=\"https:\/\/i01.sozcucdn.com\/wp-content\/uploads\/2023\/08\/06\/resim5_23489131.jpg\" alt=\"\" title=\"\"><\/p>\n<p>\u0130zmir Emlak Kul\u00fcb\u00fc Derne\u011fi Ba\u015fkan\u0131 R\u0131dvan Akg\u00fcn<\/p>\n<\/div>\n<p>\u2013 Bundan 2 sene \u00f6nce ayn\u0131 evler 1000 lira, 1500 lirayd\u0131. Eyl\u00fcl ay\u0131nda kiralar\u0131n y\u00fczde 30 artmas\u0131n\u0131 bekliyoruz. Ev sahipleri de kendilerini korumaya almak i\u00e7in 1 y\u0131ll\u0131\u011f\u0131na kontrat yap\u0131yor. G\u00fcn\u00fcm\u00fczde \u2018O\u011flum, k\u0131z\u0131m evlenecek\u2019 deyip, kirac\u0131s\u0131n\u0131 \u00e7\u0131karmaya \u00e7al\u0131\u015fan ev sahiplerinin say\u0131s\u0131 da artt\u0131. 2023-2024 e\u011fitim \u00f6\u011fretim y\u0131l\u0131nda \u00f6\u011frenciler, bar\u0131nma sorunu ya\u015fad\u0131. Kahramanmara\u015f depreminden sonra yurtlar depremzedeler i\u00e7in ayr\u0131ld\u0131. \u00d6\u011frenciler de tiny house, bungalov tipi evlerde kalmak i\u00e7in aray\u0131\u015fa ge\u00e7tiler.<\/p>\n<p><strong>\u201cKISA S\u00dcREL\u0130 S\u00d6ZLE\u015eME \u015eARTI\u201d<\/strong><\/p>\n<p>\u0130zmir\u2019de 6 y\u0131l \u00f6nce ikinci kattan d\u00fc\u015ft\u00fc\u011f\u00fc i\u00e7in y\u00fcr\u00fcyemeyen, yemek yiyemeyen, konu\u015famayan, yo\u011fun fizik tedavi ve rehabilitasyon deste\u011fi alan Feride S\u0131la \u00d6zcan\u2019\u0131n (9) annesi Ba\u015fak \u00d6zcan da 22 g\u00fcnd\u00fcr kiral\u0131k ev arad\u0131klar\u0131n\u0131 belirtti.<\/p>\n<p>Kiral\u0131k ev ilan\u0131 bulman\u0131n zorla\u015ft\u0131\u011f\u0131n\u0131, bulduklar\u0131n\u0131 da ev sahibinin kriterleri nedeniyle tutamad\u0131klar\u0131n\u0131 s\u00f6yleyen \u00d6zcan, \u201cMenderes\u2019te oturuyorduk, k\u0131z\u0131m\u0131n \u00f6zel durumuna uygun bir evimiz vard\u0131. Ev sahibi, evini sataca\u011f\u0131n\u0131 s\u00f6yleyip, bizi mart ay\u0131nda \u00e7\u0131kard\u0131. Osmangazi\u2019de bir eve ta\u015f\u0131nd\u0131k ancak 3 ay oturabildik. Nemli bir ortam vard\u0131, k\u0131z\u0131m\u0131n sa\u011fl\u0131\u011f\u0131 i\u00e7in elveri\u015fli de\u011fildi. Feride\u2019nin ci\u011ferlerinde h\u0131r\u0131lt\u0131 ba\u015flad\u0131. Evi bo\u015faltt\u0131k ve 22 g\u00fcnd\u00fcr bir arkada\u015f\u0131m\u0131z\u0131n evinde kal\u0131yoruz\u201d dedi.<\/p>\n<p><img decoding=\"async\" src=\"https:\/\/i01.sozcucdn.com\/wp-content\/uploads\/2023\/08\/06\/resim3_23489136.jpg\" alt=\"\" title=\"\"><\/p>\n<p><strong>\u201cUZUN S\u00dcRE OTURAB\u0130LECE\u011e\u0130M\u0130Z B\u0130R EV ARIYORUZ\u201d<\/strong><\/p>\n<p>Her y\u0131l ev de\u011fi\u015ftirmek istemediklerini anlatan \u00d6zcan, Feride\u2019nin duvara monte aynas\u0131, y\u00fcr\u00fcteci ve tavana as\u0131l\u0131 sal\u0131nca\u011f\u0131n\u0131 kullanabilecekleri bir eve ihtiyac\u0131 olduklar\u0131n\u0131 belirterek, \u015f\u00f6yle devam etti:<\/p>\n<p>\u2013 Bir\u00e7ok ev sahibi \u00f6\u011frenciye ev veriyor ya da k\u0131sa s\u00fcrede s\u00f6zle\u015fme yapmak istiyorlar. 6 ay ya da 1 y\u0131ll\u0131k kira bedelini toplu isteyenler var. Emlak\u00e7\u0131lar da ev sahiplerinin \u00f6\u011frenciye kiraya verece\u011fini, yapacaklar\u0131 bir \u015fey olmad\u0131\u011f\u0131n\u0131 s\u00f6yl\u00fcyor. Kiral\u0131k ilan\u0131 bulmak zorla\u015ft\u0131. Bir ev bulup randevula\u015f\u0131yoruz, gidene kadar hemen tutuluyor.<\/p>\n<p>\u2013 Hem ekonomik durumumuz hem k\u0131z\u0131m\u0131n sa\u011fl\u0131\u011f\u0131 her y\u0131l bir ev de\u011fi\u015ftirmemize izin vermiyor. Do\u011fal gaz, elektrik abonelik a\u00e7ma-kapama, nakliye hepsi masraf. Feride\u2019nin evdeki terapileri aksad\u0131. Uzun s\u00fcre oturabilece\u011fimiz bir ev ar\u0131yoruz. Maalesef ya k\u0131sa s\u00fcreli s\u00f6zle\u015fme yap\u0131yorlar ya da \u2018\u00d6\u011frenciye verece\u011fiz\u2019 deyip, konuyu kapat\u0131yorlar. <strong>(DHA)<\/strong><\/p>\n","protected":false},"excerpt":{"rendered":"<p>\u0130zmir Emlak Kul\u00fcb\u00fc Derne\u011fi Ba\u015fkan\u0131 R\u0131dvan Akg\u00fcn, ev sahiplerinin kirac\u0131 tercihlerinin de\u011fi\u015fti\u011fini s\u00f6yledi.<\/p>\n","protected":false},"author":1,"featured_media":108539,"comment_status":"closed","ping_status":"open","sticky":false,"template":"","format":"standard","meta":{"footnotes":""},"categories":[25],"tags":[4484,311,2378,3686,1755],"class_list":["post-108538","post","type-post","status-publish","format-standard","has-post-thumbnail","hentry","category-ekonomi","tag-ev-sahipleri","tag-kira","tag-kiraci","tag-kiralik","tag-ogrenciler"],"_links":{"self":[{"href":"https:\/\/haberulus.net\/index.php?rest_route=\/wp\/v2\/posts\/108538","targetHints":{"allow":["GET"]}}],"collection":[{"href":"https:\/\/haberulus.net\/index.php?rest_route=\/wp\/v2\/posts"}],"about":[{"href":"https:\/\/haberulus.net\/index.php?rest_route=\/wp\/v2\/types\/post"}],"author":[{"embeddable":true,"href":"https:\/\/haberulus.net\/index.php?rest_route=\/wp\/v2\/users\/1"}],"replies":[{"embeddable":true,"href":"https:\/\/haberulus.net\/index.php?rest_route=%2Fwp%2Fv2%2Fcomments&post=108538"}],"version-history":[{"count":1,"href":"https:\/\/haberulus.net\/index.php?rest_route=\/wp\/v2\/posts\/108538\/revisions"}],"predecessor-version":[{"id":108540,"href":"https:\/\/haberulus.net\/index.php?rest_route=\/wp\/v2\/posts\/108538\/revisions\/108540"}],"wp:featuredmedia":[{"embeddable":true,"href":"https:\/\/haberulus.net\/index.php?rest_route=\/wp\/v2\/media\/108539"}],"wp:attachment":[{"href":"https:\/\/haberulus.net\/index.php?rest_route=%2Fwp%2Fv2%2Fmedia&parent=108538"}],"wp:term":[{"taxonomy":"category","embeddable":true,"href":"https:\/\/haberulus.net\/index.php?rest_route=%2Fwp%2Fv2%2Fcategories&post=108538"},{"taxonomy":"post_tag","embeddable":true,"href":"https:\/\/haberulus.net\/index.php?rest_route=%2Fwp%2Fv2%2Ftags&post=108538"}],"curies":[{"name":"wp","href":"https:\/\/api.w.org\/{rel}","templated":true}]}}