{"id":108574,"date":"2023-08-06T08:49:04","date_gmt":"2023-08-06T08:49:04","guid":{"rendered":"https:\/\/haberulus.net\/?p=108574"},"modified":"2023-08-06T08:49:04","modified_gmt":"2023-08-06T08:49:04","slug":"ab-ust-duzey-yetkilisi-turkiyenin-vize-serbestisi-sonbaharda-gorusulecek","status":"publish","type":"post","link":"https:\/\/haberulus.net\/?p=108574","title":{"rendered":"AB \u00dcst D\u00fczey Yetkilisi: T\u00fcrkiye&#8217;nin Vize Serbestisi Sonbaharda G\u00f6r\u00fc\u015f\u00fclecek"},"content":{"rendered":"<p>Cumhurba\u015fkan\u0131 Erdo\u011fan&#8217;\u0131n NATO Zirvesi&#8217;ndeki Avrupa Birli\u011fi resti kar\u015f\u0131l\u0131k vermeye ba\u015flad\u0131. Erdo\u011fan&#8217;\u0131n &#8220;T\u00fcrkiye&#8217;nin AB&#8217;de \u00f6n\u00fcn\u00fc a\u00e7\u0131n, biz de \u0130sve\u00e7&#8217;in \u00fcyeli\u011fi konusunda \u00f6n\u00fcn\u00fc a\u00e7al\u0131m&#8221; s\u00f6zleri sonras\u0131nda dikkat \u00e7eken bir geli\u015fme ya\u015fand\u0131.<\/p>\n<p><b>&#8220;T\u00dcRK\u0130YE ADAY \u00dcLKE VE K\u0130L\u0130T ORTAK OLMAYA DEVAM ED\u0130YOR&#8221;<\/b><\/p>\n<p>Avrupa Birli\u011fi&#8217;nde g\u00f6revli \u00fcst d\u00fczey bir yetkili &#8220;T\u00fcrkiye&#8217;nin vize serbestisi sonbaharda g\u00f6r\u00fc\u015f\u00fclecek&#8221; s\u00f6zlerine yer verdi. S\u00f6z konusu yetkili konu\u015fmas\u0131n\u0131n devam\u0131nda, &#8220;T\u00fcrkiye, bir\u00e7ok ortak \u00e7\u0131kar alan\u0131nda aday \u00fclke ve kilit ortak olmaya devam etmektedir. Avrupa \u0130nsan Haklar\u0131 S\u00f6zle\u015fmesi yeniden ivme kazan\u0131lmas\u0131 a\u00e7\u0131s\u0131ndan elzemdir.&#8221; dedi.<\/p>\n<p><b>V\u0130ZE SERBEST\u0130S\u0130 NED\u0130R?<\/b><\/p>\n<p>Vize Serbestisi Diyalo\u011fu tamamland\u0131\u011f\u0131nda biyometrik pasaport sahibi t\u00fcm vatanda\u015flar\u0131m\u0131z, Schengen \u00fclkelerine i\u015f, ailevi ya da turistik ama\u00e7l\u0131 k\u0131sa s\u00fcreli ziyaretlerinde (180 g\u00fcn i\u00e7inde 90 g\u00fcne kadar) vizesiz seyahat edebilecektir. Schengen vizesi, Birle\u015fik Krall\u0131k ve \u0130rlanda hari\u00e7 t\u00fcm AB \u00fcyesi \u00fclkeler i\u00e7in ge\u00e7erlidir.<\/p>\n","protected":false},"excerpt":{"rendered":"<p>Avrupa Birli\u011fi&#8217;nde (AB) \u00fcst d\u00fczey bir yetkili T\u00fcrkiye&#8217;nin vize serbestisi ve birli\u011fe \u00fcyeli\u011fi konusunda \u00f6nemli a\u00e7\u0131klamalarda bulundu. Yetkili isim &#8220;T\u00fcrkiye&#8217;nin vize serbestisi sonbaharda g\u00f6r\u00fc\u015f\u00fclecek. T\u00fcrkiye, bir\u00e7ok ortak \u00e7\u0131kar alan\u0131nda aday \u00fclke ve kilit ortak olmaya devam etmektedir&#8221; ifadelerini kulland\u0131. Hat\u0131rlanaca\u011f\u0131 \u00fczere Cumhurba\u015fkan\u0131 Erdo\u011fan kat\u0131ld\u0131\u011f\u0131 NATO Zirvesi&#8217;nde &#8220;T\u00fcrkiye&#8217;nin AB&#8217;de \u00f6n\u00fcn\u00fc a\u00e7\u0131n, biz de \u0130sve\u00e7&#8217;in \u00f6n\u00fcn\u00fc a\u00e7al\u0131m&#8221; ifadelerini kullanm\u0131\u015ft\u0131.<\/p>\n","protected":false},"author":1,"featured_media":108575,"comment_status":"closed","ping_status":"open","sticky":false,"template":"","format":"standard","meta":{"footnotes":""},"categories":[28],"tags":[1340],"class_list":["post-108574","post","type-post","status-publish","format-standard","has-post-thumbnail","hentry","category-politika","tag-vize"],"_links":{"self":[{"href":"https:\/\/haberulus.net\/index.php?rest_route=\/wp\/v2\/posts\/108574","targetHints":{"allow":["GET"]}}],"collection":[{"href":"https:\/\/haberulus.net\/index.php?rest_route=\/wp\/v2\/posts"}],"about":[{"href":"https:\/\/haberulus.net\/index.php?rest_route=\/wp\/v2\/types\/post"}],"author":[{"embeddable":true,"href":"https:\/\/haberulus.net\/index.php?rest_route=\/wp\/v2\/users\/1"}],"replies":[{"embeddable":true,"href":"https:\/\/haberulus.net\/index.php?rest_route=%2Fwp%2Fv2%2Fcomments&post=108574"}],"version-history":[{"count":1,"href":"https:\/\/haberulus.net\/index.php?rest_route=\/wp\/v2\/posts\/108574\/revisions"}],"predecessor-version":[{"id":108576,"href":"https:\/\/haberulus.net\/index.php?rest_route=\/wp\/v2\/posts\/108574\/revisions\/108576"}],"wp:featuredmedia":[{"embeddable":true,"href":"https:\/\/haberulus.net\/index.php?rest_route=\/wp\/v2\/media\/108575"}],"wp:attachment":[{"href":"https:\/\/haberulus.net\/index.php?rest_route=%2Fwp%2Fv2%2Fmedia&parent=108574"}],"wp:term":[{"taxonomy":"category","embeddable":true,"href":"https:\/\/haberulus.net\/index.php?rest_route=%2Fwp%2Fv2%2Fcategories&post=108574"},{"taxonomy":"post_tag","embeddable":true,"href":"https:\/\/haberulus.net\/index.php?rest_route=%2Fwp%2Fv2%2Ftags&post=108574"}],"curies":[{"name":"wp","href":"https:\/\/api.w.org\/{rel}","templated":true}]}}