{"id":108580,"date":"2023-08-06T08:51:05","date_gmt":"2023-08-06T08:51:05","guid":{"rendered":"https:\/\/haberulus.net\/?p=108580"},"modified":"2023-08-06T08:51:05","modified_gmt":"2023-08-06T08:51:05","slug":"hande-baladin-turkiyeyi-yine-gururlandiracagiz","status":"publish","type":"post","link":"https:\/\/haberulus.net\/?p=108580","title":{"rendered":"Hande Balad\u0131n: T\u00fcrkiye\u2019yi yine gururland\u0131raca\u011f\u0131z"},"content":{"rendered":"<p>Milletler Ligi \u015eampiyonlu\u011fu ile d\u00fcnyan\u0131n zirvesine \u00e7\u0131kan ve g\u00f6\u011fs\u00fcm\u00fcz\u00fc kabartan T\u00fcrkiye A Milli Kad\u0131n Voleybol Tak\u0131m\u0131m\u0131z, g\u00f6z\u00fcn\u00fc 15 A\u011fustos-3 Eyl\u00fcl tarihleri aras\u0131ndaki Avrupa Voleybol \u015eampiyonas\u0131&#8217;na \u00e7evirdi. Hedef b\u00fcy\u00fck, rakipler zorlu.<\/p>\n<p>T\u00fcrkiye&#8217;nin y\u00fcz ak\u0131 Filenin Sultanlar\u0131&#8217;n\u0131n ve Eczac\u0131ba\u015f\u0131 Dynavit&#8217;in y\u0131ld\u0131z ismi Hande Balad\u0131n, kritik \u015fampiyona \u00f6ncesi, yo\u011fun program\u0131na ra\u011fmen bizleri k\u0131rmad\u0131, sorular\u0131m\u0131z\u0131 yan\u0131tlad\u0131.<\/p>\n<p><em><strong>\u2013 Milletler Ligi \u015fampiyonlu\u011fu geldi\u011fi o an neler hissettin? <\/strong><\/em><\/p>\n<p>Bir kez g\u00fcm\u00fc\u015f, iki kez de bronz madalya kazanm\u0131\u015ft\u0131k. Ba\u015far\u0131ya uzanan yolda asl\u0131nda y\u0131llara dayanan bir s\u00fcre\u00e7 var. Burada alt\u0131n madalya kazanmak uzun zamand\u0131r ana hedeflerimiz aras\u0131ndayd\u0131. Sonunda da bunu ba\u015fard\u0131\u011f\u0131m\u0131z i\u00e7in \u00e7ok mutluyum. Kupay\u0131 kald\u0131rd\u0131\u011f\u0131m\u0131zda hedeflerimden birini tamamlaman\u0131n rahatl\u0131\u011f\u0131n\u0131 ve gururunu yo\u011fun bir \u015fekilde hissettim.<\/p>\n<p><em><strong>\u2013 \u00d6n\u00fcm\u00fczde Avrupa \u015eampiyonas\u0131 var. Beklentiler de b\u00fcy\u00fcd\u00fc. Avrupa \u015eampiyonlu\u011fu gelir mi?<\/strong><\/em><\/p>\n<p>Hedef final. Madalya i\u00e7in \u00e7ok ciddi rakiplerimiz oldu\u011funu belirtmem gerekiyor. Biz her ma\u00e7ta g\u00fcc\u00fcm\u00fcz\u00fcn son damlas\u0131na kadar sava\u015f\u0131rsak yenemeyece\u011fimiz bir tak\u0131m yok. Formday\u0131z ve kendimize g\u00fcveniyoruz. Umuyorum ki harika bir sonu\u00e7la \u00fclkeye d\u00f6n\u00fcp yine t\u00fcm T\u00fcrkiye&#8217;yi gururland\u0131raca\u011f\u0131z.<\/p>\n<p><em><strong>\u2013 Voleybolda ciddi bir seviye y\u00fckselttik. Bu istikrar\u0131n ve ba\u015far\u0131n\u0131n s\u0131rr\u0131 ne? <\/strong><\/em><\/p>\n<p>Yollar i\u00e7inde \u00e7ok \u00f6nemli ba\u015far\u0131lar kaydettik. Madalyalar kazand\u0131k ancak sporda kazanmak da kaybetmek de var. Bizim i\u00e7in en \u00f6nemli unsur her ne olursa olsun m\u00fccadeleden vazge\u00e7memek. Kaliteli oyunculara ve teknik heyete sahibiz. \u00c7ok \u00e7al\u0131\u015f\u0131yoruz. H\u0131rsl\u0131 ve pes etmeyen bir tak\u0131m\u0131m\u0131z var.<\/p>\n<p><em><strong>\u2013 Zehra ile birlikte voleybolun en \u00e7ok tan\u0131nan y\u00fcz\u00fcs\u00fcn. Ciddi hayran kitleleriniz var. Bazen olumsuz yanlar\u0131 da olabiliyor. Bu konuda neler s\u00f6ylemek istersin? <\/strong><\/em><\/p>\n<p>Sadece benim de\u011fil b\u00fct\u00fcn tak\u0131m arkada\u015flar\u0131m\u0131n sevenleri her ge\u00e7en g\u00fcn art\u0131yor. Tabii ki bunu g\u00f6rmek bizi \u00e7ok mutlu ediyor. Voleybolu tan\u0131maya ba\u015flad\u0131klar\u0131n\u0131 g\u00f6r\u00fcyoruz. Biz de ayn\u0131 s\u0131cakl\u0131kla ve samimiyetle olabildi\u011fince onlarla ileti\u015fimde olmaya \u00e7al\u0131\u015f\u0131yoruz. Bizim pop\u00fcler olmam\u0131z ayn\u0131 zamanda voleybol sporunun da pop\u00fcler olmas\u0131 anlam\u0131na geliyor. Bu y\u00fczden ilginin bizi \u00e7ok mutlu etti\u011fini s\u00f6yleyebilirim. Olumsuz yanlar\u0131n\u0131 konu\u015fmaya gerek yok.<\/p>\n<p><em><strong>\u2013 Bu sene Sultanlar Ligi&#8217;nde nas\u0131l bir rekabet bekliyorsun? <\/strong><\/em><\/p>\n<p>D\u00fcnyan\u0131n en iyi oyuncular\u0131 ligimizde forma giyiyor. Bu da ligimizi s\u00fcrprizlere a\u00e7\u0131k bir organizasyon haline getiriyor. Her y\u0131l en az 3 ya da 4 tak\u0131m\u0131n \u015fampiyonluk i\u00e7in m\u00fccadele etti\u011fini g\u00f6r\u00fcyoruz. Bu y\u0131l da ayn\u0131 heyecan\u0131 bir kez daha ya\u015fayaca\u011f\u0131m\u0131za inan\u0131yorum. Sonunda da biz \u015fampiyon olursak tabii ki \u00e7ok mutlu olurum.<\/p>\n<p><em><strong>\u2013 Seni en motive eden \u015fey ne? Kazanma h\u0131rs\u0131 m\u0131? Hedeflerin mi? <\/strong><\/em><\/p>\n<p>Hedeflerimiz olmadan iyi bir sporcu olman\u0131n imkan\u0131 oldu\u011funu d\u00fc\u015f\u00fcnm\u00fcyorum. Her yapt\u0131\u011f\u0131m antrenmanda, her ma\u00e7\u0131mda \u00e7\u0131tay\u0131 biraz daha y\u00fckseltmenin pe\u015findeyim. Her a\u015f\u0131lan \u00e7\u0131ta yeni hedefler olu\u015fturmak anlam\u0131na geliyor. Yeni hedefler de tabii en b\u00fcy\u00fck motivasyon unsurum.<\/p>\n<p><em><strong>\u2013 Ayn\u0131 zamanda Red Bull sporcususun. Bu birliktelik nas\u0131l ba\u015flad\u0131, b\u00f6yle \u00fcst d\u00fczey bir sponsorluk hayat\u0131nda neler de\u011fi\u015ftirdi? <\/strong><\/em><\/p>\n<p>Red Bull ile yakla\u015f\u0131k iki y\u0131ld\u0131r yak\u0131n bir birliktelik y\u00fcr\u00fct\u00fcyoruz. B\u00f6ylesine b\u00fcy\u00fck bir ailenin i\u00e7inde olmak bana b\u00fcy\u00fck bir mutluluk veriyor. Voleybolu geni\u015f kitleleri ula\u015ft\u0131rmak, daha fazla sevilmesini sa\u011flamak en b\u00fcy\u00fck hayallerim aras\u0131nda yer al\u0131yor. Bu hayalin in\u015fas\u0131nda Red Bull&#8217;un \u00f6nemli desteklerini g\u00f6r\u00fcyorum. \u0130\u015f birli\u011fimizi uzun y\u0131llar s\u00fcrd\u00fcrmeyi hedefliyoruz.<\/p>\n<p><em><strong>\u2013 Eczac\u0131ba\u015f\u0131 ile voleybol sahnesine \u00e7\u0131kt\u0131n. Sonra k\u0131sa bir Sar\u0131yer ve Galatasaray macerandan sonra yine Eczac\u0131ba\u015f\u0131&#8217;na d\u00f6nd\u00fcn. Farkl\u0131 tak\u0131mlarda oynamak sana neler katt\u0131?<\/strong><\/em><\/p>\n<p>Galatasaray\u2019da ge\u00e7irdi\u011fim sezon benim ad\u0131ma \u00e7ok yararl\u0131yd\u0131. En iyi performanslar\u0131mdan birini ortaya koydum. Kariyerim ad\u0131na da d\u00f6n\u00fcm noktalar\u0131ndan biriydi diyebilirim. Orada aral\u0131ks\u0131z oynayarak ve sorumluluk alarak kendime \u00e7ok \u015fey katt\u0131m.<\/p>\n","protected":false},"excerpt":{"rendered":"<p>T\u00fcrkiye A Milli Voleybol Tak\u0131m\u0131&#8217;n\u0131n y\u0131ld\u0131z isimlerinden Hande Balad\u0131n, Avrupa \u015eampiyonas\u0131 \u00f6ncesi S\u00d6ZC\u00dc&#8217;ye konu\u015ftu.<\/p>\n","protected":false},"author":1,"featured_media":108581,"comment_status":"closed","ping_status":"open","sticky":false,"template":"","format":"standard","meta":{"footnotes":""},"categories":[31],"tags":[1240,1735,193,192,702],"class_list":["post-108580","post","type-post","status-publish","format-standard","has-post-thumbnail","hentry","category-spor","tag-hedef","tag-mutlu","tag-sampiyon","tag-takim","tag-voleybol"],"_links":{"self":[{"href":"https:\/\/haberulus.net\/index.php?rest_route=\/wp\/v2\/posts\/108580","targetHints":{"allow":["GET"]}}],"collection":[{"href":"https:\/\/haberulus.net\/index.php?rest_route=\/wp\/v2\/posts"}],"about":[{"href":"https:\/\/haberulus.net\/index.php?rest_route=\/wp\/v2\/types\/post"}],"author":[{"embeddable":true,"href":"https:\/\/haberulus.net\/index.php?rest_route=\/wp\/v2\/users\/1"}],"replies":[{"embeddable":true,"href":"https:\/\/haberulus.net\/index.php?rest_route=%2Fwp%2Fv2%2Fcomments&post=108580"}],"version-history":[{"count":1,"href":"https:\/\/haberulus.net\/index.php?rest_route=\/wp\/v2\/posts\/108580\/revisions"}],"predecessor-version":[{"id":108582,"href":"https:\/\/haberulus.net\/index.php?rest_route=\/wp\/v2\/posts\/108580\/revisions\/108582"}],"wp:featuredmedia":[{"embeddable":true,"href":"https:\/\/haberulus.net\/index.php?rest_route=\/wp\/v2\/media\/108581"}],"wp:attachment":[{"href":"https:\/\/haberulus.net\/index.php?rest_route=%2Fwp%2Fv2%2Fmedia&parent=108580"}],"wp:term":[{"taxonomy":"category","embeddable":true,"href":"https:\/\/haberulus.net\/index.php?rest_route=%2Fwp%2Fv2%2Fcategories&post=108580"},{"taxonomy":"post_tag","embeddable":true,"href":"https:\/\/haberulus.net\/index.php?rest_route=%2Fwp%2Fv2%2Ftags&post=108580"}],"curies":[{"name":"wp","href":"https:\/\/api.w.org\/{rel}","templated":true}]}}