{"id":108598,"date":"2023-08-06T09:35:03","date_gmt":"2023-08-06T09:35:03","guid":{"rendered":"https:\/\/haberulus.net\/?p=108598"},"modified":"2023-08-06T09:35:03","modified_gmt":"2023-08-06T09:35:03","slug":"elon-musk-facebook-kurucusu-ile-kavgam-canli-yayinlanacak","status":"publish","type":"post","link":"https:\/\/haberulus.net\/?p=108598","title":{"rendered":"Elon Musk: Facebook kurucusu ile kavgam canl\u0131 yay\u0131nlanacak"},"content":{"rendered":"<p>Ge\u00e7en y\u0131l Twitter\u2019\u0131 sat\u0131n ald\u0131ktan sonra platformun ismini X\u2019e \u00e7eviren Elon Musk ile b\u00fcnyesinde Facebook, Instagram, WhatsApp ve Messenger gibi platformlar\u0131 bar\u0131nd\u0131ran Meta\u2019n\u0131n CEO\u2019su ve kurucusu Mark Zuckerberg aras\u0131ndaki kafes d\u00f6v\u00fc\u015f\u00fc polemi\u011fi devam ediyor.<\/p>\n<div><img decoding=\"async\" src=\"https:\/\/i01.sozcucdn.com\/wp-content\/uploads\/2023\/08\/06\/mark-.jpg\" alt=\"\" title=\"\"><\/p>\n<p>Zuckerberg (ortadaki) Elon Musk\u2019\u0131n meydan okumas\u0131na yan\u0131t vermi\u015fti.<\/p>\n<\/div>\n<p>Ge\u00e7en haftalarda Twitter\u2019\u0131n ad\u0131n\u0131 X\u2019e \u00e7eviren Elon Musk, Zuckerberg ile yapaca\u011f\u0131 kafes d\u00f6v\u00fc\u015f\u00fcn\u00fcn detaylar\u0131n\u0131 payla\u015ft\u0131. Musk, \u201cKafes d\u00f6v\u00fc\u015f\u00fc canl\u0131 yay\u0131nda X\u2019te yay\u0131nlanacak\u201d dedi.<\/p>\n<p>Las Vegas\u2019ta yap\u0131lmas\u0131 beklenen kafes d\u00f6v\u00fc\u015f\u00fc ile ilgili konu\u015fan Musk, \u201cZuck-Musk d\u00f6v\u00fc\u015f\u00fc X\u2019te canl\u0131 yay\u0131nlanacak. Elde edilecek b\u00fct\u00fcn gelir sava\u015f gazilerine ba\u011f\u0131\u015flanacak\u201d dedi. Musk, bug\u00fcn ayr\u0131ca egzersiz yapt\u0131\u011f\u0131n\u0131 da s\u00f6ylerken, \u201cBu sava\u015f\u0131n medeni bir formu. Erkekler sava\u015fa bay\u0131l\u0131r\u201d dedi.<\/p>\n","protected":false},"excerpt":{"rendered":"<p>Bir s\u00fcredir Facebook&#8217;un kurucusu olan Mark Zuckerberg&#8217;le d\u00f6v\u00fc\u015fece\u011fini s\u00f6yleyen Elon Musk, bu m\u00fcsabakan\u0131n canl\u0131 yay\u0131nlanaca\u011f\u0131n\u0131 duyurdu.<\/p>\n","protected":false},"author":1,"featured_media":108599,"comment_status":"closed","ping_status":"open","sticky":false,"template":"","format":"standard","meta":{"footnotes":""},"categories":[32],"tags":[13095,230],"class_list":["post-108598","post","type-post","status-publish","format-standard","has-post-thumbnail","hentry","category-teknoloji","tag-dovusu","tag-musk"],"_links":{"self":[{"href":"https:\/\/haberulus.net\/index.php?rest_route=\/wp\/v2\/posts\/108598","targetHints":{"allow":["GET"]}}],"collection":[{"href":"https:\/\/haberulus.net\/index.php?rest_route=\/wp\/v2\/posts"}],"about":[{"href":"https:\/\/haberulus.net\/index.php?rest_route=\/wp\/v2\/types\/post"}],"author":[{"embeddable":true,"href":"https:\/\/haberulus.net\/index.php?rest_route=\/wp\/v2\/users\/1"}],"replies":[{"embeddable":true,"href":"https:\/\/haberulus.net\/index.php?rest_route=%2Fwp%2Fv2%2Fcomments&post=108598"}],"version-history":[{"count":1,"href":"https:\/\/haberulus.net\/index.php?rest_route=\/wp\/v2\/posts\/108598\/revisions"}],"predecessor-version":[{"id":108600,"href":"https:\/\/haberulus.net\/index.php?rest_route=\/wp\/v2\/posts\/108598\/revisions\/108600"}],"wp:featuredmedia":[{"embeddable":true,"href":"https:\/\/haberulus.net\/index.php?rest_route=\/wp\/v2\/media\/108599"}],"wp:attachment":[{"href":"https:\/\/haberulus.net\/index.php?rest_route=%2Fwp%2Fv2%2Fmedia&parent=108598"}],"wp:term":[{"taxonomy":"category","embeddable":true,"href":"https:\/\/haberulus.net\/index.php?rest_route=%2Fwp%2Fv2%2Fcategories&post=108598"},{"taxonomy":"post_tag","embeddable":true,"href":"https:\/\/haberulus.net\/index.php?rest_route=%2Fwp%2Fv2%2Ftags&post=108598"}],"curies":[{"name":"wp","href":"https:\/\/api.w.org\/{rel}","templated":true}]}}