{"id":108634,"date":"2023-08-06T10:19:04","date_gmt":"2023-08-06T10:19:04","guid":{"rendered":"https:\/\/haberulus.net\/?p=108634"},"modified":"2023-08-06T10:19:04","modified_gmt":"2023-08-06T10:19:04","slug":"karadagin-yilki-atlari","status":"publish","type":"post","link":"https:\/\/haberulus.net\/?p=108634","title":{"rendered":"Karada\u011f\u2019\u0131n y\u0131lk\u0131 atlar\u0131"},"content":{"rendered":"<p>Hotam\u0131\u015f batakl\u0131\u011f\u0131 ile Karaman ve \u00c7umra ovalar\u0131 aras\u0131ndaki 2 bin 271 rak\u0131ml\u0131 Karada\u011f\u2019\u0131n 150 metre \u00e7apl\u0131 krater \u00e7ukurunu ve etraf\u0131ndaki tepeleri ya\u015fam alan\u0131 edinen yabani atlar, birbirinden farkl\u0131 renkleriyle dikkati \u00e7ekiyor.<\/p>\n<p>Atlar, sabah saatlerinde su i\u00e7mek i\u00e7in da\u011fdaki su sarn\u0131c\u0131na giderken g\u00f6r\u00fcnt\u00fclendi.<\/p>\n<p><img decoding=\"async\" src=\"https:\/\/i01.sozcucdn.com\/wp-content\/uploads\/2023\/08\/06\/y1.jpeg\" alt=\"\" title=\"\"><\/p>\n<p>Karada\u011f\u2019\u0131n eteklerindeki \u00dc\u00e7kuyu k\u00f6y\u00fcn\u00fcn muhtar\u0131 Tuncer \u00c7\u0131nar, bir d\u00f6nem atlar\u0131n say\u0131s\u0131n\u0131n y\u00fcksek oldu\u011funu s\u00f6yledi.<\/p>\n<p>B\u00f6lgede 2015-2017\u2019de \u015fiddetli k\u0131\u015f ya\u015fand\u0131\u011f\u0131n\u0131 anlatan \u00c7\u0131nar, \u201cBir d\u00f6nem \u015fiddetli k\u0131\u015flardan dolay\u0131 hayvanlar \u00f6ld\u00fc, say\u0131lar\u0131 azald\u0131, daha sonra yine \u00e7o\u011falmaya ba\u015flad\u0131lar. Bunlar tamamen yabani oldular, sadece da\u011fda ya\u015f\u0131yorlar\u201d diye konu\u015ftu.<\/p>\n<p><img decoding=\"async\" src=\"https:\/\/i01.sozcucdn.com\/wp-content\/uploads\/2023\/08\/06\/y2.jpeg\" alt=\"\" title=\"\"><\/p>\n<p>\u00c7\u0131nar, da\u011f\u0131n zirvelerini ve krater \u00e7ukurunu yayla olarak kulland\u0131klar\u0131 i\u00e7in atlar\u0131 s\u0131k s\u0131k g\u00f6zlemleyebildiklerini, ya\u015fam m\u00fccadelelerini takip ettiklerini ve onlara sahip \u00e7\u0131kt\u0131klar\u0131n\u0131 ifade etti.<\/p>\n<p><img decoding=\"async\" src=\"https:\/\/i01.sozcucdn.com\/wp-content\/uploads\/2023\/08\/06\/y4.jpeg\" alt=\"\" title=\"\"><\/p>\n<p>Atlar\u0131 yakalamaya \u00e7al\u0131\u015fanlar olmas\u0131 halinde durumu hemen yetkililere bildirdiklerini anlatan \u00c7\u0131nar, \u201cB\u00f6lgede ya\u015fayan atlara kar\u015f\u0131 olduk\u00e7a duyarl\u0131y\u0131z. \u0130nsanlar\u0131m\u0131z atlar\u0131n rahats\u0131z olabilece\u011fi bir durum g\u00f6rd\u00fc\u011f\u00fcnde bize haber ediyor, jandarmaya ya da Milli Parklara bildiriyor\u201d dedi. (AA)<\/p>\n","protected":false},"excerpt":{"rendered":"<p>Karaman&#8217;da s\u00f6nm\u00fc\u015f bir volkanik da\u011f olan Karada\u011f&#8217;\u0131n krater \u00e7ukurundaki y\u0131lk\u0131 atlar\u0131n\u0131n vah\u015fi do\u011fadaki ya\u015fam m\u00fccadeleleri takip ediliyor.<\/p>\n","protected":false},"author":1,"featured_media":108635,"comment_status":"closed","ping_status":"open","sticky":false,"template":"","format":"standard","meta":{"footnotes":""},"categories":[33],"tags":[],"class_list":["post-108634","post","type-post","status-publish","format-standard","has-post-thumbnail","hentry","category-yasam"],"_links":{"self":[{"href":"https:\/\/haberulus.net\/index.php?rest_route=\/wp\/v2\/posts\/108634","targetHints":{"allow":["GET"]}}],"collection":[{"href":"https:\/\/haberulus.net\/index.php?rest_route=\/wp\/v2\/posts"}],"about":[{"href":"https:\/\/haberulus.net\/index.php?rest_route=\/wp\/v2\/types\/post"}],"author":[{"embeddable":true,"href":"https:\/\/haberulus.net\/index.php?rest_route=\/wp\/v2\/users\/1"}],"replies":[{"embeddable":true,"href":"https:\/\/haberulus.net\/index.php?rest_route=%2Fwp%2Fv2%2Fcomments&post=108634"}],"version-history":[{"count":1,"href":"https:\/\/haberulus.net\/index.php?rest_route=\/wp\/v2\/posts\/108634\/revisions"}],"predecessor-version":[{"id":108636,"href":"https:\/\/haberulus.net\/index.php?rest_route=\/wp\/v2\/posts\/108634\/revisions\/108636"}],"wp:featuredmedia":[{"embeddable":true,"href":"https:\/\/haberulus.net\/index.php?rest_route=\/wp\/v2\/media\/108635"}],"wp:attachment":[{"href":"https:\/\/haberulus.net\/index.php?rest_route=%2Fwp%2Fv2%2Fmedia&parent=108634"}],"wp:term":[{"taxonomy":"category","embeddable":true,"href":"https:\/\/haberulus.net\/index.php?rest_route=%2Fwp%2Fv2%2Fcategories&post=108634"},{"taxonomy":"post_tag","embeddable":true,"href":"https:\/\/haberulus.net\/index.php?rest_route=%2Fwp%2Fv2%2Ftags&post=108634"}],"curies":[{"name":"wp","href":"https:\/\/api.w.org\/{rel}","templated":true}]}}