{"id":108748,"date":"2023-08-06T15:21:04","date_gmt":"2023-08-06T15:21:04","guid":{"rendered":"https:\/\/haberulus.net\/?p=108748"},"modified":"2023-08-06T15:21:04","modified_gmt":"2023-08-06T15:21:04","slug":"akbelende-buyuk-bulusma","status":"publish","type":"post","link":"https:\/\/haberulus.net\/?p=108748","title":{"rendered":"Akbelen\u2019de \u2018B\u00fcy\u00fck Bulu\u015fma\u2019"},"content":{"rendered":"<p>Mu\u011fla&#8217;n\u0131n Milas il\u00e7esine ba\u011fl\u0131 \u0130kizk\u00f6y&#8217;deki a\u011fa\u00e7 katliam\u0131na kar\u015f\u0131 b\u00f6lge halk\u0131 ve \u00e7evrecilerin ba\u015flatt\u0131\u011f\u0131 eylemlerin bug\u00fcn 14&#8217;\u00fcnc\u00fc g\u00fcn\u00fc.<\/p>\n<p><strong>\u2018AKBELEN B\u00dcY\u00dcK BULU\u015eMASI&#8217;NA \u0130LG\u0130 YO\u011eUN<\/strong><\/p>\n<p>\u0130kizk\u00f6y \u00c7evre Komitesi\u2019nin \u00e7a\u011fr\u0131s\u0131yla bug\u00fcn saat 14.00&#8217;te\u00a0 Akbelen&#8217;de \u2018B\u00fcy\u00fck Bulu\u015fma&#8217; etkinli\u011fi d\u00fczenlendi. Bulu\u015fmaya T\u00fcrkiye&#8217;nin d\u00f6rt bir yan\u0131ndan ya\u015fam alan\u0131 savunucular\u0131, siyasi partiler, meslek \u00f6rg\u00fctleri ve sivil toplum \u00f6rg\u00fctleri kat\u0131ld\u0131.<\/p>\n<p><img decoding=\"async\" src=\"https:\/\/cdn.sozcuhaberajansi.com\/image\/cbb5e101-49c3-44d7-a319-c313305950aa.jpg\" alt=\"\" title=\"\"><\/p>\n<p><strong>K\u0130ML\u0130K KONTROL\u00dc YAPILARAK ALANA ALINDILAR<\/strong><\/p>\n<p>Sabah saatlerinden itibaren Akbelen&#8217;e \u00e7\u0131kan t\u00fcm yollarda 3 kilometrede bir jandarma ve polis arama kontrol noktalar\u0131 olu\u015fturuldu, geni\u015f g\u00fcvenlik \u00f6nlemleri al\u0131nd\u0131. Akbelen&#8217;deki b\u00fcy\u00fck bulu\u015fma etkinli\u011fine gelenler kontrol noktalar\u0131nda kimlik kontrol\u00fc yap\u0131larak alan al\u0131nd\u0131.<\/p>\n<p><img decoding=\"async\" src=\"https:\/\/cdn.sozcuhaberajansi.com\/image\/058d766c-4468-4bfb-a481-92b5c81b7dc7.jpg\" alt=\"\" title=\"\"><\/p>\n<p>Akbelen&#8217;deki b\u00fcy\u00fck bulu\u015fmaya az bir s\u00fcre kala alanda Akbelen orkestras\u0131 konser verdi. M\u00fczik ve danslarla \u00e7evreciler Akbelen Ormanlar\u0131&#8217;n\u0131n katledilmesini protesto etti. \u201cHer yer Akbelen, her yer direni\u015f\u201d sloganlar\u0131 at\u0131ld\u0131.<\/p>\n<p>B\u00fcy\u00fck Bulu\u015fma etkinli\u011finde y\u00fczlerce ki\u015fi yakla\u015f\u0131k 2 kilometre y\u00fcr\u00fcy\u00fc\u015f ger\u00e7ekle\u015ftirerek a\u011fa\u00e7 katliam\u0131n\u0131 protesto etti.<\/p>\n<p><img decoding=\"async\" src=\"https:\/\/cdn.sozcuhaberajansi.com\/image\/0412468f-00d1-44a5-8308-aced25a2ca9e.jpg\" alt=\"\" title=\"\"><\/p>\n<p><strong>\u00dcNL\u00dc \u0130S\u0130MLER DE AKBELEN&#8217;DE<\/strong><\/p>\n<p>\u00dcnl\u00fc oyuncular Mert F\u0131rat, Levent \u00dcz\u00fcmc\u00fc de Akbelen&#8217;deki etkinli\u011fe kat\u0131ld\u0131. Siyaset\u00e7i ve T\u00fcrk halk m\u00fczi\u011fi sanat\u00e7\u0131s\u0131 Tolga \u00c7andar ise, s\u00f6yledi\u011fi t\u00fcrk\u00fclerle eyleme renk katt\u0131.<\/p>\n<p><img decoding=\"async\" src=\"https:\/\/cdn.sozcuhaberajansi.com\/image\/b22f263c-0c3b-4551-91e8-070faeb1d2c0.jpg\" alt=\"\" title=\"\"><\/p>\n<p><strong>\u201cA\u011eA\u00c7LARI NEDEN KES\u0130YORSUNUZ, H\u0130\u00c7 M\u0130 V\u0130CDANINIZ YOK\u201d<\/strong><\/p>\n<p>\u0130kizk\u00f6y&#8217;e 1 kilometre uzakta bulunan Karacahisar K\u00f6y\u00fc&#8217;nden eyleme kat\u0131lan Ay\u015fe G\u00fclay, \u201cBu toprak ana bize a\u011fa\u00e7lar\u0131, her \u015feyi arma\u011fan etmi\u015f. Bu \u00e7amlar neden kesiliyor? Benim k\u00f6y\u00fcmde her ay bir ki\u015fi kanser hastal\u0131\u011f\u0131ndan \u00f6l\u00fcyor. Sebebi ne? Ben do\u011fa sevgisiyle ya\u015fayan bir insan\u0131m. Ben kanserden \u00f6lmek istemiyorum. Ben k\u00f6y\u00fcme a\u015f\u0131\u011f\u0131m. Sizin ne i\u015finiz var benim topra\u011f\u0131mda, \u00e7am\u0131mda? \u00c7am a\u011fa\u00e7lar\u0131, zeytin a\u011fa\u00e7lar\u0131 birer canl\u0131, nefes al\u0131yor. Neden kesiyorsunuz? Hi\u00e7 mi vicdan\u0131n\u0131z yok? Beni tutuklay\u0131n, \u00f6ld\u00fcr\u00fcn hi\u00e7 umurumda de\u011fil. \u0130nsan gibi ya\u015famak istiyorum\u201d dedi.<\/p>\n<p><img decoding=\"async\" src=\"https:\/\/cdn.sozcuhaberajansi.com\/image\/1ed702af-5cbf-4e72-b548-f7a23a8b9230.jpg\" alt=\"\" title=\"\"><\/p>\n<p><strong>\u201cE\u011eER K\u0130 ORMANLARIMIZ \u0130\u00c7\u0130N \u00d6LECEKSEK, BU U\u011eURDA \u00d6LECE\u011e\u0130Z\u201d<\/strong><\/p>\n<p>\u0130kizk\u00f6yl\u00fclerin S\u00f6zc\u00fcs\u00fc Necla I\u015f\u0131k ise \u201c14 g\u00fcnd\u00fcr burada b\u00fcy\u00fck bir katliam var. Ama burada olu\u015funuzla Akbelen yeniden do\u011fuyor bug\u00fcn. Buray\u0131 madene vermeyece\u011fiz. 4 senedir ba\u011f\u0131r\u0131yoruz art\u0131k madene bir avu\u00e7 topra\u011f\u0131m\u0131z yok, bir tane dal\u0131m\u0131z da yok. 14 g\u00fcn \u00f6nce buray\u0131 katletmeye gelmi\u015fler. Her \u015fey yapt\u0131lar, hepiniz tan\u0131ks\u0131n\u0131z. ikizk\u00f6yl\u00fc kad\u0131nlar olarak boynumuz k\u0131ldan ince. E\u011fer ki orman\u0131m\u0131z i\u00e7in \u00f6leceksek bu u\u011furda \u00f6lecez. M\u00fccadelemizden de vazge\u00e7meyece\u011fiz. Bu b\u00f6yle biline.\u201d diye konu\u015ftu.<\/p>\n<p><img decoding=\"async\" src=\"https:\/\/cdn.sozcuhaberajansi.com\/image\/bcb801b1-9d98-4341-be07-6fded6f0675f.jpg\" alt=\"\" title=\"\"><\/p>\n<p>Ba\u015fka bir k\u00f6yl\u00fc ise \u201cBiz ormanlar\u0131m\u0131za sahip \u00e7\u0131kaca\u011f\u0131z. Bir metre arayla jandarmayla kar\u015f\u0131 kar\u015f\u0131ya geliyoruz herg\u00fcn. Onlar\u0131n anneleri babalar\u0131, sormuyarlar m\u0131 \u2018bug\u00fcn Akbelen\u2019de ne yapt\u0131n?\u2019 diye. \u2018Anneleri joplad\u0131m, biber gaz\u0131 s\u0131kt\u0131m\u2019 m\u0131 diyorlar? Biz ne yapt\u0131k. Biz vatan\u0131m\u0131z\u0131 koruduk. B\u00f6yle mi olmas\u0131 laz\u0131m?\u201d diyerek tepkisini g\u00f6sterdi.<\/p>\n<p><img decoding=\"async\" src=\"https:\/\/cdn.sozcuhaberajansi.com\/image\/610eb4f2-8aa4-4d0f-b98e-07580991349b.jpg\" alt=\"\" title=\"\"><\/p>\n<p><strong>\u201cA\u011eACA KEFEN G\u0130YD\u0130RD\u0130LER, CENAZE T\u00d6REN\u0130 D\u00dcZENLED\u0130LER\u201d<\/strong><\/p>\n<p>Konu\u015fmalar\u0131n ard\u0131ndan kesilen yakla\u015f\u0131k 3 metrelik bir a\u011fa\u00e7 kefene sar\u0131ld\u0131. Kesilen 100 bine yak\u0131n a\u011fa\u00e7 i\u00e7in sayg\u0131 duru\u015funda bulunuldu. Temsili olarak cenaze t\u00f6reni d\u00fczenlendi.<\/p>\n<p><img decoding=\"async\" src=\"https:\/\/cdn.sozcuhaberajansi.com\/image\/af32700f-1560-41ba-86de-83d807359fcf.jpg\" alt=\"\" title=\"\"><\/p>\n<p><strong>3 K\u0130LOMETREL\u0130K \u0130NSAN Z\u0130NC\u0130R\u0130 OLU\u015eTURDULAR<\/strong><\/p>\n<p>Ya\u015fam savunucular\u0131 ve aktivistler direni\u015f alan\u0131ndan ba\u015flayarak 3 kilometrelik insan zinciri olu\u015fturuldu. \u201cHavama suyuma topra\u011f\u0131ma dokunma\u201d, \u201cHer yer Akbelen, her direni\u015f\u201d sloganlar\u0131 att\u0131lar.<\/p>\n","protected":false},"excerpt":{"rendered":"<p>A\u011fa\u00e7 katliam\u0131n\u0131n ya\u015fand\u0131\u011f\u0131 Akbelen Orman\u0131\u2019nda B\u00fcy\u00fck Bulu\u015fma etkinli\u011fi d\u00fczenlendi. Yo\u011fun kat\u0131l\u0131m\u0131n oldu\u011fu etkinlikte kesilen bir a\u011fa\u00e7 kefenlenerek temsili olarak bir cenaze t\u00f6reni d\u00fczenlendi. \u00d6te yandan ya\u015fam savunucular\u0131 ve aktivistler, direni\u015f alan\u0131ndan ba\u015flayarak 3 kilometrelik insan zinciri olu\u015fturuldu.<\/p>\n","protected":false},"author":1,"featured_media":108749,"comment_status":"closed","ping_status":"open","sticky":false,"template":"","format":"standard","meta":{"footnotes":""},"categories":[26],"tags":[704,4971,541,4321,2956],"class_list":["post-108748","post","type-post","status-publish","format-standard","has-post-thumbnail","hentry","category-gundem","tag-agac","tag-akbelen","tag-alan","tag-ikizkoy","tag-kilometre"],"_links":{"self":[{"href":"https:\/\/haberulus.net\/index.php?rest_route=\/wp\/v2\/posts\/108748","targetHints":{"allow":["GET"]}}],"collection":[{"href":"https:\/\/haberulus.net\/index.php?rest_route=\/wp\/v2\/posts"}],"about":[{"href":"https:\/\/haberulus.net\/index.php?rest_route=\/wp\/v2\/types\/post"}],"author":[{"embeddable":true,"href":"https:\/\/haberulus.net\/index.php?rest_route=\/wp\/v2\/users\/1"}],"replies":[{"embeddable":true,"href":"https:\/\/haberulus.net\/index.php?rest_route=%2Fwp%2Fv2%2Fcomments&post=108748"}],"version-history":[{"count":1,"href":"https:\/\/haberulus.net\/index.php?rest_route=\/wp\/v2\/posts\/108748\/revisions"}],"predecessor-version":[{"id":108750,"href":"https:\/\/haberulus.net\/index.php?rest_route=\/wp\/v2\/posts\/108748\/revisions\/108750"}],"wp:featuredmedia":[{"embeddable":true,"href":"https:\/\/haberulus.net\/index.php?rest_route=\/wp\/v2\/media\/108749"}],"wp:attachment":[{"href":"https:\/\/haberulus.net\/index.php?rest_route=%2Fwp%2Fv2%2Fmedia&parent=108748"}],"wp:term":[{"taxonomy":"category","embeddable":true,"href":"https:\/\/haberulus.net\/index.php?rest_route=%2Fwp%2Fv2%2Fcategories&post=108748"},{"taxonomy":"post_tag","embeddable":true,"href":"https:\/\/haberulus.net\/index.php?rest_route=%2Fwp%2Fv2%2Ftags&post=108748"}],"curies":[{"name":"wp","href":"https:\/\/api.w.org\/{rel}","templated":true}]}}