{"id":108839,"date":"2023-08-06T21:05:02","date_gmt":"2023-08-06T21:05:02","guid":{"rendered":"https:\/\/haberulus.net\/?p=108839"},"modified":"2023-08-06T21:05:02","modified_gmt":"2023-08-06T21:05:02","slug":"kabine-cumhurbaskani-erdogan-baskanliginda-yarin-toplaniyor","status":"publish","type":"post","link":"https:\/\/haberulus.net\/?p=108839","title":{"rendered":"Kabine Cumhurba\u015fkan\u0131 Erdo\u011fan ba\u015fkanl\u0131\u011f\u0131nda yar\u0131n toplan\u0131yor"},"content":{"rendered":"<p> <strong>Kabine<\/strong> toplant\u0131s\u0131, iki haftal\u0131k aran\u0131n ard\u0131ndan yar\u0131n ger\u00e7ekle\u015ftirilecek. Cumhurba\u015fkan\u0131 Erdo\u011fan ba\u015fkanl\u0131\u011f\u0131nda yap\u0131lacak toplant\u0131da, i\u00e7 ve d\u0131\u015f politikadaki geli\u015fmelerin yan\u0131 s\u0131ra ekonomideki son durum ele al\u0131nacak.<\/p>\n<p><b>KAB\u0130NE TOPLANIYOR<\/b><\/p>\n<p> <strong>Kabine<\/strong> iki haftal\u0131k aran\u0131n ard\u0131ndan Cumhurba\u015fkan\u0131 Recep Tayyip Erdo\u011fan ba\u015fkanl\u0131\u011f\u0131nda yar\u0131n bir araya geliyor. Milyonlar\u0131n g\u00f6z\u00fcn\u00fcn \u00e7evrildi\u011fi toplant\u0131da i\u00e7 ve d\u0131\u015f politikadaki geli\u015fmelerin yan\u0131 s\u0131ra ekonomideki son durum ele al\u0131nacak.<\/p>\n<p><b>PUT\u0130N&#8217;LE TAHIL KOR\u0130DORU G\u00d6R\u00dc\u015eMES\u0130<\/b><\/p>\n<p>Rusya Devlet Ba\u015fkan\u0131 Vladimir Putin ile Tah\u0131l Koridoru Anla\u015fmas\u0131&#8217;n\u0131 telefonda g\u00f6r\u00fc\u015fen Cumhurba\u015fkan\u0131 Erdo\u011fan, g\u00f6r\u00fc\u015fmenin detaylar\u0131n\u0131 Kabine \u00fcyelerine aktaracak. Sorunun \u00e7\u00f6z\u00fcm\u00fc i\u00e7in sunulan \u00f6neriler ve onlar\u0131n nas\u0131l hayata ge\u00e7irilece\u011fi konu\u015fulacak.<\/p>\n<p><b>\u015e\u0130M\u015eEK&#8217;\u0130N YABANCI YATIRIMCILARLA YAPTI\u011eI G\u00d6R\u00dc\u015eME DE MASADA<\/b><\/p>\n<p>Kabine&#8217;nin en \u00f6nemli konu ba\u015fl\u0131klar\u0131 aras\u0131nda yer alan ekonomiye geni\u015f yer ayr\u0131lacak. ABD merkezli yat\u0131r\u0131m bankas\u0131 JP Morgan&#8217;\u0131n organizasyonunda yakla\u015f\u0131k 50 yat\u0131r\u0131mc\u0131n\u0131n kat\u0131l\u0131m\u0131yla yap\u0131lan toplant\u0131ya kat\u0131lan Hazine ve Maliye Bakan\u0131 Mehmet \u015eim\u015fek, ayr\u0131nt\u0131lar\u0131 payla\u015facak.<\/p>\n<p><b>ARTAN D\u00d6V\u0130Z REZERV\u0130 ELE ALINACAK<\/b><\/p>\n<p>Bakan \u015eim\u015fek d\u0131\u015f yat\u0131r\u0131mc\u0131lar\u0131 T\u00fcrkiye&#8217;ye \u00e7ekmeye y\u00f6nelik y\u00fcr\u00fct\u00fclen  <strong>ekonomi<\/strong> y\u00f6netiminin geldi\u011fi noktay\u0131 anlatacak. Merkez Bankas\u0131&#8217;n\u0131n artan d\u00f6viz rezervi de bu kapsamda ele al\u0131nacak.,<\/p>\n<p><b>MEMURLARIN G\u00d6Z\u00dc KAB\u0130NE&#8217;DE<\/b><\/p>\n<p>Hafta ortas\u0131nda ba\u015flayan ve memurlar\u0131 ilgilendiren toplu s\u00f6zle\u015fme s\u00fcreci de Kabine&#8217;de g\u00f6r\u00fc\u015f\u00fclecek. Memur cephesinin beklentilerini \u00c7al\u0131\u015fma ve Sosyal G\u00fcvenlik Bakan\u0131 Vedat I\u015f\u0131khan, Cumhurba\u015fkan\u0131 Erdo\u011fan ve Kabine&#8217;ye iletecek.<\/p>\n<p><b>AVRUPA&#8217;DAK\u0130 PROVOKAT\u0130F EYLEMLER<\/b><\/p>\n<p>Kabine toplant\u0131s\u0131nda, \u0130sve\u00e7 ba\u015fta olmak \u00fczere baz\u0131 Bat\u0131 \u00fclkelerinde Kur&#8217;an-\u0131 Kerim&#8217;e y\u00f6nelik pe\u015f pe\u015fe d\u00fczenlenen sald\u0131r\u0131lar da g\u00f6r\u00fc\u015f\u00fclecek. Ter\u00f6r \u00f6rg\u00fct\u00fc mensuplar\u0131n\u0131n Cumhurba\u015fkan\u0131 Erdo\u011fan&#8217;\u0131 hedef alan \u00e7irkin eylemlerine kar\u015f\u0131 at\u0131lacak ad\u0131mlar de\u011ferlendirilecek.<\/p>\n","protected":false},"excerpt":{"rendered":"<p>Cumhurba\u015fkan\u0131 Erdo\u011fan&#8217;\u0131n ba\u015fkanl\u0131\u011f\u0131nda yar\u0131n toplanacak Kabine&#8217;nin ana g\u00fcndem maddeleri d\u0131\u015f politikada ya\u015fanan geli\u015fmelerin yan\u0131 s\u0131ra ekonomi olacak. Cumhurba\u015fkan\u0131 Erdo\u011fan, Tah\u0131l Koridoru Anla\u015fmas\u0131 i\u00e7in Putin&#8217;le yapt\u0131\u011f\u0131 telefon g\u00f6r\u00fc\u015fmesinin detaylar\u0131n\u0131 Kabine&#8217;ye anlatacak ve bu konu detayl\u0131 ele al\u0131nacak. Bu nedenle d\u00fcnya liderlerinin g\u00f6z\u00fc de bu toplant\u0131da olacak. \u00d6te yandan d\u0131\u015f yat\u0131r\u0131m odakl\u0131 ekonomi plan\u0131 ve memurlar\u0131 ilgilendiren toplu s\u00f6zle\u015fme s\u00fcreci de Kabine&#8217;de masaya yat\u0131r\u0131lacak.<\/p>\n","protected":false},"author":1,"featured_media":108840,"comment_status":"closed","ping_status":"open","sticky":false,"template":"","format":"standard","meta":{"footnotes":""},"categories":[28],"tags":[481,259,2878],"class_list":["post-108839","post","type-post","status-publish","format-standard","has-post-thumbnail","hentry","category-politika","tag-cumhurbaskani","tag-erdogan","tag-kabine"],"_links":{"self":[{"href":"https:\/\/haberulus.net\/index.php?rest_route=\/wp\/v2\/posts\/108839","targetHints":{"allow":["GET"]}}],"collection":[{"href":"https:\/\/haberulus.net\/index.php?rest_route=\/wp\/v2\/posts"}],"about":[{"href":"https:\/\/haberulus.net\/index.php?rest_route=\/wp\/v2\/types\/post"}],"author":[{"embeddable":true,"href":"https:\/\/haberulus.net\/index.php?rest_route=\/wp\/v2\/users\/1"}],"replies":[{"embeddable":true,"href":"https:\/\/haberulus.net\/index.php?rest_route=%2Fwp%2Fv2%2Fcomments&post=108839"}],"version-history":[{"count":1,"href":"https:\/\/haberulus.net\/index.php?rest_route=\/wp\/v2\/posts\/108839\/revisions"}],"predecessor-version":[{"id":108841,"href":"https:\/\/haberulus.net\/index.php?rest_route=\/wp\/v2\/posts\/108839\/revisions\/108841"}],"wp:featuredmedia":[{"embeddable":true,"href":"https:\/\/haberulus.net\/index.php?rest_route=\/wp\/v2\/media\/108840"}],"wp:attachment":[{"href":"https:\/\/haberulus.net\/index.php?rest_route=%2Fwp%2Fv2%2Fmedia&parent=108839"}],"wp:term":[{"taxonomy":"category","embeddable":true,"href":"https:\/\/haberulus.net\/index.php?rest_route=%2Fwp%2Fv2%2Fcategories&post=108839"},{"taxonomy":"post_tag","embeddable":true,"href":"https:\/\/haberulus.net\/index.php?rest_route=%2Fwp%2Fv2%2Ftags&post=108839"}],"curies":[{"name":"wp","href":"https:\/\/api.w.org\/{rel}","templated":true}]}}