{"id":108857,"date":"2023-08-06T21:35:02","date_gmt":"2023-08-06T21:35:02","guid":{"rendered":"https:\/\/haberulus.net\/?p=108857"},"modified":"2023-08-06T21:35:02","modified_gmt":"2023-08-06T21:35:02","slug":"trabzonsporun-56-kurulus-yil-donumu-istanbulda-mesalelerle-kutlandi","status":"publish","type":"post","link":"https:\/\/haberulus.net\/?p=108857","title":{"rendered":"Trabzonspor\u2019un 56. kurulu\u015f y\u0131l d\u00f6n\u00fcm\u00fc \u0130stanbul\u2019da me\u015falelerle kutland\u0131"},"content":{"rendered":"<p>Trabzonspor Kul\u00fcb\u00fcn\u00fcn 56. kurulu\u015f y\u0131l d\u00f6n\u00fcm\u00fc dolay\u0131s\u0131yla organize edilen \u201cTrabzonspor i\u00e7in 1 me\u015fale de sen yak\u201d etkinli\u011fi \u0130stanbul\u2019da d\u00fczenlendi.<\/p>\n<p>S\u00fctl\u00fcce Nuri Killigil Park\u0131\u2019nda d\u00fczenlenen etkinli\u011fine, taraftarlarla beraber Trabzonspor Kul\u00fcb\u00fc Ba\u015fkan\u0131 Ertu\u011frul Do\u011fan da kat\u0131ld\u0131. Bordo-mavili taraftarlar, Hali\u00e7\u2019te me\u015fale yakarak renkli g\u00f6r\u00fcnt\u00fcler olu\u015fturdu.<\/p>\n<p><b>DO\u011eAN: STAT SPONSORLU\u011eUNU A\u00c7IKLAYACA\u011eIZ<\/b><\/p>\n<p>Trabzonspor Ba\u015fkan\u0131 Ertu\u011frul Do\u011fan, bas\u0131n mensuplar\u0131na yapt\u0131\u011f\u0131 a\u00e7\u0131klamada, \u00e7ok \u00f6nemli bir organizasyona imza at\u0131ld\u0131\u011f\u0131n\u0131 belirterek, \u201cBir\u00e7ok taraftar\u0131m\u0131z etkinli\u011fe gelmi\u015f. Burada oldu\u011fumuz i\u00e7in \u00e7ok mutluyuz. \u00d6n\u00fcm\u00fczdeki hafta stat sponsorlu\u011funu a\u00e7\u0131klayaca\u011f\u0131z. Bundan sonra da projelerimiz devam edecek. Taraftarlar\u0131 mutlu etmek istiyoruz. Benim iste\u011fim, bug\u00fcn oldu\u011fu gibi Trabzonspor taraftarlar\u0131n\u0131n bir olmas\u0131. Bug\u00fcn oldu\u011fu gibi bir olursak ba\u015far\u0131 da gelir.\u201d ifadelerini kulland\u0131.<\/p>\n<p><img decoding=\"async\" src=\"https:\/\/i01.sozcucdn.com\/wp-content\/uploads\/2023\/08\/06\/ts2_23493038_800x533-660x440.jpg\" alt=\"\" title=\"\"><\/p>\n<p>Do\u011fan, \u201cMislav Orsic sakatl\u0131k ya\u015fad\u0131, o mevkide yeni bir aray\u0131\u015f\u0131n\u0131z var m\u0131?\u201d \u015feklindeki soru \u00fczerine, \u201cOrsic\u2019in mevkisinde aray\u0131\u015f\u0131m\u0131z s\u00fcr\u00fcyor. Hocam\u0131z\u0131n istedi\u011fi baz\u0131 isimler var. \u015eu anda g\u00f6r\u00fc\u015fmelerimiz devam ediyor.\u201d diye konu\u015ftu. Trabzonspor\u2019un basketbol tak\u0131m\u0131yla ilgili konu\u015fan Do\u011fan, \u201cEski bir basketbol y\u00f6neticisi olarak taraftara s\u00f6z\u00fcm var. \u0130mkanlar\u0131m\u0131z\u0131n uygun oldu\u011fu an basket tak\u0131m\u0131yla ilgili \u00e7al\u0131\u015fmalara ba\u015flayaca\u011f\u0131z. Hangi ligden ba\u015flayaca\u011f\u0131m\u0131z daha belli de\u011fil. Konyaspor\u2019un tak\u0131m\u0131n\u0131 almak gibi bir niyetimiz de yok.\u201d dedi.<\/p>\n<p><b>\u2018KUL\u00dcBE 4 AYDA 70 M\u0130LYON EURO PARA VERD\u0130K\u2019<\/b><\/p>\n<p>Her att\u0131\u011f\u0131 ad\u0131mda kul\u00fcb\u00fc d\u00fc\u015f\u00fcnmesi gerekti\u011fini vurgulayan Do\u011fan, \u201cTaraftarlar, \u015fu anda transfer bekliyor. Bunun fark\u0131nday\u0131m. 3 liral\u0131k oyuncuya 10 lira verirsen hemen al\u0131rs\u0131n. \u00d6nemli olan do\u011fru oyuncuyu do\u011fru maliyetle almak. Ben, ekonomiyi d\u00fczeltirken ayn\u0131 zamanda yar\u0131\u015fmak zorunday\u0131m. Rakamlar\u0131n dikkatli incelenmesi gerek. Biz, son sponsorlukla beraber kul\u00fcbe 4 ayda 70 milyon avro kar\u015f\u0131l\u0131ks\u0131z para verdik\u201d ifadelerini kulland\u0131. (AA)<\/p>\n","protected":false},"excerpt":{"rendered":"<p>56. kurulu\u015f y\u0131l d\u00f6n\u00fcm\u00fcn\u00fc kutlayan Trabzonspor taraftarlar\u0131 S\u00fctl\u00fcce&#8217;de me\u015faleler yakarak b\u00fcy\u00fck bir etkinlik d\u00fczenledi.<\/p>\n","protected":false},"author":1,"featured_media":108858,"comment_status":"closed","ping_status":"open","sticky":false,"template":"","format":"standard","meta":{"footnotes":""},"categories":[31],"tags":[4145,402],"class_list":["post-108857","post","type-post","status-publish","format-standard","has-post-thumbnail","hentry","category-spor","tag-dogan","tag-trabzonspor"],"_links":{"self":[{"href":"https:\/\/haberulus.net\/index.php?rest_route=\/wp\/v2\/posts\/108857","targetHints":{"allow":["GET"]}}],"collection":[{"href":"https:\/\/haberulus.net\/index.php?rest_route=\/wp\/v2\/posts"}],"about":[{"href":"https:\/\/haberulus.net\/index.php?rest_route=\/wp\/v2\/types\/post"}],"author":[{"embeddable":true,"href":"https:\/\/haberulus.net\/index.php?rest_route=\/wp\/v2\/users\/1"}],"replies":[{"embeddable":true,"href":"https:\/\/haberulus.net\/index.php?rest_route=%2Fwp%2Fv2%2Fcomments&post=108857"}],"version-history":[{"count":1,"href":"https:\/\/haberulus.net\/index.php?rest_route=\/wp\/v2\/posts\/108857\/revisions"}],"predecessor-version":[{"id":108859,"href":"https:\/\/haberulus.net\/index.php?rest_route=\/wp\/v2\/posts\/108857\/revisions\/108859"}],"wp:featuredmedia":[{"embeddable":true,"href":"https:\/\/haberulus.net\/index.php?rest_route=\/wp\/v2\/media\/108858"}],"wp:attachment":[{"href":"https:\/\/haberulus.net\/index.php?rest_route=%2Fwp%2Fv2%2Fmedia&parent=108857"}],"wp:term":[{"taxonomy":"category","embeddable":true,"href":"https:\/\/haberulus.net\/index.php?rest_route=%2Fwp%2Fv2%2Fcategories&post=108857"},{"taxonomy":"post_tag","embeddable":true,"href":"https:\/\/haberulus.net\/index.php?rest_route=%2Fwp%2Fv2%2Ftags&post=108857"}],"curies":[{"name":"wp","href":"https:\/\/api.w.org\/{rel}","templated":true}]}}