{"id":108869,"date":"2023-08-06T22:21:04","date_gmt":"2023-08-06T22:21:04","guid":{"rendered":"https:\/\/haberulus.net\/?p=108869"},"modified":"2023-08-06T22:21:04","modified_gmt":"2023-08-06T22:21:04","slug":"nijerde-hareketlilik-sinirlar-ve-hava-sahasi-kapatildi","status":"publish","type":"post","link":"https:\/\/haberulus.net\/?p=108869","title":{"rendered":"Nijer\u2019de hareketlilik\u2026 S\u0131n\u0131rlar ve hava sahas\u0131 kapat\u0131ld\u0131"},"content":{"rendered":"<p>Nijer\u2019de hareketlilik ya\u015fan\u0131yor. Nijer Vatan\u0131 Koruma Ulusal Konseyi (CNSP) S\u00f6zc\u00fcs\u00fc Albay Amadou Abdramane, okudu\u011fu bildiride, Bat\u0131 Afrika Devletleri Ekonomik Toplulu\u011funun (ECOWAS) askeri m\u00fcdahale ihtimaline kar\u015f\u0131 Nijer hava sahas\u0131n\u0131n ikinci bir emre kadar kapat\u0131ld\u0131\u011f\u0131n\u0131 duyurdu.<\/p>\n<p>Abdramane, herhangi bir ihlale an\u0131nda ve g\u00fc\u00e7l\u00fc cevap verilece\u011fini belirterek, \u201cYabanc\u0131 bir \u00fclke ECOWAS i\u015fbirli\u011fiyle \u00fclkemize sald\u0131r\u0131 haz\u0131rl\u0131\u011f\u0131nda.\u201d ifadesini kulland\u0131<\/p>\n<p>ECOWAS\u2019\u0131n askeri m\u00fcdahale haz\u0131rl\u0131\u011f\u0131 kapsam\u0131nda 2 Orta Afrika \u00fclkesinde asker konu\u015fland\u0131rd\u0131\u011f\u0131n\u0131 vurgulayan Abdramane, m\u00fcdahil olan her \u00fclkenin i\u015fbirlik\u00e7i olarak de\u011ferlendirilece\u011fini dile getirdi. Abdramane, Nijerli gen\u00e7leri \u00fclkelerini savunmaya davet etti.<\/p>\n<p><strong>N\u0130JERYA SINIRINI KAPATTI<\/strong><\/p>\n<p>Nijerya G\u00fcmr\u00fck Servisi (NCS) Genel Kontrol\u00f6r Vekili Bashir Adewale, yapt\u0131\u011f\u0131 a\u00e7\u0131klamada, Nijerya\u2019n\u0131n Nijer\u2019deki darbe ve geli\u015fen olaylar nedeniyle bu \u00fclkeyle t\u00fcm s\u0131n\u0131rlar\u0131n\u0131 kapatt\u0131\u011f\u0131n\u0131 belirtti.<\/p>\n<p>Adewale, bu karar\u0131n Bat\u0131 Afrika Devletleri Ekonomik Toplulu\u011funun (ECOWAS) bir sonraki duyuruya kadar kargo hareketinin ask\u0131ya al\u0131nmas\u0131 y\u00f6n\u00fcndeki direktifiyle uyumlu oldu\u011funu s\u00f6yledi.<\/p>\n<p>NCS\u2019nin s\u0131n\u0131r topluluklar\u0131n\u0131 tam uyum sa\u011flamalar\u0131 i\u00e7in duyarl\u0131 hale getirece\u011finin alt\u0131n\u0131 \u00e7izen Adewale, karar\u0131n iki \u00fclke aras\u0131ndaki bar\u0131\u015f ve istikrar ad\u0131na da al\u0131nd\u0131\u011f\u0131n\u0131 s\u00f6zlerini ekledi.<\/p>\n<p><img decoding=\"async\" src=\"https:\/\/i01.sozcucdn.com\/wp-content\/uploads\/2023\/08\/06\/nijer-reuters1.jpg\" alt=\"\" title=\"\"><\/p>\n<p><strong>DARBE DESTEK\u00c7\u0130LER\u0130 STADYUMU DOLDURDU<\/strong><\/p>\n<p>Niamey\u2019de darbe destek\u00e7ileri, Vatan\u0131 Koruma Ulusal Konseyi\u2019nin (CNSP) \u00e7a\u011fr\u0131s\u0131yla, Bat\u0131 Afrika Devletleri Ekonomik Toplulu\u011fu\u2019nun (ECOWAS) cuntaya verdi\u011fi s\u00fcrenin dolmas\u0131na saatler kala General Seyni Kountche Stadyumu\u2019nda topland\u0131.<\/p>\n<p>Yakla\u015f\u0131k 30 bin ki\u015fi kapasiteli stadyum tamamen dolarken CNSP \u00fcyeleri de g\u00f6vde g\u00f6sterisi yapt\u0131, dakikalarca alk\u0131\u015fland\u0131.<\/p>\n<p>CNSP\u2019nin \u00f6nde gelen isimlerinden Mohamed Toumba, burada yapt\u0131\u011f\u0131 konu\u015fmada, y\u00f6netimi b\u0131rakmayacaklar\u0131n\u0131n alt\u0131n\u0131 \u00e7izerek \u201cNijer\u2019in ilerlemesine kar\u015f\u0131 \u00e7\u0131kanlar\u0131n Makyavelist planlar\u0131n\u0131n\u201d fark\u0131nda olduklar\u0131n\u0131 s\u00f6yledi.<\/p>\n<p>Nijer\u2019de 1974\u2019te \u00fclkenin kurucu Cumhurba\u015fkan\u0131 Hamani Diori\u2019yi deviren darbeci General Seyni Kountche\u2019nin ad\u0131n\u0131 ta\u015f\u0131yan stadyumda, Nijer bayraklar\u0131n\u0131n yan\u0131 s\u0131ra Rus bayraklar\u0131 ve \u201cWagner+Rusya: \u00d6zg\u00fcrl\u00fck\u201d, \u201cBat\u0131ya kar\u015f\u0131 \u00e7are Wagner\u201d, \u201cWagner: G\u00fcvenlik, itibar ve g\u00fc\u00e7\u201d yaz\u0131l\u0131 d\u00f6vizler de dikkati \u00e7ekti.<\/p>\n<p><strong>VER\u0130LEN S\u00dcRE DOLUYOR<\/strong><\/p>\n<p>ECOWAS\u2019\u0131n 30 Temmuz\u2019da askeri cuntaya Cumhurba\u015fkan\u0131 Muhammed Bazum\u2019un serbest kalmas\u0131 ve yeniden g\u00f6revine d\u00f6nmesi i\u00e7in verdi\u011fi 7 g\u00fcnl\u00fck s\u00fcre, yerel saat ile 00.00\u2019dan \u00f6nce dolacak.<\/p>\n<p>ECOWAS, bu s\u00fcrede taleplerinin kar\u015f\u0131lanmamas\u0131 durumunda askeri m\u00fcdahale dahil her se\u00e7ene\u011fi de\u011ferlendireceklerini duyurmu\u015ftu.<\/p>\n<p>Askeri m\u00fcdahale ihtimali, Bat\u0131 Afrika\u2019daki di\u011fer cunta h\u00fck\u00fcmetlerinin tepkisini \u00e7ekmi\u015fti.<\/p>\n<p>Y\u00f6netimde askerlerin oldu\u011fu Burkina Faso ve Mali, yay\u0131mlad\u0131klar\u0131 ortak bildiride, Nijer\u2019e askeri m\u00fcdahalenin kendilerine sava\u015f a\u00e7mak anlam\u0131na geldi\u011fi konusunda ECOWAS\u2019\u0131 uyarm\u0131\u015f, Gine de cuntaya destek a\u00e7\u0131klamas\u0131nda bulunmu\u015ftu.<\/p>\n<p>Senegal, Fildi\u015fi Sahili, Benin ve Nijerya ise \u00fcyesi olduklar\u0131 ECOWAS\u2019\u0131n askeri m\u00fcdahalesini destekleyeceklerini a\u00e7\u0131klam\u0131\u015ft\u0131.<\/p>\n<p>ECOWAS \u00fcyesi olmayan b\u00f6lge \u00fclkeleri Cezayir, Libya, \u00c7ad ve Moritanya da ECOWAS\u2019\u0131n askeri operasyonunu desteklemediklerini duyurmu\u015ftu.<\/p>\n<p><img decoding=\"async\" src=\"https:\/\/i01.sozcucdn.com\/wp-content\/uploads\/2023\/08\/06\/nijer-reuters2.jpg\" alt=\"\" title=\"\"><\/p>\n<p><strong>N\u0130JER\u2019DEK\u0130 DARBE<\/strong><\/p>\n<p>Nijer\u2019de Cumhurba\u015fkan\u0131 Muhammed Bazum, 26 Temmuz\u2019da Cumhurba\u015fkanl\u0131\u011f\u0131 Muhaf\u0131z Alay\u0131 unsurlar\u0131nca al\u0131konulmu\u015f ve o ak\u015fam asker y\u00f6netime el koydu\u011funu duyurmu\u015ftu.<\/p>\n<p>Cumhurba\u015fkanl\u0131\u011f\u0131 Muhaf\u0131z Alay\u0131 Komutan\u0131 General Abdurrahmane (\u00d6mer) Tchiani, 28 Temmuz\u2019da Vatan\u0131 Koruma Ulusal Konseyi (CNSP) isimli cuntan\u0131n liderli\u011fini \u00fcstlenmi\u015f ve ge\u00e7i\u015f h\u00fck\u00fcmetinin ba\u015f\u0131na ge\u00e7mi\u015fti. (AA)<\/p>\n","protected":false},"excerpt":{"rendered":"<p>Nijer&#8217;de 26 Temmuz&#8217;da y\u00f6netime el koyan askeri cunta, ikinci bir emre kadar Nijer hava sahas\u0131n\u0131 kapatt\u0131klar\u0131n\u0131 belirterek, yabanc\u0131 bir \u00fclkenin Nijer&#8217;e sald\u0131r\u0131 haz\u0131rl\u0131\u011f\u0131nda oldu\u011funu duyurdu.<\/p>\n","protected":false},"author":1,"featured_media":108870,"comment_status":"closed","ping_status":"open","sticky":false,"template":"","format":"standard","meta":{"footnotes":""},"categories":[24],"tags":[13113,711,13111,13112,160],"class_list":["post-108869","post","type-post","status-publish","format-standard","has-post-thumbnail","hentry","category-dunya","tag-askeri-mudahale","tag-destek","tag-ecowas","tag-nijer","tag-ulke"],"_links":{"self":[{"href":"https:\/\/haberulus.net\/index.php?rest_route=\/wp\/v2\/posts\/108869","targetHints":{"allow":["GET"]}}],"collection":[{"href":"https:\/\/haberulus.net\/index.php?rest_route=\/wp\/v2\/posts"}],"about":[{"href":"https:\/\/haberulus.net\/index.php?rest_route=\/wp\/v2\/types\/post"}],"author":[{"embeddable":true,"href":"https:\/\/haberulus.net\/index.php?rest_route=\/wp\/v2\/users\/1"}],"replies":[{"embeddable":true,"href":"https:\/\/haberulus.net\/index.php?rest_route=%2Fwp%2Fv2%2Fcomments&post=108869"}],"version-history":[{"count":1,"href":"https:\/\/haberulus.net\/index.php?rest_route=\/wp\/v2\/posts\/108869\/revisions"}],"predecessor-version":[{"id":108871,"href":"https:\/\/haberulus.net\/index.php?rest_route=\/wp\/v2\/posts\/108869\/revisions\/108871"}],"wp:featuredmedia":[{"embeddable":true,"href":"https:\/\/haberulus.net\/index.php?rest_route=\/wp\/v2\/media\/108870"}],"wp:attachment":[{"href":"https:\/\/haberulus.net\/index.php?rest_route=%2Fwp%2Fv2%2Fmedia&parent=108869"}],"wp:term":[{"taxonomy":"category","embeddable":true,"href":"https:\/\/haberulus.net\/index.php?rest_route=%2Fwp%2Fv2%2Fcategories&post=108869"},{"taxonomy":"post_tag","embeddable":true,"href":"https:\/\/haberulus.net\/index.php?rest_route=%2Fwp%2Fv2%2Ftags&post=108869"}],"curies":[{"name":"wp","href":"https:\/\/api.w.org\/{rel}","templated":true}]}}