{"id":108872,"date":"2023-08-07T00:19:04","date_gmt":"2023-08-07T00:19:04","guid":{"rendered":"https:\/\/haberulus.net\/?p=108872"},"modified":"2023-08-07T00:19:04","modified_gmt":"2023-08-07T00:19:04","slug":"faruk-ozdemir-oldu-mu-eski-chp-etimesgut-ilce-baskani-faruk-ozdemir-neden-ne-zaman-oldu","status":"publish","type":"post","link":"https:\/\/haberulus.net\/?p=108872","title":{"rendered":"Faruk \u00d6zdemir \u00f6ld\u00fc m\u00fc? Eski CHP Etimesgut \u0130l\u00e7e Ba\u015fkan\u0131 Faruk \u00d6zdemir neden, ne zaman \u00f6ld\u00fc?"},"content":{"rendered":"<p> <strong>Faruk \u00d6zdemir<\/strong> \u00f6ld\u00fc m\u00fc? Eski CHP Etimesgut \u0130l\u00e7e Ba\u015fkan\u0131 Faruk \u00d6zdemir neden, ne zaman \u00f6ld\u00fc? merak ediliyor. Ankara&#8217;da CHP Etimesgut \u0130l\u00e7e Ba\u015fkanl\u0131\u011f\u0131 Ola\u011fan Kongresi&#8217;nde ba\u015fkanl\u0131k i\u00e7in yar\u0131\u015fan eski \u0130l\u00e7e Ba\u015fkan\u0131 Faruk \u00d6zdemir&#8217;in konu\u015fmas\u0131 esnas\u0131nda tansiyon bir anda y\u00fckseldi. S\u00f6zlerini bitirdikten sonra yerine ge\u00e7en \u00d6zdemir hakk\u0131nda Faruk \u00d6zdemir \u00f6ld\u00fc m\u00fc? Eski CHP Etimesgut \u0130l\u00e7e Ba\u015fkan\u0131 Faruk \u00d6zdemir neden, ne zaman \u00f6ld\u00fc? sorular\u0131 arat\u0131ld\u0131.<\/p>\n<p><b>FARUK \u00d6ZDEM\u0130R \u00d6LD\u00dc M\u00dc, NEDEN?<\/b><\/p>\n<p>Ankara&#8217;da d\u00fczenlenen CHP Etimesgut \u0130l\u00e7e Ba\u015fkanl\u0131\u011f\u0131 Ola\u011fan Kongresi&#8217;nde ba\u015fkanl\u0131k i\u00e7in yar\u0131\u015fan eski \u0130l\u00e7e Ba\u015fkan\u0131 Faruk \u00d6zdemir, konu\u015fma yapt\u0131\u011f\u0131 s\u0131rada tansiyon y\u00fckseldi. Konu\u015fmas\u0131n\u0131n ard\u0131ndan yerine ge\u00e7en \u00d6zdemir kalp krizi ge\u00e7irdi. \u00d6zdemir kald\u0131r\u0131ld\u0131\u011f\u0131 hastanede t\u00fcm m\u00fcdahalelere ra\u011fmen kurtar\u0131lamazken, CHP Genel Ba\u015fkan\u0131 K\u0131l\u0131\u00e7daro\u011flu, &#8220;Yol arkada\u015f\u0131m\u0131z Faruk \u00d6zdemir&#8217;i kaybetmenin derin \u00fcz\u00fcnt\u00fcs\u00fc i\u00e7indeyiz.&#8221; diyerek ba\u015fsa\u011fl\u0131\u011f\u0131 mesaj\u0131 yay\u0131mlad\u0131.<\/p>\n<p><b>KONGREDE TANS\u0130YON Y\u00dcKSELD\u0130<\/b><\/p>\n<p>Etimesgut Belediyesi Korkut Ata K\u00fclt\u00fcr Merkezi&#8217;nde ger\u00e7ekle\u015ftirilen CHP Etimesgut \u0130l\u00e7e Ba\u015fkanl\u0131\u011f\u0131&#8217;n\u0131n ola\u011fan il\u00e7e kongresinde mevcut \u0130l\u00e7e Ba\u015fkan\u0131 Cemal Emir ile eski il\u00e7e ba\u015fkan\u0131 Faruk \u00d6zdemir, ba\u015fkanl\u0131k i\u00e7in yar\u0131\u015ft\u0131. \u00d6zdemir&#8217;in konu\u015fmas\u0131 s\u0131ras\u0131nda kongrede tansiyon y\u00fckseldi.<\/p>\n<p><b>KALP KR\u0130Z\u0130 GE\u00c7\u0130REN ESK\u0130 BA\u015eKAN KURTARILAMADI<\/b><\/p>\n<p>Konu\u015fmas\u0131n\u0131n ard\u0131ndan yerine oturan \u00d6zdemir, kalp krizi ge\u00e7irdi. Kongre alan\u0131nda yap\u0131lan ilk m\u00fcdahalenin ard\u0131ndan \u00f6zel bir hastaneye kald\u0131r\u0131lan \u00d6zdemir, yap\u0131lan m\u00fcdahalelere ra\u011fmen hayat\u0131n\u0131 kaybetti. \u00d6zdemir&#8217;in daha \u00f6nceden de kalp rahats\u0131zl\u0131\u011f\u0131 oldu\u011fu \u00f6\u011frenildi.<\/p>\n<p><b>KILI\u00c7DARO\u011eLU&#8217;NDAN BA\u015eSA\u011eLI\u011eI MESAJI<\/b><\/p>\n<p>CHP Genel Ba\u015fkan\u0131 Kemal K\u0131l\u0131\u00e7daro\u011flu da Twitter hesab\u0131ndan ba\u015fsa\u011fl\u0131\u011f\u0131 mesaj\u0131 yay\u0131mlad\u0131. K\u0131l\u0131\u00e7daro\u011flu, \u015funlar\u0131 s\u00f6yledi: &#8220;Yol arkada\u015f\u0131m\u0131z Faruk \u00d6zdemir&#8217;i kaybetmenin derin \u00fcz\u00fcnt\u00fcs\u00fc i\u00e7indeyiz. Partimizin Etimesgut \u0130l\u00e7e Kongresi&#8217;nde ge\u00e7irdi\u011fi kalp krizi sonucu ya\u015fam\u0131n\u0131 yitiren Faruk \u00d6zdemir&#8217;e Allah&#8217;tan rahmet, ailesine, yak\u0131nlar\u0131na ve t\u00fcm sevdiklerine ba\u015fsa\u011fl\u0131\u011f\u0131 ve sab\u0131r diliyorum. Ba\u015f\u0131m\u0131z sa\u011f olsun!&#8221;<\/p>\n","protected":false},"excerpt":{"rendered":"<p>Ankara&#8217;da d\u00fczenlenen CHP Etimesgut \u0130l\u00e7e Ba\u015fkanl\u0131\u011f\u0131 Ola\u011fan Kongresi&#8217;nde ba\u015fkanl\u0131k i\u00e7in yar\u0131\u015fan eski \u0130l\u00e7e Ba\u015fkan\u0131 Faruk \u00d6zdemir, konu\u015fma yapt\u0131\u011f\u0131 s\u0131rada tansiyon y\u00fckseldi. Arama motorlar\u0131nda ise Faruk \u00d6zdemir \u00f6ld\u00fc m\u00fc? Eski CHP Etimesgut \u0130l\u00e7e Ba\u015fkan\u0131 Faruk \u00d6zdemir neden, ne zaman \u00f6ld\u00fc? sorular\u0131 arat\u0131ld\u0131.<\/p>\n","protected":false},"author":1,"featured_media":108873,"comment_status":"closed","ping_status":"open","sticky":false,"template":"","format":"standard","meta":{"footnotes":""},"categories":[28],"tags":[443,558,13114,3434,2426],"class_list":["post-108872","post","type-post","status-publish","format-standard","has-post-thumbnail","hentry","category-politika","tag-baskan","tag-eski","tag-faruk-ozdemir","tag-kongre","tag-ozdemir"],"_links":{"self":[{"href":"https:\/\/haberulus.net\/index.php?rest_route=\/wp\/v2\/posts\/108872","targetHints":{"allow":["GET"]}}],"collection":[{"href":"https:\/\/haberulus.net\/index.php?rest_route=\/wp\/v2\/posts"}],"about":[{"href":"https:\/\/haberulus.net\/index.php?rest_route=\/wp\/v2\/types\/post"}],"author":[{"embeddable":true,"href":"https:\/\/haberulus.net\/index.php?rest_route=\/wp\/v2\/users\/1"}],"replies":[{"embeddable":true,"href":"https:\/\/haberulus.net\/index.php?rest_route=%2Fwp%2Fv2%2Fcomments&post=108872"}],"version-history":[{"count":1,"href":"https:\/\/haberulus.net\/index.php?rest_route=\/wp\/v2\/posts\/108872\/revisions"}],"predecessor-version":[{"id":108874,"href":"https:\/\/haberulus.net\/index.php?rest_route=\/wp\/v2\/posts\/108872\/revisions\/108874"}],"wp:featuredmedia":[{"embeddable":true,"href":"https:\/\/haberulus.net\/index.php?rest_route=\/wp\/v2\/media\/108873"}],"wp:attachment":[{"href":"https:\/\/haberulus.net\/index.php?rest_route=%2Fwp%2Fv2%2Fmedia&parent=108872"}],"wp:term":[{"taxonomy":"category","embeddable":true,"href":"https:\/\/haberulus.net\/index.php?rest_route=%2Fwp%2Fv2%2Fcategories&post=108872"},{"taxonomy":"post_tag","embeddable":true,"href":"https:\/\/haberulus.net\/index.php?rest_route=%2Fwp%2Fv2%2Ftags&post=108872"}],"curies":[{"name":"wp","href":"https:\/\/api.w.org\/{rel}","templated":true}]}}