{"id":108911,"date":"2023-08-07T06:35:04","date_gmt":"2023-08-07T06:35:04","guid":{"rendered":"https:\/\/haberulus.net\/?p=108911"},"modified":"2023-08-07T06:35:04","modified_gmt":"2023-08-07T06:35:04","slug":"galatasarayin-tete-plani","status":"publish","type":"post","link":"https:\/\/haberulus.net\/?p=108911","title":{"rendered":"Galatasaray\u2019\u0131n Tete plan\u0131!"},"content":{"rendered":"<p>Zaha, Zaniolo, Kerem Akt\u00fcrko\u011flu ve Bar\u0131\u015f Alper Y\u0131lmaz gibi kanat h\u00fccumcular\u0131na sahip Galatasaray&#8217;\u0131n g\u00fcndemindeki yeni isim Tete\u2026 Shakhtar Donetsk ile kontrat\u0131n\u0131 feshedip bo\u015fa \u00e7\u0131kmak isteyen, bu s\u00fcre\u00e7te \u0130stanbul&#8217;a gelip Fenerbah\u00e7e ile de birden fazla defa g\u00f6r\u00fc\u015fen Brezilyal\u0131 gen\u00e7 yetenek art\u0131k Cimbom i\u00e7in de ciddi bir aday. Sar\u0131-k\u0131rm\u0131z\u0131l\u0131 kul\u00fcb\u00fcn g\u00fcndemine menajerinin \u00f6nerisiyle gelen bu futbolcu i\u00e7in acele edilmiyor ancak tepkisiz de kal\u0131nm\u0131yor.<\/p>\n<p><b>UKRAYNA\u2019DAN AYRILMAK \u0130ST\u0130YOR<\/b><\/p>\n<p>Y\u00f6netimin plan\u0131 belli. Galatasaray, elindeki de\u011ferleri y\u00fcksek fiyatlara satmas\u0131 halinde alternatif olarak g\u00f6r\u00fclen Tete ile resmi g\u00f6r\u00fc\u015fmeler ba\u015flayacak. Gremio&#8217;dan 2019&#8217;da 15 milyon Euro kar\u015f\u0131l\u0131\u011f\u0131 Shakhtar&#8217;a gelen sambac\u0131, Lyon ve Leicester&#8217;da kiral\u0131k oynad\u0131. Beklentilerin y\u00fcksek oldu\u011fu bu futbolcu, sava\u015f nedeniyle Ukrayna&#8217;dan ayr\u0131lmak istiyor. Shakhtar kul\u00fcb\u00fc, Tete&#8217;nin izinsiz gitmesi halinde haks\u0131z fesih davas\u0131 a\u00e7aca\u011f\u0131n\u0131 k\u0131sa s\u00fcre \u00f6nce a\u00e7\u0131klam\u0131\u015ft\u0131.<\/p>\n<p><b>TALEB\u0130 ASTRONOM\u0130K<\/b><\/p>\n<p>Tete\u2019ye kul\u00fcp arayan menajeri oyuncusu i\u00e7in astronomik bir fiyat bi\u00e7mi\u015fti: 6 milyon Euro garanti \u00fccret, 10 milyon Euro imza paras\u0131 ve sonraki sat\u0131\u015ftan y\u00fczde 30 pay\u2026 Galatasaray oyuncunun maliyetini ve hukuki durumunu ara\u015ft\u0131r\u0131yor. E\u011fer uygun bulunursa resmi temasa ge\u00e7ilecek.<\/p>\n","protected":false},"excerpt":{"rendered":"<p>Galatasaray Kul\u00fcb\u00fc, menajerinin Tete \u00f6nerisine temkinli yakla\u015f\u0131yor ancak uzak da durmuyor. H\u00fccum hatt\u0131ndan bir ismin sat\u0131lmas\u0131 halinde Brezilyal\u0131 gen\u00e7 y\u0131ld\u0131z i\u00e7in devreye girilecek.<\/p>\n","protected":false},"author":1,"featured_media":108912,"comment_status":"closed","ping_status":"open","sticky":false,"template":"","format":"standard","meta":{"footnotes":""},"categories":[31],"tags":[],"class_list":["post-108911","post","type-post","status-publish","format-standard","has-post-thumbnail","hentry","category-spor"],"_links":{"self":[{"href":"https:\/\/haberulus.net\/index.php?rest_route=\/wp\/v2\/posts\/108911","targetHints":{"allow":["GET"]}}],"collection":[{"href":"https:\/\/haberulus.net\/index.php?rest_route=\/wp\/v2\/posts"}],"about":[{"href":"https:\/\/haberulus.net\/index.php?rest_route=\/wp\/v2\/types\/post"}],"author":[{"embeddable":true,"href":"https:\/\/haberulus.net\/index.php?rest_route=\/wp\/v2\/users\/1"}],"replies":[{"embeddable":true,"href":"https:\/\/haberulus.net\/index.php?rest_route=%2Fwp%2Fv2%2Fcomments&post=108911"}],"version-history":[{"count":1,"href":"https:\/\/haberulus.net\/index.php?rest_route=\/wp\/v2\/posts\/108911\/revisions"}],"predecessor-version":[{"id":108913,"href":"https:\/\/haberulus.net\/index.php?rest_route=\/wp\/v2\/posts\/108911\/revisions\/108913"}],"wp:featuredmedia":[{"embeddable":true,"href":"https:\/\/haberulus.net\/index.php?rest_route=\/wp\/v2\/media\/108912"}],"wp:attachment":[{"href":"https:\/\/haberulus.net\/index.php?rest_route=%2Fwp%2Fv2%2Fmedia&parent=108911"}],"wp:term":[{"taxonomy":"category","embeddable":true,"href":"https:\/\/haberulus.net\/index.php?rest_route=%2Fwp%2Fv2%2Fcategories&post=108911"},{"taxonomy":"post_tag","embeddable":true,"href":"https:\/\/haberulus.net\/index.php?rest_route=%2Fwp%2Fv2%2Ftags&post=108911"}],"curies":[{"name":"wp","href":"https:\/\/api.w.org\/{rel}","templated":true}]}}