{"id":109082,"date":"2023-08-07T11:21:04","date_gmt":"2023-08-07T11:21:04","guid":{"rendered":"https:\/\/haberulus.net\/?p=109082"},"modified":"2023-08-07T11:21:04","modified_gmt":"2023-08-07T11:21:04","slug":"yanan-agaclari-dirilten-bocek","status":"publish","type":"post","link":"https:\/\/haberulus.net\/?p=109082","title":{"rendered":"Yanan a\u011fa\u00e7lar\u0131 dirilten b\u00f6cek"},"content":{"rendered":"<p>Son \u00fc\u00e7 y\u0131ld\u0131r b\u00fcy\u00fck orman yang\u0131nlar\u0131yla m\u00fccadele eden Mu\u011fla&#8217;da sevindirici bir geli\u015fme ya\u015fand\u0131.<\/p>\n<p>Yanm\u0131\u015f alanlara ak\u0131n ederek yuvarlak yaprakl\u0131 yanm\u0131\u015f a\u011fa\u00e7lara b\u0131rakt\u0131\u011f\u0131 larvalar\u0131yla a\u011fac\u0131n yeniden canlanmas\u0131n\u0131 sa\u011flayan yang\u0131n b\u00f6ce\u011fi, kara ate\u015f b\u00f6ce\u011fi veya ate\u015f b\u00f6ce\u011fi olarak bilinen Melanophila acuminata Dat\u00e7a il\u00e7esinde g\u00f6r\u00fcld\u00fc.<\/p>\n<p><img decoding=\"async\" src=\"https:\/\/i01.sozcucdn.com\/wp-content\/uploads\/2023\/08\/07\/bocek2.jpg\" alt=\"\" title=\"\"><\/p>\n<p>Yumurtadan \u00e7\u0131kan larvalar a\u011fac\u0131n besleyici sak tabakas\u0131yla beslenerek ah\u015fab\u0131n derinliklerine de n\u00fcfuz ederek yanan a\u011fa\u00e7lar\u0131n yeniden ye\u015fermesine neden oluyor.<\/p>\n<p>Bu b\u00f6cekleri \u00f6l\u00fcy\u00fc dirilten, ya\u015fam\u0131 tekrar kuran canl\u0131lar olarak niteleyen uzmanlar, \u00f6zellikle yang\u0131n b\u00f6lgelerinde g\u00f6r\u00fcnmeye ba\u015flayan bu kara b\u00f6ceklere dokunulmamas\u0131n\u0131 ve \u00f6ld\u00fcr\u00fclmemesini istiyor.<\/p>\n<p><img decoding=\"async\" src=\"https:\/\/i01.sozcucdn.com\/wp-content\/uploads\/2023\/08\/07\/bocek1.jpg\" alt=\"\" title=\"\"><\/p>\n<p><strong>SADECE ONLAR YANGINA U\u00c7UYOR<\/strong><\/p>\n<p>Bu b\u00f6cekler bilim \u00e7evrelerinde genel olarak yang\u0131n b\u00f6ce\u011fi veya kara ate\u015f b\u00f6ce\u011fi olarak tan\u0131n\u0131p Buprestidae familyas\u0131ndaki bir metalik ah\u015fap delici b\u00f6cek t\u00fcr\u00fc olarak tan\u0131t\u0131l\u0131yor. Genel olarak Karayipler, Avrupa ve Kuzey Asya (\u00c7in hari\u00e7), Orta Amerika, Kuzey Amerika ve G\u00fcney Asya\u2019da bulunuyor.<\/p>\n<p>Ormanda \u00e7\u0131kacak bir yang\u0131nda t\u00fcm hayvanlar ka\u00e7arken, siyah yang\u0131n b\u00f6ce\u011fi ormana do\u011fru giderek yumurtalar\u0131n\u0131 b\u0131rakmak i\u00e7in en uygun yeni yanan a\u011fa\u00e7 ar\u0131yor.<\/p>\n<p><img decoding=\"async\" src=\"https:\/\/i01.sozcucdn.com\/wp-content\/uploads\/2023\/08\/07\/bocek3.jpeg\" alt=\"\" title=\"\"><\/p>\n<p>Bilim insanlar\u0131n\u0131n a\u00e7\u0131klamalar\u0131na g\u00f6re b\u00f6ce\u011fin g\u00f6\u011fs\u00fcndeki k\u0131z\u0131l\u00f6tesi \u00e7ukur organlar\u0131 ile yang\u0131na \u00f6zg\u00fc kokular\u0131 almalar\u0131n\u0131 sa\u011fl\u0131yor. Endemik yang\u0131n b\u00f6ce\u011fi yumurtalar\u0131n\u0131 orman yang\u0131n\u0131ndan k\u0131sa s\u00fcre sonra \u00e7ok fazla yanm\u0131\u015f g\u00f6vdelere b\u0131rak\u0131yor.<\/p>\n<p>A\u011fac\u0131n sak tabakas\u0131yla beslenen larvalar, a\u011fac\u0131n derinliklerine inerek yeniden canlanmas\u0131n\u0131 sa\u011fl\u0131yor. Bu b\u00f6ceklerin antenleri sayesinde 1 kilometre uzakl\u0131ktaki yanan tek bir a\u011fac\u0131 bile buldu\u011fu da verilen bilgiler aras\u0131nda.<\/p>\n<p>B\u00f6cek, t\u00fcm bu \u00f6zellikleri sayesinde normal bir orman yang\u0131n\u0131n\u0131 yakla\u015f\u0131k 80 kilometre uzaktan bile alg\u0131layabiliyor.<\/p>\n","protected":false},"excerpt":{"rendered":"<p>Son \u00fc\u00e7 y\u0131ld\u0131r b\u00fcy\u00fck orman yang\u0131nlar\u0131yla bo\u011fu\u015fan Mu\u011fla\u2019da yanm\u0131\u015f alanlara ak\u0131n ederek yuvarlak yaprakl\u0131 yanm\u0131\u015f a\u011fa\u00e7lara b\u0131rakt\u0131\u011f\u0131 larvalar\u0131yla a\u011fac\u0131n yeniden canlanmas\u0131n\u0131 sa\u011flayan yang\u0131n b\u00f6ce\u011fi (ate\u015f b\u00f6ce\u011fi) Dat\u00e7a\u2019da g\u00f6r\u00fcld\u00fc.<\/p>\n","protected":false},"author":1,"featured_media":109083,"comment_status":"closed","ping_status":"open","sticky":false,"template":"","format":"standard","meta":{"footnotes":""},"categories":[33],"tags":[4531,12681,1242,539,518],"class_list":["post-109082","post","type-post","status-publish","format-standard","has-post-thumbnail","hentry","category-yasam","tag-agaci","tag-bocegi","tag-bocek","tag-orman","tag-yangin"],"_links":{"self":[{"href":"https:\/\/haberulus.net\/index.php?rest_route=\/wp\/v2\/posts\/109082","targetHints":{"allow":["GET"]}}],"collection":[{"href":"https:\/\/haberulus.net\/index.php?rest_route=\/wp\/v2\/posts"}],"about":[{"href":"https:\/\/haberulus.net\/index.php?rest_route=\/wp\/v2\/types\/post"}],"author":[{"embeddable":true,"href":"https:\/\/haberulus.net\/index.php?rest_route=\/wp\/v2\/users\/1"}],"replies":[{"embeddable":true,"href":"https:\/\/haberulus.net\/index.php?rest_route=%2Fwp%2Fv2%2Fcomments&post=109082"}],"version-history":[{"count":1,"href":"https:\/\/haberulus.net\/index.php?rest_route=\/wp\/v2\/posts\/109082\/revisions"}],"predecessor-version":[{"id":109084,"href":"https:\/\/haberulus.net\/index.php?rest_route=\/wp\/v2\/posts\/109082\/revisions\/109084"}],"wp:featuredmedia":[{"embeddable":true,"href":"https:\/\/haberulus.net\/index.php?rest_route=\/wp\/v2\/media\/109083"}],"wp:attachment":[{"href":"https:\/\/haberulus.net\/index.php?rest_route=%2Fwp%2Fv2%2Fmedia&parent=109082"}],"wp:term":[{"taxonomy":"category","embeddable":true,"href":"https:\/\/haberulus.net\/index.php?rest_route=%2Fwp%2Fv2%2Fcategories&post=109082"},{"taxonomy":"post_tag","embeddable":true,"href":"https:\/\/haberulus.net\/index.php?rest_route=%2Fwp%2Fv2%2Ftags&post=109082"}],"curies":[{"name":"wp","href":"https:\/\/api.w.org\/{rel}","templated":true}]}}