{"id":109091,"date":"2023-08-07T11:35:09","date_gmt":"2023-08-07T11:35:09","guid":{"rendered":"https:\/\/haberulus.net\/?p=109091"},"modified":"2023-08-07T11:35:09","modified_gmt":"2023-08-07T11:35:09","slug":"muglanin-yuzde-68i-ormanlardan-olusuyor-yuzde-65ine-maden-arama-ruhsati-verilmis","status":"publish","type":"post","link":"https:\/\/haberulus.net\/?p=109091","title":{"rendered":"\u201cMu\u011fla\u2019n\u0131n y\u00fczde 68\u2019i ormanlardan olu\u015fuyor, y\u00fczde 65\u2019ine maden arama ruhsat\u0131 verilmi\u015f\u201d\u00a0"},"content":{"rendered":"<p>Akbelen ormanlar\u0131nda ya\u015fanan a\u011fa\u00e7 kesiminin sadece \u00e7evreyi de\u011fil su kaynaklar\u0131n\u0131 da olumsuz etkilendi\u011fini s\u00f6yleyen Mu\u011fla B\u00fcy\u00fck\u015fehir Belediye Ba\u015fkan\u0131 Dr. Osman G\u00fcr\u00fcn, il genelindeki orman alanlar\u0131n\u0131n y\u00fczde 65&#8217;inde maden arama ruhsat\u0131 oldu\u011funu ve t\u00fcm bu olumsuzluklara kar\u015f\u0131n kenti korumak i\u00e7in m\u00fccadele ettiklerini s\u00f6yledi. G\u00fcr\u00fcn, \u015f\u00f6yle konu\u015ftu:<\/p>\n<p>\u201c\u00dclkemizin i\u00e7inde bulundu\u011fu bu zor d\u00f6nemde Mu\u011fla&#8217;m\u0131z\u0131n a\u011fa\u00e7 kesimleriyle an\u0131larak g\u00fcndemde kalmas\u0131 \u00fclkemiz ve kentimiz ad\u0131na bizi de \u00fcz\u00fcyor ve \u00e7ok derinden yaral\u0131yor. Kamuoyuna Akbelen ormanlar\u0131nda a\u011fa\u00e7lar\u0131n kesilmesi \u00fczerinden yerle\u015fen ve hukuki olarak bizim de m\u00fcdahil oldu\u011fumuz bu konuyu yaln\u0131zca a\u011fa\u00e7 kesimi olarak de\u011ferlendirmemek gerekiyor. Mu\u011fla&#8217;n\u0131n y\u00fczde 68&#8217;i ormanlardan olu\u015fuyor ve yap\u0131lan ara\u015ft\u0131rmalara g\u00f6re bu orman arazilerinin yakla\u015f\u0131k y\u00fczde 65&#8217;ine maden arama ruhsat\u0131 verilmi\u015f durumda.\u201d<\/p>\n<p><strong>\u201cEN \u00c7OK SU KAYNAKLARINI ETK\u0130L\u0130YOR\u201d<\/strong><\/p>\n<p>Madencili\u011fin \u00fclkelerin refah\u0131 ve ekonomik d\u00f6ng\u00fcs\u00fcn\u00fcn s\u00fcrd\u00fcr\u00fclebilirli\u011fi a\u00e7\u0131s\u0131ndan \u00f6nemli bir sekt\u00f6r oldu\u011funu, ancak insanlar\u0131n hayati ihtiya\u00e7lar\u0131na ve do\u011faya zarar vermemesi gerekti\u011fini vurgulayan Ba\u015fkan G\u00fcr\u00fcn, \u201cAkbelen ve benzer yerlerde yap\u0131lan madencilik \u00e7al\u0131\u015fmalar\u0131 maalesef en \u00e7ok su kaynaklar\u0131n\u0131 etkiliyor. Su kaynaklar\u0131n\u0131n kirlenmesi bir yana tamamen yok olmas\u0131na da neden oluyor. Bug\u00fcnlerde daha a\u011f\u0131r hissetmeye ba\u015flad\u0131\u011f\u0131m\u0131z su kaynaklar\u0131n\u0131n yetersizli\u011finin e\u011fer gerekli tedbirler al\u0131nmazsa \u00f6n\u00fcm\u00fczdeki y\u0131llarda \u00e7ok daha a\u011f\u0131rla\u015faca\u011f\u0131n\u0131 d\u00fc\u015f\u00fcn\u00fcyorum. Bu y\u00fczden Su Bakanl\u0131\u011f\u0131 kurulmas\u0131n\u0131n gereklili\u011fine her platformda dikkat \u00e7ekiyorum. Su Bakanl\u0131\u011f\u0131 kurulmal\u0131 ve madencilikle ilgili b\u00fct\u00fcn ruhsat ve di\u011fer izinler nihai olarak Su Bakanl\u0131\u011f\u0131nca onaylan\u0131r hale gelmeli\u201d diye konu\u015ftu.<\/p>\n<p><strong>\u201cBUG\u00dcN AKBELEN YARIN FARKLI B\u0130R YER\u201d<\/strong><\/p>\n<p>\u0130\u015fin bir de termik santraller ve y\u0131llard\u0131r bu santralden ekme\u011fini kazanan, evini ge\u00e7indiren emek\u00e7ilerle ilgili boyutu oldu\u011funu dile getiren Ba\u015fkan G\u00fcr\u00fcn \u015funlar\u0131 s\u00f6yledi:<\/p>\n<p>* \u00dclkemiz 2053 y\u0131l\u0131na kadar yenilenebilir enerji kaynaklar\u0131na y\u00f6nelmek ve s\u0131f\u0131r emisyon hedefine ula\u015fmak i\u00e7in Paris Anla\u015fmas\u0131n\u0131 imzalad\u0131. \u00c7evre i\u00e7in b\u00fcy\u00fck \u00f6nem ta\u015f\u0131yan bu anla\u015fma do\u011frultusunda termik santrallerin kademeli olarak kapat\u0131larak temiz enerjiye d\u00f6n\u00fclmesi ama\u00e7lan\u0131rken h\u00fck\u00fcmet taraf\u0131ndan bu y\u00f6nde at\u0131lm\u0131\u015f herhangi bir ad\u0131m veya uygulamaya konan bir takvimin olmamas\u0131 endi\u015fe veriyor.<\/p>\n<p>* Bunu yaparken kimseyi i\u015finden etmeyecek \u015fekilde bir yasal d\u00fczenleme yap\u0131larak termik santrallerde g\u00f6rev yapan emek\u00e7ilerin hi\u00e7bir hak mahrumiyetine u\u011framayaca\u011f\u0131 \u015fekilde farkl\u0131 kurumlarda ve yerel y\u00f6netimlerde istihdam edilmesine y\u00f6nelik tedbirler de al\u0131nmas\u0131 gerekiyor.<\/p>\n<p>* Sonu\u00e7 olarak Akbelen olay\u0131 yaln\u0131zca a\u011fa\u00e7 kesimiyle s\u0131n\u0131rland\u0131r\u0131lamayacak kadar \u00f6nemli ve bir an evvel \u00fclke genelinde tedbirler al\u0131nmas\u0131n\u0131 gerektirecek su, \u00e7evre ve insan etkileri olan sorunlar\u0131n bizim kentimizdeki bir yans\u0131mas\u0131d\u0131r.<\/p>\n<p>* D\u00fcn Kaz Da\u011flar\u0131 bug\u00fcn Akbelen yar\u0131n farkl\u0131 bir yer. Tart\u0131\u015f\u0131lmas\u0131 gereken konu farkl\u0131 noktalardaki spesifik olaylar ve i\u015flemler de\u011fil suyumuz, do\u011fam\u0131z ve insan\u0131m\u0131z zarar g\u00f6rmeden yap\u0131lmas\u0131 gereken acil bir sistem de\u011fi\u015fikli\u011fi ve d\u00fczenlemedir. Biz her zaman oldu\u011fu gibi yine \u00e7evremiz, suyumuz ve insan\u0131m\u0131z i\u00e7in her t\u00fcrl\u00fc gelen hukuki m\u00fccadeleyi vermeye devam edece\u011fiz.<\/p>\n","protected":false},"excerpt":{"rendered":"<p>Akbelen ormanlar\u0131ndaki a\u011fa\u00e7 kesimleri hakk\u0131nda a\u00e7\u0131klamada bulunan Mu\u011fla B\u00fcy\u00fck\u015fehir Belediye Ba\u015fkan\u0131 Dr. Osman G\u00fcr\u00fcn, maden i\u015fletme izninin iptali i\u00e7in hukuki m\u00fccadeleyi s\u00fcrd\u00fcrd\u00fcklerini s\u00f6yledi. G\u00fcr\u00fcn, \u201cMu\u011fla\u2019n\u0131n y\u00fczde 68\u2019i ormanlardan olu\u015fuyor ve bu orman arazilerinin yakla\u015f\u0131k y\u00fczde 65\u2019ine maden arama ruhsat\u0131 verilmi\u015f durumda\u201d dedi.<\/p>\n","protected":false},"author":1,"featured_media":109092,"comment_status":"closed","ping_status":"open","sticky":false,"template":"","format":"standard","meta":{"footnotes":""},"categories":[26],"tags":[704,4971,1146,539,160],"class_list":["post-109091","post","type-post","status-publish","format-standard","has-post-thumbnail","hentry","category-gundem","tag-agac","tag-akbelen","tag-maden","tag-orman","tag-ulke"],"_links":{"self":[{"href":"https:\/\/haberulus.net\/index.php?rest_route=\/wp\/v2\/posts\/109091","targetHints":{"allow":["GET"]}}],"collection":[{"href":"https:\/\/haberulus.net\/index.php?rest_route=\/wp\/v2\/posts"}],"about":[{"href":"https:\/\/haberulus.net\/index.php?rest_route=\/wp\/v2\/types\/post"}],"author":[{"embeddable":true,"href":"https:\/\/haberulus.net\/index.php?rest_route=\/wp\/v2\/users\/1"}],"replies":[{"embeddable":true,"href":"https:\/\/haberulus.net\/index.php?rest_route=%2Fwp%2Fv2%2Fcomments&post=109091"}],"version-history":[{"count":1,"href":"https:\/\/haberulus.net\/index.php?rest_route=\/wp\/v2\/posts\/109091\/revisions"}],"predecessor-version":[{"id":109093,"href":"https:\/\/haberulus.net\/index.php?rest_route=\/wp\/v2\/posts\/109091\/revisions\/109093"}],"wp:featuredmedia":[{"embeddable":true,"href":"https:\/\/haberulus.net\/index.php?rest_route=\/wp\/v2\/media\/109092"}],"wp:attachment":[{"href":"https:\/\/haberulus.net\/index.php?rest_route=%2Fwp%2Fv2%2Fmedia&parent=109091"}],"wp:term":[{"taxonomy":"category","embeddable":true,"href":"https:\/\/haberulus.net\/index.php?rest_route=%2Fwp%2Fv2%2Fcategories&post=109091"},{"taxonomy":"post_tag","embeddable":true,"href":"https:\/\/haberulus.net\/index.php?rest_route=%2Fwp%2Fv2%2Ftags&post=109091"}],"curies":[{"name":"wp","href":"https:\/\/api.w.org\/{rel}","templated":true}]}}