{"id":109136,"date":"2023-08-07T12:51:04","date_gmt":"2023-08-07T12:51:04","guid":{"rendered":"https:\/\/haberulus.net\/?p=109136"},"modified":"2023-08-07T12:51:04","modified_gmt":"2023-08-07T12:51:04","slug":"halkalanan-yavru-flamingolarin-yasami-takip-edilecek","status":"publish","type":"post","link":"https:\/\/haberulus.net\/?p=109136","title":{"rendered":"Halkalanan yavru flamingolar\u0131n ya\u015fam\u0131 takip edilecek"},"content":{"rendered":"<p>Flamingolar\u0131n T\u00fcrkiye\u2019deki iki \u00fcreme sahas\u0131ndan biri olan Gediz deltas\u0131ndaki \u0130zmir Ku\u015f Cenneti\u2019nde 2012\u2019de olu\u015fturulan 6,5 d\u00f6n\u00fcml\u00fck yapay kulu\u00e7ka adas\u0131nda bu y\u0131l 10 bin civar\u0131nda yavru yumurtadan \u00e7\u0131kt\u0131.<\/p>\n<p>Do\u011fa Koruma ve Milli Parklar 4. B\u00f6lge M\u00fcd\u00fcrl\u00fc\u011f\u00fc \u0130zmir \u015eubesi ekiplerinin yak\u0131ndan takip etti\u011fi yavru flamingolar, kanat \u00e7\u0131rp\u0131p u\u00e7ma denemeleri yapmaya ba\u015flad\u0131.<\/p>\n<p>Yumurtadan \u00e7\u0131kt\u0131ktan sonra siyah ve f\u00fcme renklerdeki t\u00fcylere sahip yavru flamingolar, tuz karidesi olarak da bilinen bir t\u00fcr eklem bacakl\u0131 \u201cartemia salina\u201d ile besleniyor.<\/p>\n<p>Yeni do\u011fan yavrular, suda toplu bulunduklar\u0131 \u201ckre\u015f\u201d ad\u0131 verilen yerde vakitlerini ge\u00e7iriyor. Ku\u015flar zaman zaman d\u00fcnyaya g\u00f6zlerini a\u00e7t\u0131klar\u0131 adaya \u00e7\u0131k\u0131yor.<\/p>\n<p>Do\u011fa Koruma ve Milli Parklar Genel M\u00fcd\u00fcrl\u00fc\u011f\u00fc, Ege ve Ankara \u00fcniversiteleri ile Birle\u015fmi\u015f Milletler G\u0131da ve Tar\u0131m \u00d6rg\u00fct\u00fc (FAO) i\u015fbirli\u011fiyle flamingo adas\u0131nda yavru ku\u015flar i\u00e7in halkalama \u00e7al\u0131\u015fmas\u0131 ger\u00e7ekle\u015ftirildi.<\/p>\n<p>Uzmanlarca e\u011fitime tabi tutulan 90 ki\u015filik ekip, \u0130zmir Ku\u015f Cenneti\u2019nde bir araya geldi. Ara\u00e7larla yapay \u00fcreme alan\u0131na gelen g\u00f6revliler, gece 03.00\u2019de suya inerek yavru flamingolar\u0131 belirlenen alana toplad\u0131.<\/p>\n<p>Yo\u011fun \u00e7al\u0131\u015fman\u0131n ard\u0131ndan minik flamingolardan bir b\u00f6l\u00fcm\u00fcn\u00fc belirlenen alana toplamay\u0131 ba\u015faran gruptakiler, havan\u0131n ayd\u0131nlanmas\u0131yla halkalama i\u015flemine ba\u015flad\u0131.<\/p>\n<p>Flamingolar\u0131n sa\u011f baca\u011f\u0131na PVC plastik halka, sol baca\u011f\u0131na da metal halka takan yetkililer, yavrular\u0131n g\u00f6\u00e7 yollar\u0131, bar\u0131nd\u0131klar\u0131 alanlar ve ya\u015fam s\u00fcrelerini daha kolay takip edilebilecek.<\/p>\n<p>Ayr\u0131ca ku\u015flardan t\u00fcy \u00f6rnekleri al\u0131narak genetik ve sa\u011fl\u0131k durumlar\u0131 ortaya konacak.<\/p>\n<p><img decoding=\"async\" src=\"https:\/\/i01.sozcucdn.com\/wp-content\/uploads\/2023\/08\/07\/resim4_23495381.jpg\" alt=\"\" title=\"\"><\/p>\n<p><strong>Kovid-19 sonras\u0131 ilk halkalama<\/strong><\/p>\n<p>Do\u011fa Koruma ve Milli Parklar Genel M\u00fcd\u00fcrl\u00fc\u011f\u00fc Yaban Hayat\u0131 Daire Ba\u015fkan\u0131 Erdem Karaa\u011fa\u00e7, alandaki yapay adada bu y\u0131l yakla\u015f\u0131k 10 bin yavrunun d\u00fcnyaya geldi\u011fini aktard\u0131.<\/p>\n<p>D\u00fcnya \u00fczerinde ku\u015flar\u0131n beslenme yerlerini, g\u00f6\u00e7 rotalar\u0131n\u0131 ve \u00fcredikleri yerleri bilmek i\u00e7in \u00e7e\u015fitli ku\u015f halkalama faaliyetleri y\u00fcr\u00fct\u00fcld\u00fc\u011f\u00fcn\u00fc ifade eden Karaa\u011fa\u00e7, \u015funlar\u0131 kaydetti:<\/p>\n<p>\u201cDo\u011fa Koruma Milli Parklar Genel M\u00fcd\u00fcrl\u00fc\u011f\u00fc olarak yaban hayat\u0131n\u0131n hem korunmas\u0131 hem ya\u015fam alanlar\u0131n\u0131n devam\u0131 ve ayn\u0131 \u015fekilde s\u00fcrd\u00fcr\u00fclebilirli\u011finin sa\u011flanmas\u0131 i\u00e7in \u00e7al\u0131\u015fmalar\u0131m\u0131z her alanda devam ediyor. Bu halkalama sayesinde de t\u00fcr\u00fcn takibi, pop\u00fclasyonun durumu, \u00fcreme ve ya\u015fam ko\u015fullar\u0131yla beslenme ve habitat durumu konusunda bilgi edinmeye \u00e7al\u0131\u015f\u0131yoruz.<\/p>\n<p>Bu kapsamda \u00e7al\u0131\u015fmalar\u0131m\u0131z pandemi nedeniyle biraz aksama g\u00f6sterdi ama bu y\u0131ldan itibaren her sene yapmay\u0131 planl\u0131yoruz. Burada do\u011fan bireylerin nerelere g\u00f6\u00e7 etti\u011fini, nas\u0131l beslendi\u011fini ve ba\u015fka \u00fclkelerde g\u00f6r\u00fcl\u00fcp g\u00f6r\u00fclmedi\u011fini takip edece\u011fiz.\u201d<\/p>\n<p><img decoding=\"async\" src=\"https:\/\/i01.sozcucdn.com\/wp-content\/uploads\/2023\/08\/07\/resim3_23495382.jpg\" alt=\"\" title=\"\"><\/p>\n<p><strong>Halkalama i\u00e7in e\u011fitim ald\u0131lar<\/strong><\/p>\n<p>Ege \u00dcniversitesi Fen Fak\u00fcltesi Biyoloji B\u00f6l\u00fcm\u00fc \u00d6\u011fretim \u00dcyesi Do\u00e7. Dr. Orta\u00e7 Onmu\u015f da g\u00f6n\u00fcll\u00fclerin bu \u00e7al\u0131\u015fma i\u00e7in 2 g\u00fcn e\u011fitim ald\u0131\u011f\u0131n\u0131 ve karanl\u0131kta suya girerek \u00e7al\u0131\u015fmalara ba\u015flad\u0131klar\u0131n\u0131 ifade etti.<\/p>\n<p>Toplam 300-350 flamingo yavrusunu \u00e7ite ald\u0131klar\u0131n\u0131 belirten Onmu\u015f, \u201cBunlar\u0131n \u00f6l\u00e7\u00fcmlerini yap\u0131p her flamingoya \u00fczerlerinde ayr\u0131 bir kod i\u00e7eren bir plastik halka tak\u0131yoruz. Biz bu halkalar\u0131 kullanarak o flamingolar\u0131n nerelere gittiklerini, ne kadar ya\u015fad\u0131klar\u0131n\u0131, \u00f6l\u00fcrlerse neden \u00f6ld\u00fcklerini detayl\u0131 olarak anlayabiliyoruz. Bilgileri ald\u0131\u011f\u0131m\u0131z zaman bu hayvanlar\u0131 korumak i\u00e7in elimizde \u00e7ok ciddi bilimsel veriler oluyor\u201d dedi.<\/p>\n<p>FAO yetkilisi Erdo\u011fan \u00d6zevren ise flamingolar\u0131n ekosistem a\u00e7\u0131s\u0131ndan \u00f6nemine de\u011finerek, \u00e7al\u0131\u015fman\u0131n d\u00fczenlenmesinde eme\u011fi ge\u00e7enlere te\u015fekk\u00fcr etti. <strong>(AA)<\/strong><\/p>\n","protected":false},"excerpt":{"rendered":"<p>\u0130zmir Ku\u015f Cenneti&#8217;nde yapay \u00fcreme adas\u0131ndaki 262 yavru flamingo, g\u00f6\u00e7 yollar\u0131n\u0131n, bar\u0131nd\u0131klar\u0131 alanlar\u0131n ve ya\u015fam s\u00fcrelerinin takip edilmesi amac\u0131yla uzman ve g\u00f6n\u00fcll\u00fclerce halkaland\u0131.<\/p>\n","protected":false},"author":1,"featured_media":109137,"comment_status":"closed","ping_status":"open","sticky":false,"template":"","format":"standard","meta":{"footnotes":""},"categories":[33],"tags":[317,233,1872,1591,1419],"class_list":["post-109136","post","type-post","status-publish","format-standard","has-post-thumbnail","hentry","category-yasam","tag-calisma","tag-doga","tag-flamingo","tag-kus","tag-yavru"],"_links":{"self":[{"href":"https:\/\/haberulus.net\/index.php?rest_route=\/wp\/v2\/posts\/109136","targetHints":{"allow":["GET"]}}],"collection":[{"href":"https:\/\/haberulus.net\/index.php?rest_route=\/wp\/v2\/posts"}],"about":[{"href":"https:\/\/haberulus.net\/index.php?rest_route=\/wp\/v2\/types\/post"}],"author":[{"embeddable":true,"href":"https:\/\/haberulus.net\/index.php?rest_route=\/wp\/v2\/users\/1"}],"replies":[{"embeddable":true,"href":"https:\/\/haberulus.net\/index.php?rest_route=%2Fwp%2Fv2%2Fcomments&post=109136"}],"version-history":[{"count":1,"href":"https:\/\/haberulus.net\/index.php?rest_route=\/wp\/v2\/posts\/109136\/revisions"}],"predecessor-version":[{"id":109138,"href":"https:\/\/haberulus.net\/index.php?rest_route=\/wp\/v2\/posts\/109136\/revisions\/109138"}],"wp:featuredmedia":[{"embeddable":true,"href":"https:\/\/haberulus.net\/index.php?rest_route=\/wp\/v2\/media\/109137"}],"wp:attachment":[{"href":"https:\/\/haberulus.net\/index.php?rest_route=%2Fwp%2Fv2%2Fmedia&parent=109136"}],"wp:term":[{"taxonomy":"category","embeddable":true,"href":"https:\/\/haberulus.net\/index.php?rest_route=%2Fwp%2Fv2%2Fcategories&post=109136"},{"taxonomy":"post_tag","embeddable":true,"href":"https:\/\/haberulus.net\/index.php?rest_route=%2Fwp%2Fv2%2Ftags&post=109136"}],"curies":[{"name":"wp","href":"https:\/\/api.w.org\/{rel}","templated":true}]}}