{"id":109154,"date":"2023-08-07T13:21:05","date_gmt":"2023-08-07T13:21:05","guid":{"rendered":"https:\/\/haberulus.net\/?p=109154"},"modified":"2023-08-07T13:21:05","modified_gmt":"2023-08-07T13:21:05","slug":"almanyada-asiri-sagcilardan-abye-tepki","status":"publish","type":"post","link":"https:\/\/haberulus.net\/?p=109154","title":{"rendered":"Almanya\u2019da a\u015f\u0131r\u0131 sa\u011fc\u0131lardan AB\u2019ye tepki"},"content":{"rendered":"<p>Almanya\u2019da yap\u0131lan anketlere g\u00f6re yakla\u015f\u0131k y\u00fczde 21\u2019lik oy oran\u0131yla \u00fclkede ikinci parti konumunda bulunan AfD, gelecek y\u0131l haziran ay\u0131nda yap\u0131lacak Avrupa Parlamentosu (AP) se\u00e7imleri \u00f6ncesi Magdeburg kentinde topland\u0131.<\/p>\n<p>AfD e\u015f ba\u015fkanlar\u0131ndan Alice Weidel, toplant\u0131da daha \u00f6nce AB\u2019yi tamamen reddeden g\u00f6r\u00fc\u015f\u00fc savunan parti y\u00f6neticileriyle yap\u0131lan m\u00fczakereler sonucu, partisinin yeni program olarak \u201cana vatanlardan olu\u015fan bir Avrupa, egemen, demokratik devletlerden olu\u015fan bir Avrupa toplulu\u011fu\u201d fikrini destekledi\u011fini belirtti.<\/p>\n<p>Toplant\u0131da, partinin gelecek y\u0131l yap\u0131lacak AP se\u00e7imleri i\u00e7in haz\u0131rlad\u0131\u011f\u0131 35 ki\u015filik adayl\u0131k listesi de kesinle\u015ftirildi.<\/p>\n<p>Parti toplant\u0131s\u0131nda yap\u0131lan konu\u015fmalarda, a\u011f\u0131rl\u0131kl\u0131 olarak AB\u2019nin g\u00f6\u00e7 ve iklim politikas\u0131 da dahil olmak \u00fczere t\u00fcm \u00f6nemli alanlarda \u201ctamamen ba\u015far\u0131s\u0131z\u201d oldu\u011fu belirtilerek, \u201cAvrupa para birimi avrodan bir an \u00f6nce vazge\u00e7ilmesi gerekti\u011fi\u201d g\u00f6r\u00fc\u015f\u00fc vurguland\u0131.<\/p>\n<p>Konu\u015fmalarda muhalefette olan eski \u015eans\u00f6lye Angela Merkel\u2019in H\u0131ristiyan Demokrat Birli\u011fi (CDU) ile i\u015fbirli\u011fi fikrine de kar\u015f\u0131 \u00e7\u0131k\u0131ld\u0131.<\/p>\n<p>AfD e\u015f ba\u015fkanlar\u0131ndan Tino Chrupalla, daha \u00f6nce yapt\u0131\u011f\u0131 bir konu\u015fmada, partisi AfD\u2019nin CDU ile aras\u0131ndaki \u201cg\u00fcvenlik duvar\u0131n\u0131\u201d kald\u0131r\u0131p baz\u0131 konularda i\u015fbirli\u011fi yapmas\u0131n\u0131 savunmu\u015ftu. <strong>(AA)<\/strong><\/p>\n","protected":false},"excerpt":{"rendered":"<p>A\u015f\u0131r\u0131 sa\u011fc\u0131 Almanya i\u00e7in Alternatif (AfD) partisi, Avrupa Birli\u011fi&#8217;nin (AB) ba\u015far\u0131s\u0131z bir proje oldu\u011funu belirterek, AB&#8217;nin bir &#8220;Avrupa uluslar\u0131 federasyonu&#8221; olarak yeniden kurulmas\u0131 \u00e7a\u011fr\u0131s\u0131nda bulundu.<\/p>\n","protected":false},"author":1,"featured_media":109155,"comment_status":"closed","ping_status":"open","sticky":false,"template":"","format":"standard","meta":{"footnotes":""},"categories":[24],"tags":[442],"class_list":["post-109154","post","type-post","status-publish","format-standard","has-post-thumbnail","hentry","category-dunya","tag-parti"],"_links":{"self":[{"href":"https:\/\/haberulus.net\/index.php?rest_route=\/wp\/v2\/posts\/109154","targetHints":{"allow":["GET"]}}],"collection":[{"href":"https:\/\/haberulus.net\/index.php?rest_route=\/wp\/v2\/posts"}],"about":[{"href":"https:\/\/haberulus.net\/index.php?rest_route=\/wp\/v2\/types\/post"}],"author":[{"embeddable":true,"href":"https:\/\/haberulus.net\/index.php?rest_route=\/wp\/v2\/users\/1"}],"replies":[{"embeddable":true,"href":"https:\/\/haberulus.net\/index.php?rest_route=%2Fwp%2Fv2%2Fcomments&post=109154"}],"version-history":[{"count":1,"href":"https:\/\/haberulus.net\/index.php?rest_route=\/wp\/v2\/posts\/109154\/revisions"}],"predecessor-version":[{"id":109156,"href":"https:\/\/haberulus.net\/index.php?rest_route=\/wp\/v2\/posts\/109154\/revisions\/109156"}],"wp:featuredmedia":[{"embeddable":true,"href":"https:\/\/haberulus.net\/index.php?rest_route=\/wp\/v2\/media\/109155"}],"wp:attachment":[{"href":"https:\/\/haberulus.net\/index.php?rest_route=%2Fwp%2Fv2%2Fmedia&parent=109154"}],"wp:term":[{"taxonomy":"category","embeddable":true,"href":"https:\/\/haberulus.net\/index.php?rest_route=%2Fwp%2Fv2%2Fcategories&post=109154"},{"taxonomy":"post_tag","embeddable":true,"href":"https:\/\/haberulus.net\/index.php?rest_route=%2Fwp%2Fv2%2Ftags&post=109154"}],"curies":[{"name":"wp","href":"https:\/\/api.w.org\/{rel}","templated":true}]}}