{"id":109178,"date":"2023-08-07T14:35:03","date_gmt":"2023-08-07T14:35:03","guid":{"rendered":"https:\/\/haberulus.net\/?p=109178"},"modified":"2023-08-07T14:35:03","modified_gmt":"2023-08-07T14:35:03","slug":"zuckerberg-kafes-dovusu-icin-tarih-verdi-musktan-hala-yanit-yok","status":"publish","type":"post","link":"https:\/\/haberulus.net\/?p=109178","title":{"rendered":"Zuckerberg kafes d\u00f6v\u00fc\u015f\u00fc i\u00e7in tarih verdi, Musk\u2019tan h\u00e2l\u00e2 yan\u0131t yok"},"content":{"rendered":"<p>Elon Musk ve Mark Zuckerberg\u2026 \u0130kisi de teknoloji d\u00fcnyas\u0131n\u0131n \u00f6nde gelen iki y\u00f6neticisi\u2026 \u015eimdi bu ikili bir kafes d\u00f6v\u00fc\u015f\u00fcnde kar\u015f\u0131 kar\u015f\u0131ya gelmeye haz\u0131rlan\u0131yorlar.<\/p>\n<p>Ge\u00e7ti\u011fimiz haftalarda Twiter\u2019a rakip bir platform olan Threads\u2019i kullan\u0131ma sunan Zuckerberg, Musk\u2019\u0131n \u00f6fkesiyle kar\u015f\u0131la\u015fm\u0131\u015f ve aralar\u0131ndaki tart\u0131\u015fma kafes d\u00f6v\u00fc\u015f\u00fc yapma karar\u0131yla devam etmi\u015fti.<\/p>\n<p>Zuckerberg, karma d\u00f6v\u00fc\u015f sporlar\u0131na ilgisiyle tan\u0131n\u0131rken, Musk da Meta\u2019n\u0131n sahibinin kar\u015f\u0131s\u0131na \u00e7\u0131kmak i\u00e7in kendini g\u00fc\u00e7lendirmeye \u00e7al\u0131\u015f\u0131yordu. Son olarak Musk, d\u00f6v\u00fc\u015f\u00fc yeni ad\u0131 X olan Twitter\u2019da canl\u0131 yay\u0131nlama ve elde edilecek geliri de ba\u011f\u0131\u015flama s\u00f6z\u00fc verse de iki rakip bu konuda da pek anla\u015fabilmi\u015f de\u011fil.<\/p>\n<p>Mark Zuckerberg, Elon Musk ile d\u00f6v\u00fc\u015fmeye haz\u0131r oldu\u011funu ve kafes ma\u00e7\u0131 i\u00e7in 26 A\u011fustos\u2019u \u00f6nermesine ra\u011fmen Musk\u2019\u0131n onaylamad\u0131\u011f\u0131n\u0131 s\u00f6yl\u00fcyor.<\/p>\n<p><img decoding=\"async\" src=\"https:\/\/i01.sozcucdn.com\/wp-content\/uploads\/2023\/08\/07\/zuckrt-threads.jpg\" alt=\"\" title=\"\"><\/p>\n<p>Zuckerberg, Musk\u2019\u0131n Twitter\u2019da haz\u0131rlanmak i\u00e7in a\u011f\u0131rl\u0131k kald\u0131rmayla ilgili g\u00f6nderisinin ekran g\u00f6r\u00fcnt\u00fcs\u00fcn\u00fc i\u00e7eren Threads\u2019teki g\u00f6nderisinde, \u201cNefesimi tutmuyorum\u201d diye yazd\u0131.<\/p>\n<p>Ayr\u0131ca Musk\u2019\u0131n d\u00f6v\u00fc\u015f\u00fcn X\u2019te canl\u0131 yay\u0131nlanaca\u011f\u0131n\u0131 ve gelirin gaziler i\u00e7in hay\u0131r kurumuna gidece\u011fini belirten ba\u015fka bir g\u00f6nderisine yan\u0131t olarak Zuckerberg, hay\u0131r i\u00e7in ger\u00e7ekten para toplayabilen daha g\u00fcvenilir bir platform kullanmalar\u0131 gerekti\u011fini s\u00f6yleyerek kar\u015f\u0131l\u0131k verdi.<\/p>\n<p>Haziran ay\u0131nda Musk\u2019\u0131n d\u00f6v\u00fc\u015f teklifini kabul eden Zuckerberg, temmuz sonunda Meta \u00e7al\u0131\u015fanlar\u0131na d\u00f6v\u00fc\u015f\u00fcn ger\u00e7ekle\u015fip ger\u00e7ekle\u015fmeyece\u011finden emin olmad\u0131\u011f\u0131n\u0131 s\u00f6yledi. Musk ise, bir toplant\u0131 s\u0131ras\u0131nda X ofisinde a\u011f\u0131rl\u0131k kald\u0131r\u0131rken \u00e7ekilmi\u015f bir videosunu payla\u015ft\u0131ktan sonra bu hafta sonu yine kafes d\u00f6v\u00fc\u015f\u00fc hakk\u0131nda payla\u015f\u0131mlar yapmaya ba\u015flad\u0131. Pazar g\u00fcn\u00fc yapt\u0131\u011f\u0131 bir g\u00f6nderide, \u201cM\u00fccadele k\u0131sa s\u00fcrerse, muhtemelen kazan\u0131r\u0131m\u201d dedi.<\/p>\n","protected":false},"excerpt":{"rendered":"<p>Ge\u00e7ti\u011fimiz g\u00fcnlerde kafes d\u00f6v\u00fc\u015f\u00fc yapacaklar\u0131n\u0131 ilan eden Elon Musk ve Mark Zuckerberg, haz\u0131rl\u0131klara devam ederken ikili birbirlerine meydan okumaya da devam ediyor. Ancak hen\u00fcz d\u00f6v\u00fc\u015f tarihi Musk taraf\u0131ndan onaylanm\u0131\u015f de\u011fil.<\/p>\n","protected":false},"author":1,"featured_media":109179,"comment_status":"closed","ping_status":"open","sticky":false,"template":"","format":"standard","meta":{"footnotes":""},"categories":[32],"tags":[13095,230,3891],"class_list":["post-109178","post","type-post","status-publish","format-standard","has-post-thumbnail","hentry","category-teknoloji","tag-dovusu","tag-musk","tag-zuckerberg"],"_links":{"self":[{"href":"https:\/\/haberulus.net\/index.php?rest_route=\/wp\/v2\/posts\/109178","targetHints":{"allow":["GET"]}}],"collection":[{"href":"https:\/\/haberulus.net\/index.php?rest_route=\/wp\/v2\/posts"}],"about":[{"href":"https:\/\/haberulus.net\/index.php?rest_route=\/wp\/v2\/types\/post"}],"author":[{"embeddable":true,"href":"https:\/\/haberulus.net\/index.php?rest_route=\/wp\/v2\/users\/1"}],"replies":[{"embeddable":true,"href":"https:\/\/haberulus.net\/index.php?rest_route=%2Fwp%2Fv2%2Fcomments&post=109178"}],"version-history":[{"count":1,"href":"https:\/\/haberulus.net\/index.php?rest_route=\/wp\/v2\/posts\/109178\/revisions"}],"predecessor-version":[{"id":109180,"href":"https:\/\/haberulus.net\/index.php?rest_route=\/wp\/v2\/posts\/109178\/revisions\/109180"}],"wp:featuredmedia":[{"embeddable":true,"href":"https:\/\/haberulus.net\/index.php?rest_route=\/wp\/v2\/media\/109179"}],"wp:attachment":[{"href":"https:\/\/haberulus.net\/index.php?rest_route=%2Fwp%2Fv2%2Fmedia&parent=109178"}],"wp:term":[{"taxonomy":"category","embeddable":true,"href":"https:\/\/haberulus.net\/index.php?rest_route=%2Fwp%2Fv2%2Fcategories&post=109178"},{"taxonomy":"post_tag","embeddable":true,"href":"https:\/\/haberulus.net\/index.php?rest_route=%2Fwp%2Fv2%2Ftags&post=109178"}],"curies":[{"name":"wp","href":"https:\/\/api.w.org\/{rel}","templated":true}]}}