{"id":109193,"date":"2023-08-07T14:51:05","date_gmt":"2023-08-07T14:51:05","guid":{"rendered":"https:\/\/haberulus.net\/?p=109193"},"modified":"2023-08-07T14:51:05","modified_gmt":"2023-08-07T14:51:05","slug":"gurcistanda-heyelan-sonrasi-arama-kurtarma-calismalari-suruyor","status":"publish","type":"post","link":"https:\/\/haberulus.net\/?p=109193","title":{"rendered":"G\u00fcrcistan\u2019da heyelan sonras\u0131 arama kurtarma \u00e7al\u0131\u015fmalar\u0131 s\u00fcr\u00fcyor"},"content":{"rendered":"<p>Ra\u00e7a-Le\u00e7khumi ve Kvemo Svaneti b\u00f6lgesine ba\u011fl\u0131 \u015eovi\u2019deki afette kaybolan 16 ki\u015fiden hen\u00fcz haber al\u0131namad\u0131. Heyelan\u0131n ve nehrin getirdi\u011fi molozlar\u0131n alt\u0131nda kalanlar\u0131n bulunmas\u0131 amac\u0131yla \u00e7al\u0131\u015fmalar s\u00fcr\u00fcyor.<\/p>\n<p>Havadan helikopter ve \u0130HA\u2019lar\u0131n destekledi\u011fi \u00e7al\u0131\u015fmalar\u0131 karadan arama kurtarma ekipleri ve y\u00fczlerce polis ile asker y\u00fcr\u00fct\u00fcyor.<\/p>\n<p>\u015eovi\u2019nin b\u00fcy\u00fck b\u00f6l\u00fcm\u00fc kal\u0131n toprak tabakas\u0131yla kapland\u0131, y\u00fcze yak\u0131n a\u011f\u0131r i\u015f makinesi, beldeyi molozlardan temizleme \u00e7al\u0131\u015fmalar\u0131nda yer al\u0131yor.<\/p>\n<p>G\u00fcrcistan \u0130\u00e7i\u015fleri Bakanl\u0131\u011f\u0131ndan yap\u0131lan yaz\u0131l\u0131 a\u00e7\u0131klamada, afet b\u00f6lgesinde g\u00fcvenlik \u00f6nlemi alan polisin g\u00f6revi s\u0131ras\u0131nda fenala\u015farak hayat\u0131n\u0131 kaybetti\u011fi belirtildi.<\/p>\n<p>G\u00fcrcistan Ba\u015fbakan\u0131 \u0130rakli Gariba\u015fvili\u2019nin karar\u0131yla, \u015eovi\u2019deki heyelan nedeniyle 7 A\u011fustos, \u201cUlusal Yas G\u00fcn\u00fc\u201d ilan edilmi\u015fti.<\/p>\n<p>Bug\u00fcn \u00fclkedeki kamu binalar\u0131 ve G\u00fcrcistan\u2019\u0131n yurt d\u0131\u015f\u0131ndaki temsilciliklerinde bayraklar yar\u0131ya indirildi.<\/p>\n<p>Bug\u00fcn h\u00fck\u00fcmet binas\u0131nda Bakanlar Kurulunu toplayan Gariba\u015fvili, \u015eovi\u2019deki heyelan\u0131n \u201ckorkun\u00e7 bir trajedi\u201d oldu\u011funu s\u00f6yledi. (AA)<\/p>\n","protected":false},"excerpt":{"rendered":"<p>G\u00fcrcistan&#8217;\u0131n tatil beldesi \u015eovi&#8217;de 3 A\u011fustos&#8217;ta 18 ki\u015finin \u00f6l\u00fcm\u00fcne neden olan heyelan sonras\u0131 b\u00f6lgedeki arama kurtarma \u00e7al\u0131\u015fmalar\u0131 aral\u0131ks\u0131z devam ediyor.<\/p>\n","protected":false},"author":1,"featured_media":109194,"comment_status":"closed","ping_status":"open","sticky":false,"template":"","format":"standard","meta":{"footnotes":""},"categories":[24],"tags":[],"class_list":["post-109193","post","type-post","status-publish","format-standard","has-post-thumbnail","hentry","category-dunya"],"_links":{"self":[{"href":"https:\/\/haberulus.net\/index.php?rest_route=\/wp\/v2\/posts\/109193","targetHints":{"allow":["GET"]}}],"collection":[{"href":"https:\/\/haberulus.net\/index.php?rest_route=\/wp\/v2\/posts"}],"about":[{"href":"https:\/\/haberulus.net\/index.php?rest_route=\/wp\/v2\/types\/post"}],"author":[{"embeddable":true,"href":"https:\/\/haberulus.net\/index.php?rest_route=\/wp\/v2\/users\/1"}],"replies":[{"embeddable":true,"href":"https:\/\/haberulus.net\/index.php?rest_route=%2Fwp%2Fv2%2Fcomments&post=109193"}],"version-history":[{"count":1,"href":"https:\/\/haberulus.net\/index.php?rest_route=\/wp\/v2\/posts\/109193\/revisions"}],"predecessor-version":[{"id":109195,"href":"https:\/\/haberulus.net\/index.php?rest_route=\/wp\/v2\/posts\/109193\/revisions\/109195"}],"wp:featuredmedia":[{"embeddable":true,"href":"https:\/\/haberulus.net\/index.php?rest_route=\/wp\/v2\/media\/109194"}],"wp:attachment":[{"href":"https:\/\/haberulus.net\/index.php?rest_route=%2Fwp%2Fv2%2Fmedia&parent=109193"}],"wp:term":[{"taxonomy":"category","embeddable":true,"href":"https:\/\/haberulus.net\/index.php?rest_route=%2Fwp%2Fv2%2Fcategories&post=109193"},{"taxonomy":"post_tag","embeddable":true,"href":"https:\/\/haberulus.net\/index.php?rest_route=%2Fwp%2Fv2%2Ftags&post=109193"}],"curies":[{"name":"wp","href":"https:\/\/api.w.org\/{rel}","templated":true}]}}