{"id":109238,"date":"2023-08-07T16:06:07","date_gmt":"2023-08-07T16:06:07","guid":{"rendered":"https:\/\/haberulus.net\/?p=109238"},"modified":"2023-08-07T16:06:07","modified_gmt":"2023-08-07T16:06:07","slug":"ingiltereden-gocmenlerle-ilgili-yeni-karar","status":"publish","type":"post","link":"https:\/\/haberulus.net\/?p=109238","title":{"rendered":"\u0130ngiltere\u2019den g\u00f6\u00e7menlerle ilgili yeni karar"},"content":{"rendered":"<p>\u0130ngiltere \u0130\u00e7i\u015fleri Bakanl\u0131\u011f\u0131ndan yap\u0131lan a\u00e7\u0131klamada, yasa d\u0131\u015f\u0131 d\u00fczensiz g\u00f6\u00e7menlerin kendileri i\u00e7in \u00e7al\u0131\u015fmas\u0131na veya m\u00fclklerini kiralamas\u0131na izin veren i\u015fveren ve ev sahiplerine uygulanan para cezalar\u0131n\u0131n \u00fc\u00e7 kattan fazla art\u0131r\u0131laca\u011f\u0131n\u0131 duyurdu.<\/p>\n<p>A\u00e7\u0131klamada, bu de\u011fi\u015fikli\u011fin, 2014\u2019ten bu yana para cezalar\u0131nda yap\u0131lan \u201cen b\u00fcy\u00fck art\u0131\u015f\u201d oldu\u011fu belirtilerek, 2014\u2019te her ka\u00e7ak i\u015f\u00e7i \u00e7al\u0131\u015ft\u0131ran i\u015fveren i\u00e7in 15 bin sterlin olan para cezas\u0131n\u0131n 45 bin sterline, tekrarlanan ihlallerin ise 20 binden 60 bin sterline \u00e7\u0131kar\u0131ld\u0131\u011f\u0131 bildirildi.<\/p>\n<p>Ev sahipleri i\u00e7in para cezalar\u0131n\u0131n ilk ihlalde 80 sterlinden 1000 bin sterline, kirac\u0131 i\u00e7in ise 5 bin sterlinden 10 bin sterline kadar art\u0131r\u0131lmas\u0131 karar\u0131 al\u0131nd\u0131\u011f\u0131 vurgulanan a\u00e7\u0131klamada, ihlallerin tekrarlanmas\u0131 halinde cezan\u0131n daha da artaca\u011f\u0131na i\u015faret edildi.<\/p>\n<p>A\u00e7\u0131klamada, para cezalar\u0131ndaki s\u00f6z konusu de\u011fi\u015fikli\u011fin gelecek y\u0131l\u0131n ba\u015f\u0131nda y\u00fcr\u00fcrl\u00fc\u011fe girece\u011fi aktar\u0131ld\u0131.<\/p>\n<p><strong>\u201cHAYDUT \u0130\u015eLETMEC\u0130LERE BASKI YAPMALIYIZ\u201d<\/strong><\/p>\n<p>\u0130ngiltere \u0130\u00e7i\u015fleri Bakan\u0131 Suella Braverman da eski ad\u0131 Twitter olan X sosyal medya platformunda yapt\u0131\u011f\u0131 payla\u015f\u0131mda, \u0130ngiltere\u2019de yasa d\u0131\u015f\u0131 g\u00f6\u00e7menlerin \u00e7al\u0131\u015fma ya da m\u00fclk kiralama haklar\u0131n\u0131n olmad\u0131\u011f\u0131n\u0131 belirtti.<\/p>\n<p>Braverman, \u201cG\u00f6\u00e7men teknelerini durdurmak amac\u0131yla yasa d\u0131\u015f\u0131 g\u00f6\u00e7menleri destekleyen haydut i\u015fletmecilere bask\u0131 yapmal\u0131y\u0131z.\u201d ifadesini kulland\u0131.<\/p>\n<p>Bakan Braverman, yasa d\u0131\u015f\u0131 g\u00f6\u00e7menlerin \u0130ngiltere\u2019de m\u00fclk kiralamas\u0131na ve \u00e7al\u0131\u015fmas\u0131na izin veren ev sahipleri ve i\u015fverenlere y\u00f6nelik para cezalar\u0131n\u0131 \u00fc\u00e7 kattan fazla artt\u0131r\u0131ld\u0131\u011f\u0131n\u0131n alt\u0131n\u0131 \u00e7izdi.<\/p>\n<p>\u0130ngiliz h\u00fck\u00fcmeti, ge\u00e7en ay onaylanan Yasa D\u0131\u015f\u0131 G\u00f6\u00e7 Yasas\u0131 kapsam\u0131nda, \u00fclkeye gelen d\u00fczensiz g\u00f6\u00e7menleri 28 g\u00fcn i\u00e7inde s\u0131n\u0131r d\u0131\u015f\u0131 etmeyi planl\u0131yor.<\/p>\n<p>G\u00f6\u00e7menleri g\u00fcvenliyse geldikleri \u00fclkelere, de\u011filse Ruanda gibi g\u00fcvenli kabul edilen \u00fc\u00e7\u00fcnc\u00fc \u00fclkelere g\u00f6ndermeyi planlayan \u0130ngiltere, \u00fclkeye yasa d\u0131\u015f\u0131 yollarla girenlere s\u0131\u011f\u0131nma ba\u015fvurusu yapma hakk\u0131 da vermeyecek. (AA)<\/p>\n","protected":false},"excerpt":{"rendered":"<p>\u0130ngiliz h\u00fck\u00fcmeti, yasa d\u0131\u015f\u0131 d\u00fczensiz g\u00f6\u00e7men \u00e7al\u0131\u015ft\u0131ran i\u015fverenler ile g\u00f6\u00e7menlere m\u00fclklerini kiralayan ev sahiplerine uygulad\u0131\u011f\u0131 para cezalar\u0131n\u0131 \u00fc\u00e7 kattan fazla art\u0131rma karar\u0131 ald\u0131.<\/p>\n","protected":false},"author":1,"featured_media":109239,"comment_status":"closed","ping_status":"open","sticky":false,"template":"","format":"standard","meta":{"footnotes":""},"categories":[24],"tags":[2644,766,215,10090],"class_list":["post-109238","post","type-post","status-publish","format-standard","has-post-thumbnail","hentry","category-dunya","tag-gocmenleri","tag-ingiltere","tag-para","tag-yasa-disi"],"_links":{"self":[{"href":"https:\/\/haberulus.net\/index.php?rest_route=\/wp\/v2\/posts\/109238","targetHints":{"allow":["GET"]}}],"collection":[{"href":"https:\/\/haberulus.net\/index.php?rest_route=\/wp\/v2\/posts"}],"about":[{"href":"https:\/\/haberulus.net\/index.php?rest_route=\/wp\/v2\/types\/post"}],"author":[{"embeddable":true,"href":"https:\/\/haberulus.net\/index.php?rest_route=\/wp\/v2\/users\/1"}],"replies":[{"embeddable":true,"href":"https:\/\/haberulus.net\/index.php?rest_route=%2Fwp%2Fv2%2Fcomments&post=109238"}],"version-history":[{"count":1,"href":"https:\/\/haberulus.net\/index.php?rest_route=\/wp\/v2\/posts\/109238\/revisions"}],"predecessor-version":[{"id":109240,"href":"https:\/\/haberulus.net\/index.php?rest_route=\/wp\/v2\/posts\/109238\/revisions\/109240"}],"wp:featuredmedia":[{"embeddable":true,"href":"https:\/\/haberulus.net\/index.php?rest_route=\/wp\/v2\/media\/109239"}],"wp:attachment":[{"href":"https:\/\/haberulus.net\/index.php?rest_route=%2Fwp%2Fv2%2Fmedia&parent=109238"}],"wp:term":[{"taxonomy":"category","embeddable":true,"href":"https:\/\/haberulus.net\/index.php?rest_route=%2Fwp%2Fv2%2Fcategories&post=109238"},{"taxonomy":"post_tag","embeddable":true,"href":"https:\/\/haberulus.net\/index.php?rest_route=%2Fwp%2Fv2%2Ftags&post=109238"}],"curies":[{"name":"wp","href":"https:\/\/api.w.org\/{rel}","templated":true}]}}