{"id":109241,"date":"2023-08-07T16:19:08","date_gmt":"2023-08-07T16:19:08","guid":{"rendered":"https:\/\/haberulus.net\/?p=109241"},"modified":"2023-08-07T16:19:08","modified_gmt":"2023-08-07T16:19:08","slug":"son-dakika-cumhurbaskani-erdogan-kabine-toplantisi-sonrasi-aciklamalarda-bulunuyor-akbelendeki-kampanyanin-agac-hassasiyetiyle-izahi-mumkun-degil","status":"publish","type":"post","link":"https:\/\/haberulus.net\/?p=109241","title":{"rendered":"Son Dakika: Cumhurba\u015fkan\u0131 Erdo\u011fan, Kabine toplant\u0131s\u0131 sonras\u0131 a\u00e7\u0131klamalarda bulunuyor: Akbelen&#8217;deki kampanyan\u0131n a\u011fa\u00e7 hassasiyetiyle izah\u0131 m\u00fcmk\u00fcn de\u011fil"},"content":{"rendered":"<p> <strong>Kabine<\/strong> toplant\u0131s\u0131, Cumhurba\u015fkan\u0131 Recep Tayyip Erdo\u011fan ba\u015fkanl\u0131\u011f\u0131nda saat 15.10 itibar\u0131yla ba\u015flad\u0131. Ana g\u00fcndem maddesi d\u0131\u015f politika ve  <strong>ekonomi<\/strong> olan toplant\u0131 3 bu\u00e7uk saat s\u00fcrd\u00fc. Toplant\u0131s\u0131 sonras\u0131 kameralar kar\u015f\u0131s\u0131na ge\u00e7en Cumhurba\u015fkan\u0131 Erdo\u011fan, a\u00e7\u0131klamalarda bulunuyor. <\/p>\n<p><strong>Cumhurba\u015fkan\u0131 Erdo\u011fan&#8217;\u0131n a\u00e7\u0131klamalar\u0131ndan sat\u0131r ba\u015flar\u0131 \u015fu \u015fekilde:<\/strong> <\/p>\n<p>&#8220;\u00d6ncelikle Kocaeli&#8217;deki patlamada yaralana vatanda\u015flar\u0131m\u0131za acil \u015fifalar diliyorum. \u0130\u00e7inde bulundu\u011fumuz \u015fartlar ne olursa zaman bizden yanad\u0131r, zaman T\u00fcrkiye&#8217;nin yan\u0131ndad\u0131r diyerek yola devam ediyoruz. T\u00fcrkiye as\u0131rlar sonra ilk defa k\u00fcresel lige y\u00fckselmi\u015ftir.<\/p>\n<p><b>&#8220;SON 10 YILDIR AYNI TUZAKLARI YA\u015eADIK&#8221;<\/b><\/p>\n<p>Ge\u00e7mi\u015fteki t\u00fcm kazan\u00e7lar\u0131m\u0131z\u0131n alt\u0131nda birlik ve beraberlik oldu\u011funun bilincindeyiz. Ne zaman ata\u011fa kalksak hemen karde\u015fli\u011fimize ve birli\u011fimize sald\u0131r\u0131ld\u0131\u011f\u0131n\u0131 g\u00f6r\u00fcyoruz. Son 10 y\u0131ld\u0131r ayn\u0131 tuzaklar\u0131 ya\u015fad\u0131k. Gezi olaylar\u0131ndan 15 Temmuz darbe giri\u015fimine kadar t\u00fcm olaylar\u0131 hezimete u\u011fratt\u0131k.<\/p>\n<p>Ayr\u0131nt\u0131lar geliyor&#8230;<\/p>\n","protected":false},"excerpt":{"rendered":"<p>Son dakika: Cumhurba\u015fkan\u0131 Recep Tayyip Erdo\u011fan&#8217;\u0131n ba\u015fkanl\u0131\u011f\u0131na ger\u00e7ekle\u015ftirilen Kabine toplant\u0131s\u0131 sona erdi. 3 bu\u00e7uk saat s\u00fcren toplant\u0131n\u0131n ard\u0131ndan Cumhurba\u015fkan\u0131 Erdo\u011fan, kameralar kar\u015f\u0131s\u0131na ge\u00e7erek kamuoyuna a\u00e7\u0131klamalarda bulunuyor. A\u011fa\u00e7 kesimi nedeniyle protestolar\u0131n ya\u015fand\u0131\u011f\u0131 olaylara tepki g\u00f6steren Cumhurba\u015fkan\u0131 Erdo\u011fan, &#8220;Kampanyan\u0131n a\u011fa\u00e7 hassasiyetiyle izah\u0131 m\u00fcmk\u00fcn de\u011fil.&#8221; dedi.<\/p>\n","protected":false},"author":1,"featured_media":109242,"comment_status":"closed","ping_status":"open","sticky":false,"template":"","format":"standard","meta":{"footnotes":""},"categories":[28],"tags":[],"class_list":["post-109241","post","type-post","status-publish","format-standard","has-post-thumbnail","hentry","category-politika"],"_links":{"self":[{"href":"https:\/\/haberulus.net\/index.php?rest_route=\/wp\/v2\/posts\/109241","targetHints":{"allow":["GET"]}}],"collection":[{"href":"https:\/\/haberulus.net\/index.php?rest_route=\/wp\/v2\/posts"}],"about":[{"href":"https:\/\/haberulus.net\/index.php?rest_route=\/wp\/v2\/types\/post"}],"author":[{"embeddable":true,"href":"https:\/\/haberulus.net\/index.php?rest_route=\/wp\/v2\/users\/1"}],"replies":[{"embeddable":true,"href":"https:\/\/haberulus.net\/index.php?rest_route=%2Fwp%2Fv2%2Fcomments&post=109241"}],"version-history":[{"count":1,"href":"https:\/\/haberulus.net\/index.php?rest_route=\/wp\/v2\/posts\/109241\/revisions"}],"predecessor-version":[{"id":109243,"href":"https:\/\/haberulus.net\/index.php?rest_route=\/wp\/v2\/posts\/109241\/revisions\/109243"}],"wp:featuredmedia":[{"embeddable":true,"href":"https:\/\/haberulus.net\/index.php?rest_route=\/wp\/v2\/media\/109242"}],"wp:attachment":[{"href":"https:\/\/haberulus.net\/index.php?rest_route=%2Fwp%2Fv2%2Fmedia&parent=109241"}],"wp:term":[{"taxonomy":"category","embeddable":true,"href":"https:\/\/haberulus.net\/index.php?rest_route=%2Fwp%2Fv2%2Fcategories&post=109241"},{"taxonomy":"post_tag","embeddable":true,"href":"https:\/\/haberulus.net\/index.php?rest_route=%2Fwp%2Fv2%2Ftags&post=109241"}],"curies":[{"name":"wp","href":"https:\/\/api.w.org\/{rel}","templated":true}]}}