{"id":109304,"date":"2023-08-07T19:05:03","date_gmt":"2023-08-07T19:05:03","guid":{"rendered":"https:\/\/haberulus.net\/?p=109304"},"modified":"2023-08-07T19:05:03","modified_gmt":"2023-08-07T19:05:03","slug":"okan-buruk-kadroda-olmasini-istedigimizi-soyluyoruz","status":"publish","type":"post","link":"https:\/\/haberulus.net\/?p=109304","title":{"rendered":"Okan Buruk: Kadroda olmas\u0131n\u0131 istedi\u011fimizi s\u00f6yl\u00fcyoruz"},"content":{"rendered":"<p>UEFA \u015eampiyonlar Ligi 3\u2019\u00fcnc\u00fc \u00d6n Eleme Turu ilk ma\u00e7\u0131nda yar\u0131n deplasmanda Olimpija Ljubljana\u2019ya konuk olacak Galatasaray\u2019da teknik direkt\u00f6r Okan Buruk a\u00e7\u0131klamalarda bulundu.<\/p>\n<p>\u0130ki tak\u0131m i\u00e7in de \u00e7ok \u00f6nemli bir kar\u015f\u0131la\u015fma oldu\u011funu belirten Okan Buruk, \u201cRakibimiz bizden bir tur daha \u00f6nce ba\u015flad\u0131. \u0130ki tane lig ma\u00e7\u0131 oynad\u0131lar. 6 resmi ma\u00e7 oynad\u0131lar. Biz 2 resmi ma\u00e7 oynad\u0131k. Toparlanma s\u00fcrecinde olan bir tak\u0131m\u0131z. Yar\u0131\u015f\u0131yoruz, bir turu ge\u00e7tik. Hedefimiz bu turda da rakibimizi elemek. Rakibimize \u00e7ok \u00f6nem veriyoruz. Avantajl\u0131 bir skorlar d\u00f6nmek istiyoruz. Kazanarak geri d\u00f6nmek istiyoruz\u201d dedi.<\/p>\n<p><b>\u201cKADRODA OLMASINI \u0130STED\u0130\u011e\u0130M\u0130Z\u0130 S\u00d6YL\u00dcYORUZ\u201d<\/b><\/p>\n<p>Okan Buruk, Rashican\u0131n transfer durumunun sorulmas\u0131 \u00fczerine, \u201cMilot Rashica kadromuzda ge\u00e7en sene iyi i\u015fler yapan bir oyuncu. Kadroda olmas\u0131n\u0131 istedi\u011fimizi s\u00f6yl\u00fcyoruz. Bu s\u00fcre devam ediyor. \u015eu anda ma\u00e7a odakl\u0131y\u0131z. Zaniolo\u2019nun da bir sakatl\u0131\u011f\u0131 oldu. Bir sonraki ma\u00e7ta bizimle olacak. Kanat oyuncusu anlam\u0131nda ileriye d\u00f6n\u00fck bir oyuncu daha kadroya katmak istiyoruz. \u0130lk tercihimiz tabii ki Rashica\u201d cevab\u0131n\u0131 verdi.<\/p>\n<p>Okan Buruk, Mauro Icardi i\u00e7in ise, \u201cMauro Icardi bize ge\u00e7 kat\u0131ld\u0131. Oynayabilecek durumda oldu\u011fu i\u00e7in kadroya ald\u0131k. Ma\u00e7\u0131n gidi\u015fat\u0131na g\u00f6re de\u011ferlendirmeyi d\u00fc\u015f\u00fcn\u00fcyoruz\u201d de\u011ferlendirmesini yapt\u0131.<\/p>\n<p><b>\u201cHAZIR OLMAK ZORUNDAYIZ\u201d<\/b><\/p>\n<p>Tak\u0131m\u0131n\u0131n haz\u0131r oldu\u011funu s\u00f6yleyen Buruk, \u201cHaz\u0131r olmak zorunday\u0131z. Haz\u0131r olmayan oyuncular\u0131m\u0131z ge\u00e7 kat\u0131lan oyuncular. Bize \u00e7ok ge\u00e7 kat\u0131lan oyuncular var. Di\u011fer oyuncular\u0131 haz\u0131r olarak g\u00f6r\u00fcyorum. Oyuncular\u0131ma yar\u0131n i\u00e7in \u00e7ok g\u00fcveniyorum. En iyilerini vereceklerini d\u00fc\u015f\u00fcn\u00fcyorum. Vermeleri de gerekiyor. Bizim i\u00e7in maddi ve manevi \u00e7ok \u00f6nemli bir ma\u00e7. Oyuncular\u0131mla birlikte \u015eampiyonlar Ligi\u2019nde olmak istiyorum. O y\u00fczden yar\u0131n onlardan en iyisini bekliyorum. En iyi oyunumuzu oynamak zorunday\u0131z\u201d ifadelerini kulland\u0131.<\/p>\n","protected":false},"excerpt":{"rendered":"<p>Galatasaray Teknik Direkt\u00f6r\u00fc Okan Buruk, Olimpija Ljubljana ma\u00e7\u0131 \u00f6ncesi d\u00fczenlenen bas\u0131n toplant\u0131s\u0131nda Milot Rashica&#8217;n\u0131n transfer durumu ile ilgili konu\u015ftu. Okan Buruk, Nicolo Zaniolo ve Mauro Icardi&#8217;nin durumlar\u0131 hakk\u0131nda da bilgi verdi.<\/p>\n","protected":false},"author":1,"featured_media":109305,"comment_status":"closed","ping_status":"open","sticky":false,"template":"","format":"standard","meta":{"footnotes":""},"categories":[31],"tags":[200,1597,290,197],"class_list":["post-109304","post","type-post","status-publish","format-standard","has-post-thumbnail","hentry","category-spor","tag-buruk","tag-hazir","tag-mac","tag-oyuncu"],"_links":{"self":[{"href":"https:\/\/haberulus.net\/index.php?rest_route=\/wp\/v2\/posts\/109304","targetHints":{"allow":["GET"]}}],"collection":[{"href":"https:\/\/haberulus.net\/index.php?rest_route=\/wp\/v2\/posts"}],"about":[{"href":"https:\/\/haberulus.net\/index.php?rest_route=\/wp\/v2\/types\/post"}],"author":[{"embeddable":true,"href":"https:\/\/haberulus.net\/index.php?rest_route=\/wp\/v2\/users\/1"}],"replies":[{"embeddable":true,"href":"https:\/\/haberulus.net\/index.php?rest_route=%2Fwp%2Fv2%2Fcomments&post=109304"}],"version-history":[{"count":1,"href":"https:\/\/haberulus.net\/index.php?rest_route=\/wp\/v2\/posts\/109304\/revisions"}],"predecessor-version":[{"id":109306,"href":"https:\/\/haberulus.net\/index.php?rest_route=\/wp\/v2\/posts\/109304\/revisions\/109306"}],"wp:featuredmedia":[{"embeddable":true,"href":"https:\/\/haberulus.net\/index.php?rest_route=\/wp\/v2\/media\/109305"}],"wp:attachment":[{"href":"https:\/\/haberulus.net\/index.php?rest_route=%2Fwp%2Fv2%2Fmedia&parent=109304"}],"wp:term":[{"taxonomy":"category","embeddable":true,"href":"https:\/\/haberulus.net\/index.php?rest_route=%2Fwp%2Fv2%2Fcategories&post=109304"},{"taxonomy":"post_tag","embeddable":true,"href":"https:\/\/haberulus.net\/index.php?rest_route=%2Fwp%2Fv2%2Ftags&post=109304"}],"curies":[{"name":"wp","href":"https:\/\/api.w.org\/{rel}","templated":true}]}}