{"id":109319,"date":"2023-08-07T20:05:02","date_gmt":"2023-08-07T20:05:02","guid":{"rendered":"https:\/\/haberulus.net\/?p=109319"},"modified":"2023-08-07T20:05:02","modified_gmt":"2023-08-07T20:05:02","slug":"kabine-toplantisinda-alinan-kararlar-son-dakika-kabine-toplantisi-bitti-mi-ne-karar-alindi","status":"publish","type":"post","link":"https:\/\/haberulus.net\/?p=109319","title":{"rendered":"Kabine Toplant\u0131s\u0131&#8217;nda al\u0131nan kararlar SON DAK\u0130KA! Kabine Toplant\u0131s\u0131 bitti mi, ne karar al\u0131nd\u0131?"},"content":{"rendered":"<p> <strong>Kabine Toplant\u0131s\u0131<\/strong>&#8216;nda al\u0131nan kararlar  <strong>son dakika<\/strong> haberleri merak ediliyor. Toplant\u0131s\u0131 bitti mi, ne karar al\u0131nd\u0131 ve Kabine Toplant\u0131s\u0131 ne zaman sorular\u0131 ara\u015ft\u0131r\u0131l\u0131yor. Kabine toplant\u0131s\u0131, iki haftal\u0131k aran\u0131n ard\u0131ndan bug\u00fcn ger\u00e7ekle\u015ftirilecek. Kabine Toplant\u0131s\u0131&#8217;nda al\u0131nan kararlar ve Kabine Toplant\u0131s\u0131 bitti mi merak ediliyor. Kabine Toplant\u0131s\u0131&#8217;nda al\u0131nan kararlar SON DAK\u0130KA! Kabine Toplant\u0131s\u0131 bitti mi, ne karar al\u0131nd\u0131? Detaylar haberimizdedir\u2026<\/p>\n<p><b>KAB\u0130NE TOPLANTISI&#8217;NDA ALINAN KARARLAR SON DAK\u0130KA! <\/b><\/p>\n<p>Kabine iki haftal\u0131k aran\u0131n ard\u0131ndan Cumhurba\u015fkan\u0131 Recep Tayyip Erdo\u011fan ba\u015fkanl\u0131\u011f\u0131nda yar\u0131n bir araya geliyor. Milyonlar\u0131n g\u00f6z\u00fcn\u00fcn \u00e7evrildi\u011fi toplant\u0131da i\u00e7 ve d\u0131\u015f politikadaki geli\u015fmelerin yan\u0131 s\u0131ra ekonomideki son durum ele al\u0131nacak.<\/p>\n<p>Rusya Devlet Ba\u015fkan\u0131 Vladimir Putin ile Tah\u0131l Koridoru Anla\u015fmas\u0131&#8217;n\u0131 telefonda g\u00f6r\u00fc\u015fen Cumhurba\u015fkan\u0131 Erdo\u011fan, g\u00f6r\u00fc\u015fmenin detaylar\u0131n\u0131 Kabine \u00fcyelerine aktaracak. Sorunun \u00e7\u00f6z\u00fcm\u00fc i\u00e7in sunulan \u00f6neriler ve onlar\u0131n nas\u0131l hayata ge\u00e7irilece\u011fi konu\u015fulacak.<\/p>\n<p><b>KAB\u0130NE TOPLANTISI B\u0130TT\u0130 M\u0130?<\/b><\/p>\n<p>Kabine&#8217;nin en \u00f6nemli konu ba\u015fl\u0131klar\u0131 aras\u0131nda yer alan ekonomiye geni\u015f yer ayr\u0131lacak. ABD merkezli yat\u0131r\u0131m bankas\u0131 JP Morgan&#8217;\u0131n organizasyonunda yakla\u015f\u0131k 50 yat\u0131r\u0131mc\u0131n\u0131n kat\u0131l\u0131m\u0131yla yap\u0131lan toplant\u0131ya kat\u0131lan Hazine ve Maliye Bakan\u0131 Mehmet \u015eim\u015fek, ayr\u0131nt\u0131lar\u0131 payla\u015facak.<\/p>\n<p>Bakan \u015eim\u015fek d\u0131\u015f yat\u0131r\u0131mc\u0131lar\u0131 T\u00fcrkiye&#8217;ye \u00e7ekmeye y\u00f6nelik y\u00fcr\u00fct\u00fclen  <strong>ekonomi<\/strong> y\u00f6netiminin geldi\u011fi noktay\u0131 anlatacak. Merkez Bankas\u0131&#8217;n\u0131n artan d\u00f6viz rezervi de bu kapsamda ele al\u0131nacak.<\/p>\n<p><img decoding=\"async\" src=\"https:\/\/i.hbrcdn.com\/haber\/2023\/08\/07\/kabine-toplantisi-nda-alinan-kararlar-son-dakika-16202468_1644_m.jpg\" alt=\"\" title=\"\"><\/p>\n<p><strong>MEMURLARIN G\u00d6Z\u00dc KAB\u0130NE&#8217;DE<\/strong> <\/p>\n<p>Hafta ortas\u0131nda ba\u015flayan ve memurlar\u0131 ilgilendiren toplu s\u00f6zle\u015fme s\u00fcreci de Kabine&#8217;de g\u00f6r\u00fc\u015f\u00fclecek. Memur cephesinin beklentilerini \u00c7al\u0131\u015fma ve Sosyal G\u00fcvenlik Bakan\u0131 Vedat I\u015f\u0131khan, Cumhurba\u015fkan\u0131 Erdo\u011fan ve Kabine&#8217;ye iletecek.<\/p>\n<p><strong>AVRUPA&#8217;DAK\u0130 PROVOKAT\u0130F EYLEMLER<\/strong> <\/p>\n<p>Kabine toplant\u0131s\u0131nda, \u0130sve\u00e7 ba\u015fta olmak \u00fczere baz\u0131 Bat\u0131 \u00fclkelerinde Kur&#8217;an-\u0131 Kerim&#8217;e y\u00f6nelik pe\u015f pe\u015fe d\u00fczenlenen sald\u0131r\u0131lar da g\u00f6r\u00fc\u015f\u00fclecek. Ter\u00f6r \u00f6rg\u00fct\u00fc mensuplar\u0131n\u0131n Cumhurba\u015fkan\u0131 Erdo\u011fan&#8217;\u0131 hedef alan \u00e7irkin eylemlerine kar\u015f\u0131 at\u0131lacak ad\u0131mlar de\u011ferlendirilecek.<\/p>\n","protected":false},"excerpt":{"rendered":"<p>Kabine Toplant\u0131s\u0131&#8217;nda al\u0131nan kararlar son dakika haberleri g\u00fcndeme geliyor. Kabine Toplant\u0131s\u0131 bitti mi, ne karar al\u0131nd\u0131 ve Kabine Toplant\u0131s\u0131 ne zaman sorular\u0131 merak ediliyor. Cumhurba\u015fkan\u0131 Erdo\u011fan&#8217;\u0131n ba\u015fkanl\u0131\u011f\u0131nda bug\u00fcn toplanacak Kabine&#8217;nin ana g\u00fcndem maddeleri d\u0131\u015f politikada ya\u015fanan geli\u015fmelerin yan\u0131 s\u0131ra ekonomi olacak. Kabine Toplant\u0131s\u0131&#8217;nda al\u0131nan kararlar ve Kabine Toplant\u0131s\u0131 bitti mi ara\u015ft\u0131r\u0131l\u0131yor. Peki, Kabine Toplant\u0131s\u0131&#8217;nda al\u0131nan kararlar SON DAK\u0130KA! Kabine Toplant\u0131s\u0131 bitti mi?<\/p>\n","protected":false},"author":1,"featured_media":109320,"comment_status":"closed","ping_status":"open","sticky":false,"template":"","format":"standard","meta":{"footnotes":""},"categories":[28],"tags":[2878,2907,580],"class_list":["post-109319","post","type-post","status-publish","format-standard","has-post-thumbnail","hentry","category-politika","tag-kabine","tag-kabine-toplantisi","tag-karar"],"_links":{"self":[{"href":"https:\/\/haberulus.net\/index.php?rest_route=\/wp\/v2\/posts\/109319","targetHints":{"allow":["GET"]}}],"collection":[{"href":"https:\/\/haberulus.net\/index.php?rest_route=\/wp\/v2\/posts"}],"about":[{"href":"https:\/\/haberulus.net\/index.php?rest_route=\/wp\/v2\/types\/post"}],"author":[{"embeddable":true,"href":"https:\/\/haberulus.net\/index.php?rest_route=\/wp\/v2\/users\/1"}],"replies":[{"embeddable":true,"href":"https:\/\/haberulus.net\/index.php?rest_route=%2Fwp%2Fv2%2Fcomments&post=109319"}],"version-history":[{"count":1,"href":"https:\/\/haberulus.net\/index.php?rest_route=\/wp\/v2\/posts\/109319\/revisions"}],"predecessor-version":[{"id":109321,"href":"https:\/\/haberulus.net\/index.php?rest_route=\/wp\/v2\/posts\/109319\/revisions\/109321"}],"wp:featuredmedia":[{"embeddable":true,"href":"https:\/\/haberulus.net\/index.php?rest_route=\/wp\/v2\/media\/109320"}],"wp:attachment":[{"href":"https:\/\/haberulus.net\/index.php?rest_route=%2Fwp%2Fv2%2Fmedia&parent=109319"}],"wp:term":[{"taxonomy":"category","embeddable":true,"href":"https:\/\/haberulus.net\/index.php?rest_route=%2Fwp%2Fv2%2Fcategories&post=109319"},{"taxonomy":"post_tag","embeddable":true,"href":"https:\/\/haberulus.net\/index.php?rest_route=%2Fwp%2Fv2%2Ftags&post=109319"}],"curies":[{"name":"wp","href":"https:\/\/api.w.org\/{rel}","templated":true}]}}