{"id":109433,"date":"2023-08-08T06:55:11","date_gmt":"2023-08-08T06:55:11","guid":{"rendered":"https:\/\/haberulus.net\/?p=109433"},"modified":"2023-08-08T06:55:11","modified_gmt":"2023-08-08T06:55:11","slug":"eris-virusu-nedir-belirtileri-neler","status":"publish","type":"post","link":"https:\/\/haberulus.net\/?p=109433","title":{"rendered":"Eris vir\u00fcs\u00fc nedir, belirtileri neler?"},"content":{"rendered":"<p>Eris vir\u00fcs\u00fc adl\u0131 yeni bir Covid varyant\u0131, \u015fu anda t\u00fcm enfeksiyonlar\u0131n neredeyse yar\u0131s\u0131n\u0131 olu\u015fturan Arcturus\u2019tan sonra Birle\u015fik Krall\u0131k\u2019ta en yayg\u0131n ikinci varyant olarak kabul ediliyor. Eris ilk olarak 31 Temmuz\u2019da Birle\u015fik Krall\u0131k\u2019ta bir varyant olarak s\u0131n\u0131fland\u0131r\u0131ld\u0131, ancak \u015fimdi 10 Covid vakas\u0131ndan birini olu\u015fturuyor.<\/p>\n<p><b>ER\u0130S V\u0130R\u00dcS\u00dc NED\u0130R?<\/b><\/p>\n<p>Eris , vir\u00fcs\u00fcn EG.5.1 t\u00fcr\u00fcd\u00fcr ve Omicron\u2019un bir \u00e7e\u015fididir.<\/p>\n<p>Birle\u015fik Krall\u0131k Covid enfeksiyonlar\u0131 i\u00e7in rakamlar\u0131 tahmin eden The Zoe Health Study\u2019ye g\u00f6re, tahmini Covid say\u0131lar\u0131 ge\u00e7en ay yakla\u015f\u0131k 200.000 artarak 4 Temmuz\u2019da \u00f6ng\u00f6r\u00fclen 606.656 vakadan 27 Temmuz\u2019da 785.980\u2019e y\u00fckseldi.<\/p>\n<p><img decoding=\"async\" src=\"https:\/\/i01.sozcucdn.com\/wp-content\/uploads\/2023\/08\/08\/corona-virus-beliritleri-shu-2.jpg\" alt=\"\" title=\"\"><\/p>\n<p><b>ER\u0130S BEL\u0130RT\u0130LER\u0130 NELER?<\/b><\/p>\n<p>Eris\u2019in Omicron varyant\u0131 ile genetik benzerlikler payla\u015ft\u0131\u011f\u0131 d\u00fc\u015f\u00fcn\u00fcl\u00fcyor.<\/p>\n<p>Eris varyant\u0131n\u0131n Omicron\u2019a benzer bir bula\u015fabilirlik ve ba\u011f\u0131\u015f\u0131kl\u0131ktan ka\u00e7\u0131nma yetenekleri sergileyebilece\u011fini g\u00f6steriyor.<\/p>\n<p>Eris vir\u00fcs\u00fc belirtileri \u015fu \u015fekilde;<\/p>\n<p>Burun akmas\u0131<br \/>Ba\u015f a\u011fr\u0131s\u0131<br \/>T\u00fckenmi\u015flik<br \/>Hap\u015f\u0131rma<br \/>Bo\u011faz a\u011fr\u0131s\u0131.<\/p>\n<p>Nefes darl\u0131\u011f\u0131, koku kayb\u0131 ve ate\u015f gibi geleneksel semptomlar art\u0131k \u00e7ok daha az yayg\u0131n.<\/p>\n","protected":false},"excerpt":{"rendered":"<p>EG.5.1 olarak da bilinen Omicron&#8217;un alt varyant\u0131 olan eris vir\u00fcs\u00fc, son d\u00f6nemde ba\u015fta \u0130ngiltere olmak \u00fczere, corona vir\u00fcs vakas\u0131 say\u0131lar\u0131nda art\u0131\u015fa neden oldu. Eris vir\u00fcs\u00fc belirtileri, omicrona benzer semptomlar sergilerken burun akmas\u0131, ba\u015f a\u011fr\u0131s\u0131, t\u00fckenmi\u015flik, hap\u015f\u0131rma ve bo\u011faz a\u011fr\u0131s\u0131 belirtiler aras\u0131nda ilk s\u0131rada yer al\u0131yor.<\/p>\n","protected":false},"author":1,"featured_media":109434,"comment_status":"closed","ping_status":"open","sticky":false,"template":"","format":"standard","meta":{"footnotes":""},"categories":[30],"tags":[13136,1586],"class_list":["post-109433","post","type-post","status-publish","format-standard","has-post-thumbnail","hentry","category-saglik","tag-eris","tag-varyant"],"_links":{"self":[{"href":"https:\/\/haberulus.net\/index.php?rest_route=\/wp\/v2\/posts\/109433","targetHints":{"allow":["GET"]}}],"collection":[{"href":"https:\/\/haberulus.net\/index.php?rest_route=\/wp\/v2\/posts"}],"about":[{"href":"https:\/\/haberulus.net\/index.php?rest_route=\/wp\/v2\/types\/post"}],"author":[{"embeddable":true,"href":"https:\/\/haberulus.net\/index.php?rest_route=\/wp\/v2\/users\/1"}],"replies":[{"embeddable":true,"href":"https:\/\/haberulus.net\/index.php?rest_route=%2Fwp%2Fv2%2Fcomments&post=109433"}],"version-history":[{"count":1,"href":"https:\/\/haberulus.net\/index.php?rest_route=\/wp\/v2\/posts\/109433\/revisions"}],"predecessor-version":[{"id":109435,"href":"https:\/\/haberulus.net\/index.php?rest_route=\/wp\/v2\/posts\/109433\/revisions\/109435"}],"wp:featuredmedia":[{"embeddable":true,"href":"https:\/\/haberulus.net\/index.php?rest_route=\/wp\/v2\/media\/109434"}],"wp:attachment":[{"href":"https:\/\/haberulus.net\/index.php?rest_route=%2Fwp%2Fv2%2Fmedia&parent=109433"}],"wp:term":[{"taxonomy":"category","embeddable":true,"href":"https:\/\/haberulus.net\/index.php?rest_route=%2Fwp%2Fv2%2Fcategories&post=109433"},{"taxonomy":"post_tag","embeddable":true,"href":"https:\/\/haberulus.net\/index.php?rest_route=%2Fwp%2Fv2%2Ftags&post=109433"}],"curies":[{"name":"wp","href":"https:\/\/api.w.org\/{rel}","templated":true}]}}