{"id":109439,"date":"2023-08-08T07:05:03","date_gmt":"2023-08-08T07:05:03","guid":{"rendered":"https:\/\/haberulus.net\/?p=109439"},"modified":"2023-08-08T07:05:03","modified_gmt":"2023-08-08T07:05:03","slug":"cinde-temmuzda-ihracat-ve-ithalat-geriledi","status":"publish","type":"post","link":"https:\/\/haberulus.net\/?p=109439","title":{"rendered":"\u00c7in\u2019de temmuzda ihracat ve ithalat geriledi"},"content":{"rendered":"<p>\u00c7in\u2019de ekonomik toparlanmadaki k\u0131r\u0131lganl\u0131\u011f\u0131n yeni bir i\u015fareti olarak ithalat ve ihracattaki d\u00fc\u015f\u00fc\u015f e\u011filimi temmuz ay\u0131nda h\u0131zlanarak devam etti.<\/p>\n<p>\u00c7in G\u00fcmr\u00fckler Genel \u0130daresi verilerine g\u00f6re, temmuzda, ge\u00e7en y\u0131l\u0131n ayn\u0131 d\u00f6nemine k\u0131yasla ihracat y\u00fczde 14,5 azalarak 281,7 milyar dolara, ithalat ise y\u00fczde 12,4 d\u00fc\u015f\u00fc\u015fle 201,1 milyar dolara geriledi.<\/p>\n<p>\u0130hracat, Covid-19 salg\u0131n\u0131n ilk etkilerinin hissedildi\u011fi \u015eubat 2020\u2019den bu yana y\u0131ll\u0131k bazda en h\u0131zl\u0131 d\u00fc\u015f\u00fc\u015f\u00fc kaydetti.<\/p>\n<p>\u0130hracattaki azalma, finansal hizmetler servisi Wind\u2019in y\u00fczde 4,8\u2019lik d\u00fc\u015f\u00fc\u015f y\u00f6n\u00fcndeki beklentisinin \u00fczerinde ger\u00e7ekle\u015fti.<\/p>\n<p>\u0130hracat, y\u0131l\u0131n ilk iki ay\u0131nda ge\u00e7en y\u0131l\u0131n ayn\u0131 d\u00f6nemine g\u00f6re y\u00fczde 6,8 azald\u0131ktan sonra martta y\u00fczde 14,8, nisanda y\u00fczde 8,5 ile beklentilerin \u00fczerinde bir art\u0131\u015f g\u00f6stermi\u015f fakat may\u0131sta y\u00fczde 7,5, haziranda ise y\u00fczde 12,4 azalm\u0131\u015ft\u0131.<\/p>\n<p>Temmuzda \u00c7in\u2019in en b\u00fcy\u00fck ticaret orta\u011f\u0131, G\u00fcneydo\u011fu Asya Uluslar Birli\u011fi (ASEAN) \u00fclkelerine ihracat\u0131 y\u0131ll\u0131k y\u00fczde 21,43, Avrupa Birli\u011fi (AB) \u00fclkelerine ihracat\u0131 ise y\u00fczde 20,62 azald\u0131.<\/p>\n<p>ABD\u2019ye ihracat, temmuzda y\u00fczde 23,12 azal\u0131rken son 12 aydaki d\u00fc\u015f\u00fc\u015f e\u011filimini s\u00fcrd\u00fcrd\u00fc.<\/p>\n<p>Analistler, ihracattaki d\u00fc\u015f\u00fck performans\u0131n, k\u00fcresel talepteki zay\u0131fl\u0131\u011f\u0131n sonucu oldu\u011funu, azalman\u0131n ticaret hacimden de\u011fil fiyatlardaki d\u00fc\u015f\u00fc\u015ften kaynaklad\u0131\u011f\u0131n\u0131n alt\u0131n\u0131 \u00e7iziyor.<\/p>\n<p><b>\u0130THALATTAK\u0130 D\u00dc\u015e\u00dc\u015e DEVAM ED\u0130YOR<\/b><\/p>\n<p>\u00d6te yandan \u00fclkenin ithalat\u0131nda y\u0131l\u0131n ilk 6 ayda g\u00f6zlenen d\u00fc\u015f\u00fc\u015f e\u011filimi temmuzda da s\u00fcrd\u00fc.<\/p>\n<p>\u0130thalattaki y\u00fczde 12,4 azalma, finansal hizmetler servisi Wind\u2019in y\u00fczde 11,4\u2019l\u00fck d\u00fc\u015f\u00fc\u015f y\u00f6n\u00fcndeki beklentisinin \u00fczerinde ger\u00e7ekle\u015fti.<\/p>\n<p>\u0130thalat, ilk iki aydaki y\u0131ll\u0131k y\u00fczde 10,2 azalman\u0131n ard\u0131ndan martta 1,4 d\u00fc\u015f\u00fc\u015fle toparlanma e\u011filimi g\u00f6stermi\u015f ancak nisanda 7,9 may\u0131sta y\u00fczde 4,5, haziranda ise y\u00fczde 6,8 ile d\u00fc\u015f\u00fc\u015f e\u011filimini s\u00fcrd\u00fcrm\u00fc\u015ft\u00fc.<\/p>\n<p>D\u0131\u015f ticaret fazlas\u0131 ise temmuzda \u00f6nceki aya g\u00f6re artt\u0131. Haziranda 70,6 milyar dolar olan d\u0131\u015f ticaret fazlas\u0131, temmuzda 80,6 milyar dolara \u00e7\u0131kt\u0131. (AA)<\/p>\n","protected":false},"excerpt":{"rendered":"<p>\u00c7in&#8217;de ihracat temmuzda, y\u0131ll\u0131k y\u00fczde 14,5 azalmayla Covid-19 salg\u0131n\u0131n ilk etkilerinin hissedildi\u011fi \u015eubat 2020&#8217;den bu yana en h\u0131zl\u0131 d\u00fc\u015f\u00fc\u015f\u00fc kaydederken ithalat y\u00fczde 12,4 azalarak ilk 6 aydaki d\u00fc\u015f\u00fc\u015f e\u011filimini s\u00fcrd\u00fcrd\u00fc.<\/p>\n","protected":false},"author":1,"featured_media":109440,"comment_status":"closed","ping_status":"open","sticky":false,"template":"","format":"standard","meta":{"footnotes":""},"categories":[25],"tags":[2188,13137,810,56,369],"class_list":["post-109439","post","type-post","status-publish","format-standard","has-post-thumbnail","hentry","category-ekonomi","tag-dusus","tag-egilimi","tag-ihracat","tag-ithalat","tag-temmuz"],"_links":{"self":[{"href":"https:\/\/haberulus.net\/index.php?rest_route=\/wp\/v2\/posts\/109439","targetHints":{"allow":["GET"]}}],"collection":[{"href":"https:\/\/haberulus.net\/index.php?rest_route=\/wp\/v2\/posts"}],"about":[{"href":"https:\/\/haberulus.net\/index.php?rest_route=\/wp\/v2\/types\/post"}],"author":[{"embeddable":true,"href":"https:\/\/haberulus.net\/index.php?rest_route=\/wp\/v2\/users\/1"}],"replies":[{"embeddable":true,"href":"https:\/\/haberulus.net\/index.php?rest_route=%2Fwp%2Fv2%2Fcomments&post=109439"}],"version-history":[{"count":1,"href":"https:\/\/haberulus.net\/index.php?rest_route=\/wp\/v2\/posts\/109439\/revisions"}],"predecessor-version":[{"id":109441,"href":"https:\/\/haberulus.net\/index.php?rest_route=\/wp\/v2\/posts\/109439\/revisions\/109441"}],"wp:featuredmedia":[{"embeddable":true,"href":"https:\/\/haberulus.net\/index.php?rest_route=\/wp\/v2\/media\/109440"}],"wp:attachment":[{"href":"https:\/\/haberulus.net\/index.php?rest_route=%2Fwp%2Fv2%2Fmedia&parent=109439"}],"wp:term":[{"taxonomy":"category","embeddable":true,"href":"https:\/\/haberulus.net\/index.php?rest_route=%2Fwp%2Fv2%2Fcategories&post=109439"},{"taxonomy":"post_tag","embeddable":true,"href":"https:\/\/haberulus.net\/index.php?rest_route=%2Fwp%2Fv2%2Ftags&post=109439"}],"curies":[{"name":"wp","href":"https:\/\/api.w.org\/{rel}","templated":true}]}}