{"id":109565,"date":"2023-08-08T09:35:03","date_gmt":"2023-08-08T09:35:03","guid":{"rendered":"https:\/\/haberulus.net\/?p=109565"},"modified":"2023-08-08T09:35:03","modified_gmt":"2023-08-08T09:35:03","slug":"saglikta-siddete-karsi-yeni-uyari-sistemi-geliyor","status":"publish","type":"post","link":"https:\/\/haberulus.net\/?p=109565","title":{"rendered":"Sa\u011fl\u0131kta \u015fiddete kar\u015f\u0131 yeni uyar\u0131 sistemi geliyor"},"content":{"rendered":"<p>Sa\u011fl\u0131k Bakan\u0131 Fahrettin Koca, Cumhurba\u015fkanl\u0131\u011f\u0131 Kabinesi\u2019nin ard\u0131ndan gazetecilerin g\u00fcndeme ili\u015fkin sorular\u0131n\u0131 yan\u0131tlad\u0131.<\/p>\n<p>Sa\u011fl\u0131kta ba\u015flat\u0131lan \u201c\u0130kinci Beyaz Reform\u201d d\u00f6neminin detaylar\u0131 sorulan Koca, reformla \u015fiddet eylem plan\u0131n\u0131n hayata ge\u00e7ece\u011fi d\u00f6nemin ba\u015flad\u0131\u011f\u0131n\u0131 belirtti.<\/p>\n<p>\u201cA\u011f\u0131rl\u0131kl\u0131 olarak hastanelerimizde g\u00f6revli emniyet personeli ve g\u00fcvenlik\u00e7i say\u0131s\u0131n\u0131 artt\u0131rmay\u0131 hedefliyoruz. Bu en temel i\u015flerimizden biri.\u201d ifadesini kullanan Koca, s\u00f6zlerini \u015f\u00f6yle s\u00fcrd\u00fcrd\u00fc:<\/p>\n<p>-Ancak bundan daha \u00f6nemli g\u00f6rd\u00fc\u011f\u00fcm\u00fcz \u0130\u00e7i\u015fleri Bakanl\u0131\u011f\u0131m\u0131z ile tamamlanmak \u00fczere olan bir \u00e7al\u0131\u015fma yap\u0131yoruz.<\/p>\n<p>-Bu \u00e7al\u0131\u015fma beyaz kod \u00f6ncesi bir ara uyar\u0131 ve \u00f6n haber sistemi. Biliyorsunuz beyaz kodda adli ve kolluk s\u00fcreci derhal ba\u015fl\u0131yor ama ondan \u00f6nce bir \u015fiddet eylemi riski olmas\u0131 durumunda ya da bir \u015fekilde daha \u00f6nce \u015fiddete ba\u015fvurmu\u015f birinin olma ihtimaline kar\u015f\u0131 bir \u00f6nc\u00fcl kod verilmesini hedefliyoruz.<\/p>\n<p>-Hastane emniyetini, g\u00fcvenli\u011fini ve ilgili idarecileri devreye sokacak bir uyar\u0131 sistemi \u00fczerinde \u00e7al\u0131\u015f\u0131yoruz. Bir yaz\u0131l\u0131m haz\u0131rlan\u0131yor bunun i\u00e7in.<\/p>\n<p>-Beyaz kodda hukuki s\u00fcre\u00e7 devreye giriyor. Bu s\u00fcre\u00e7le karakol dahil olmak \u00fczere haberdar edilmi\u015f olunuyor. Yaz\u0131l\u0131m\u0131n bitmesiyle bu durum, \u00f6nc\u00fcl \u015fiddet eylemini \u00f6nleme anlam\u0131nda yeni bir yakla\u015f\u0131m.<\/p>\n<p>Sa\u011fl\u0131k \u00e7al\u0131\u015fanlar\u0131na mektup g\u00f6nderdi\u011fi hat\u0131rlat\u0131lan Bakan Koca, bu mektubun ard\u0131ndan 45 bine yak\u0131n mail ald\u0131klar\u0131n\u0131 belirtti.<\/p>\n<p>\u00c7al\u0131\u015fanlardan \u015fiddetle m\u00fccadele eylem plan\u0131 ba\u015fta olmak \u00fczere \u00e7al\u0131\u015fma \u015fartlar\u0131 ile ilgili \u00f6nerilerini ald\u0131klar\u0131n\u0131 vurgulayan Koca, tedbir al\u0131nmas\u0131 gereken konular\u0131, ilgili bakan yard\u0131mc\u0131lar\u0131na ve genel m\u00fcd\u00fcrlere iletti\u011fini s\u00f6yledi.<\/p>\n<p>Baz\u0131 maillere kendisinin cevap verdi\u011fini, baz\u0131lar\u0131yla da do\u011frudan irtibata ge\u00e7ip o ki\u015fiyi dinledi\u011fini belirten Koca, ziyaret ve g\u00f6r\u00fc\u015fmeleri daha da yo\u011funla\u015ft\u0131rmak istedi\u011fini vurgulad\u0131.<\/p>\n<p><strong>SA\u011eLIK \u00c7ALI\u015eANLARININ TABAN \u00dcCRETLER\u0130<\/strong><\/p>\n<p>Sa\u011fl\u0131k \u00e7al\u0131\u015fanlar\u0131yla ilgili beyaz reformun ikinci d\u00f6nemini ba\u015flatt\u0131klar\u0131na dikkati \u00e7eken Koca, \u00e7al\u0131\u015fanlar ve hekimlerle ilgili bir\u00e7ok sorunun bulundu\u011funu ifade etti.<\/p>\n<p>Yap\u0131lmas\u0131 gereken pek \u00e7ok \u015feyi hayata ge\u00e7irdiklerini vurgulayan Bakan Koca, \u015funlar\u0131 s\u00f6yledi:<\/p>\n<p>-Malpraktis yasas\u0131 gibi, sa\u011fl\u0131k \u00e7al\u0131\u015fanlar\u0131na uygulanan \u015fiddetin katalog su\u00e7lara al\u0131nmas\u0131 gibi, mahsupla\u015fman\u0131n art\u0131k olmamas\u0131 gibi, herkesin sabit taban \u00fccreti ve te\u015fvikten alabilir hale gelmi\u015f olmas\u0131 gibi, asistanlar\u0131n n\u00f6bet say\u0131s\u0131 ve s\u00fcresinin 24 saatten fazla olmamas\u0131 dahil olmak \u00fczere bir\u00e7ok d\u00fczeltmeleri yapt\u0131k biliyorsunuz. Ancak, esas bundan sonra yap\u0131lmas\u0131 gereken d\u00fczenlemeler var.<\/p>\n<p>-\u00c7al\u0131\u015fanlar\u0131n sabit \u00fccretlerinin emeklili\u011fe yans\u0131mas\u0131 konusu var. Cumhurba\u015fkan\u0131m\u0131z\u0131n bu konuda m\u00fcjdesi vard\u0131 T\u0131p Bayram\u0131\u2019nda biliyorsunuz. Emeklili\u011fe say\u0131lacakt\u0131 bu hen\u00fcz yap\u0131lmad\u0131.<\/p>\n<p>-Yap\u0131ls\u0131n gayreti i\u00e7indeyiz. Sa\u011fl\u0131k \u00e7al\u0131\u015fanlar\u0131n\u0131n taban \u00fccreti katsay\u0131s\u0131 0,32\u2019ydi. Uzmanlarda 4,5, pratisyenlerde 2,25, asistanlarda 3,40 gibiydi. Sa\u011fl\u0131k \u00e7al\u0131\u015fanlar\u0131n\u0131n ise 0,32 idi. Yani sa\u011fl\u0131k \u00e7al\u0131\u015fanlar\u0131m\u0131z\u0131n taban \u00fccreti, hekim arkada\u015flar\u0131m\u0131z\u0131n taban \u00fccretinin 10-15\u2019te biriydi. Bu oran\u0131n makul bir d\u00fczeye \u00e7\u0131kar\u0131lmas\u0131 gerekti\u011fi kanaatindeyim.\u201d<\/p>\n<p>T\u00fcm sa\u011fl\u0131k \u00e7al\u0131\u015fanlar\u0131 i\u00e7in en az\u0131ndan bu oran\u0131n bir kat art\u0131r\u0131lmas\u0131 gerekti\u011fini, yan dal uzmanlar\u0131n\u0131n da taban \u00fccretinin farkl\u0131la\u015ft\u0131r\u0131lmas\u0131 gerekti\u011fini d\u00fc\u015f\u00fcnd\u00fc\u011f\u00fcn\u00fc s\u00f6yleyen Koca, \u015fu de\u011ferlendirmelerde bulundu:<\/p>\n<p>-Hepsi i\u00e7in taban \u00fccretini art\u0131r\u0131lmas\u0131 ama sabit \u00fccretin emeklili\u011fe say\u0131lmas\u0131, bunlara ilave olarak da n\u00f6bet \u00fccretlerinin hekimler dahil olmak \u00fczere herkesi g\u00f6zeterek \u00e7al\u0131\u015fan i\u015f\u00e7ilerin n\u00f6bet \u00fccretinin \u00fcst\u00fcne \u00e7\u0131kar\u0131lmas\u0131 gerekti\u011fi de a\u015fikar bir durum.<\/p>\n<p>-Ayr\u0131ca tavan oranlar\u0131n\u0131n da d\u00fczenlenmesi gerekiyor. Aile hekimli\u011fiyle ilgili cari \u00f6demeler sorun olmaya ba\u015flad\u0131.<\/p>\n<p>-Aile hekimli\u011fi uzmanlar\u0131n\u0131n da uzman gibi g\u00f6r\u00fclerek taban \u00fccretlerinin uzman katsay\u0131s\u0131na \u00e7\u0131kar\u0131lmas\u0131. Ayr\u0131ca te\u015fvik sisteminin de art\u0131r\u0131larak koruyucu hekimlikle ilgili de te\u015fvik sisteminin biraz daha aktif devreye girmesi gerekti\u011fi kanaatindeyiz. (AA)<\/p>\n","protected":false},"excerpt":{"rendered":"<p>Sa\u011fl\u0131k Bakan\u0131 Fahrettin Koca, hastanelerde \u015fiddet olaylar\u0131n\u0131n \u00f6n\u00fcne ge\u00e7mek i\u00e7in \u0130\u00e7i\u015fleri Bakanl\u0131\u011f\u0131yla, beyaz kod \u00f6ncesi ara uyar\u0131 i\u00e7eren sistem \u00fczerinde \u00e7al\u0131\u015ft\u0131klar\u0131n\u0131 a\u00e7\u0131klad\u0131.<\/p>\n","protected":false},"author":1,"featured_media":109566,"comment_status":"closed","ping_status":"open","sticky":false,"template":"","format":"standard","meta":{"footnotes":""},"categories":[30],"tags":[1239,1331,1667,1241,4708],"class_list":["post-109565","post","type-post","status-publish","format-standard","has-post-thumbnail","hentry","category-saglik","tag-hekim","tag-koca","tag-saglik-calisanlari","tag-siddet","tag-uzman"],"_links":{"self":[{"href":"https:\/\/haberulus.net\/index.php?rest_route=\/wp\/v2\/posts\/109565","targetHints":{"allow":["GET"]}}],"collection":[{"href":"https:\/\/haberulus.net\/index.php?rest_route=\/wp\/v2\/posts"}],"about":[{"href":"https:\/\/haberulus.net\/index.php?rest_route=\/wp\/v2\/types\/post"}],"author":[{"embeddable":true,"href":"https:\/\/haberulus.net\/index.php?rest_route=\/wp\/v2\/users\/1"}],"replies":[{"embeddable":true,"href":"https:\/\/haberulus.net\/index.php?rest_route=%2Fwp%2Fv2%2Fcomments&post=109565"}],"version-history":[{"count":1,"href":"https:\/\/haberulus.net\/index.php?rest_route=\/wp\/v2\/posts\/109565\/revisions"}],"predecessor-version":[{"id":109567,"href":"https:\/\/haberulus.net\/index.php?rest_route=\/wp\/v2\/posts\/109565\/revisions\/109567"}],"wp:featuredmedia":[{"embeddable":true,"href":"https:\/\/haberulus.net\/index.php?rest_route=\/wp\/v2\/media\/109566"}],"wp:attachment":[{"href":"https:\/\/haberulus.net\/index.php?rest_route=%2Fwp%2Fv2%2Fmedia&parent=109565"}],"wp:term":[{"taxonomy":"category","embeddable":true,"href":"https:\/\/haberulus.net\/index.php?rest_route=%2Fwp%2Fv2%2Fcategories&post=109565"},{"taxonomy":"post_tag","embeddable":true,"href":"https:\/\/haberulus.net\/index.php?rest_route=%2Fwp%2Fv2%2Ftags&post=109565"}],"curies":[{"name":"wp","href":"https:\/\/api.w.org\/{rel}","templated":true}]}}