{"id":109607,"date":"2023-08-08T10:35:08","date_gmt":"2023-08-08T10:35:08","guid":{"rendered":"https:\/\/haberulus.net\/?p=109607"},"modified":"2023-08-08T10:35:08","modified_gmt":"2023-08-08T10:35:08","slug":"bakan-kocadan-saglik-calisanlarinin-taban-ucretiyle-ilgili-aciklama","status":"publish","type":"post","link":"https:\/\/haberulus.net\/?p=109607","title":{"rendered":"Bakan Koca\u2019dan sa\u011fl\u0131k \u00e7al\u0131\u015fanlar\u0131n\u0131n taban \u00fccretiyle ilgili a\u00e7\u0131klama"},"content":{"rendered":"<p>Sa\u011fl\u0131k Bakan\u0131 Fahrettin Koca, \u201cSa\u011fl\u0131k \u00e7al\u0131\u015fanlar\u0131m\u0131z\u0131n taban \u00fccreti, hekim arkada\u015flar\u0131m\u0131z\u0131n taban \u00fccretinin 10-15\u2019te biriydi. Bu oran\u0131n makul bir d\u00fczeye \u00e7\u0131kar\u0131lmas\u0131 gerekti\u011fi kanaatindeyim\u201d dedi.<\/p>\n<p>Koca, d\u00fcn ger\u00e7ekle\u015ftirilen Kabine Toplant\u0131s\u0131\u2019n\u0131n ard\u0131ndan bas\u0131n mensuplar\u0131n\u0131n sorular\u0131n\u0131 yan\u0131tlad\u0131 ve sa\u011fl\u0131k \u00e7al\u0131\u015fanlar\u0131n\u0131n \u00e7al\u0131\u015fma \u015fartlar\u0131n\u0131n iyile\u015ftirilmesine y\u00f6nelik ikinci \u2018Beyaz Reform\u2019 d\u00f6neminin ba\u015flad\u0131\u011f\u0131n\u0131 belirtti.<\/p>\n<p><b>\u2018YAPILMASI GEREKEN D\u00dcZENLEMELER VAR\u2019<\/b><\/p>\n<p>Koca, sa\u011fl\u0131k \u00e7al\u0131\u015fanlar\u0131n\u0131n \u00f6nemli sorunlar\u0131ndan \u2018\u00e7al\u0131\u015fanlar\u0131n sabit \u00fccretlerinin emeklili\u011fe yans\u0131mas\u0131\u2019 konusuna ili\u015fkin \u015funlar\u0131 dedi:<\/p>\n<p>\u201cCumhurba\u015fkan\u0131m\u0131z\u0131n T\u0131p Bayram\u0131\u2019nda bu konuda m\u00fcjdesi vard\u0131. Emeklili\u011fe say\u0131lacakt\u0131 bu; ama hen\u00fcz yap\u0131lmad\u0131. Yap\u0131ls\u0131n gayreti i\u00e7indeyiz.<\/p>\n<p>Sa\u011fl\u0131k \u00e7al\u0131\u015fanlar\u0131n\u0131n taban \u00fccreti katsay\u0131s\u0131 0,32\u2019ydi. Uzmanlarda 4,5, pratisyenlerde 2,25, asistanlarda 3,40 gibiydi. Sa\u011fl\u0131k \u00e7al\u0131\u015fanlar\u0131n\u0131n ise 0,32 idi. Yani sa\u011fl\u0131k \u00e7al\u0131\u015fanlar\u0131m\u0131z\u0131n taban \u00fccreti, hekim arkada\u015flar\u0131m\u0131z\u0131n taban \u00fccretinin 10-15\u2019te biriydi.<\/p>\n<p>Bu oran\u0131n makul bir d\u00fczeye \u00e7\u0131kar\u0131lmas\u0131 gerekti\u011fi kanaatindeyim. T\u00fcm sa\u011fl\u0131k \u00e7al\u0131\u015fanlar\u0131 i\u00e7in bu oran\u0131n en az\u0131ndan bir kat art\u0131r\u0131lmas\u0131 gerekiyor. Yan dal uzmanlar\u0131n\u0131n da taban \u00fccretinin farkl\u0131la\u015ft\u0131r\u0131lmas\u0131 gerekti\u011fini d\u00fc\u015f\u00fcn\u00fcyorum.\u201d<\/p>\n<p><b>\u2018TAVAN ORANLARININ D\u00dcZENLENMES\u0130 GEREK\u0130YOR\u2019<\/b><\/p>\n<p>D\u00fczenlemelerin t\u00fcm sa\u011fl\u0131k \u00e7al\u0131\u015fanlar\u0131n\u0131 kapsamas\u0131 gerekti\u011fini s\u00f6yleyen Koca, \u201cHepsi i\u00e7in taban \u00fccretini art\u0131r\u0131lmas\u0131; ama sabit \u00fccretin emeklili\u011fe say\u0131lmas\u0131, bunlara ilave olarak da n\u00f6bet \u00fccretlerinin hekimler dahil olmak \u00fczere herkesi g\u00f6zeterek, \u00e7al\u0131\u015fan i\u015f\u00e7ilerin n\u00f6bet \u00fccretinin \u00fcst\u00fcne \u00e7\u0131kar\u0131lmas\u0131 gerekti\u011fi de a\u015fikar bir durum\u201d dedi.<\/p>\n<p>Koca, \u015f\u00f6yle devam etti:<\/p>\n<p>\u201cAyr\u0131ca tavan oranlar\u0131n\u0131n da d\u00fczenlenmesi gerekiyor. Aile hekimli\u011fiyle ilgili cari \u00f6demeler sorun olmaya ba\u015flad\u0131. Aile hekimli\u011fi uzmanlar\u0131n\u0131n da uzman gibi g\u00f6r\u00fclerek taban \u00fccretlerinin uzman katsay\u0131s\u0131na \u00e7\u0131kar\u0131lmas\u0131, ayr\u0131ca te\u015fvik sisteminin de art\u0131r\u0131larak koruyucu hekimlikle ilgili de te\u015fvik sisteminin biraz daha aktif devreye girmesi gerekti\u011fi kanaatindeyim.\u201d (DHA)<\/p>\n","protected":false},"excerpt":{"rendered":"<p>Sa\u011fl\u0131k \u00e7al\u0131\u015fanlar\u0131n\u0131n taban \u00fccretinin hekimlerin taban \u00fccretinin 10-15&#8217;te biri oldu\u011funu an\u0131msatan Sa\u011fl\u0131k Bakan\u0131 Fahrettin Koca, &#8220;T\u00fcm sa\u011fl\u0131k \u00e7al\u0131\u015fanlar\u0131 i\u00e7in bu oran\u0131n en az\u0131ndan bir kat art\u0131r\u0131lmas\u0131 gerekiyor&#8221; dedi.<\/p>\n","protected":false},"author":1,"featured_media":109608,"comment_status":"closed","ping_status":"open","sticky":false,"template":"","format":"standard","meta":{"footnotes":""},"categories":[25],"tags":[624,8292,1239,1331,4708],"class_list":["post-109607","post","type-post","status-publish","format-standard","has-post-thumbnail","hentry","category-ekonomi","tag-calisan","tag-gerektigi","tag-hekim","tag-koca","tag-uzman"],"_links":{"self":[{"href":"https:\/\/haberulus.net\/index.php?rest_route=\/wp\/v2\/posts\/109607","targetHints":{"allow":["GET"]}}],"collection":[{"href":"https:\/\/haberulus.net\/index.php?rest_route=\/wp\/v2\/posts"}],"about":[{"href":"https:\/\/haberulus.net\/index.php?rest_route=\/wp\/v2\/types\/post"}],"author":[{"embeddable":true,"href":"https:\/\/haberulus.net\/index.php?rest_route=\/wp\/v2\/users\/1"}],"replies":[{"embeddable":true,"href":"https:\/\/haberulus.net\/index.php?rest_route=%2Fwp%2Fv2%2Fcomments&post=109607"}],"version-history":[{"count":1,"href":"https:\/\/haberulus.net\/index.php?rest_route=\/wp\/v2\/posts\/109607\/revisions"}],"predecessor-version":[{"id":109609,"href":"https:\/\/haberulus.net\/index.php?rest_route=\/wp\/v2\/posts\/109607\/revisions\/109609"}],"wp:featuredmedia":[{"embeddable":true,"href":"https:\/\/haberulus.net\/index.php?rest_route=\/wp\/v2\/media\/109608"}],"wp:attachment":[{"href":"https:\/\/haberulus.net\/index.php?rest_route=%2Fwp%2Fv2%2Fmedia&parent=109607"}],"wp:term":[{"taxonomy":"category","embeddable":true,"href":"https:\/\/haberulus.net\/index.php?rest_route=%2Fwp%2Fv2%2Fcategories&post=109607"},{"taxonomy":"post_tag","embeddable":true,"href":"https:\/\/haberulus.net\/index.php?rest_route=%2Fwp%2Fv2%2Ftags&post=109607"}],"curies":[{"name":"wp","href":"https:\/\/api.w.org\/{rel}","templated":true}]}}