{"id":109673,"date":"2023-08-08T11:51:04","date_gmt":"2023-08-08T11:51:04","guid":{"rendered":"https:\/\/haberulus.net\/?p=109673"},"modified":"2023-08-08T11:51:04","modified_gmt":"2023-08-08T11:51:04","slug":"belcikadaki-ryanair-pilotlari-greve-gidiyor","status":"publish","type":"post","link":"https:\/\/haberulus.net\/?p=109673","title":{"rendered":"Bel\u00e7ika\u2019daki Ryanair pilotlar\u0131 greve gidiyor"},"content":{"rendered":"<p>D\u00fc\u015f\u00fck maliyetli hava yolu \u015firketi Ryanair\u2019in Bel\u00e7ika\u2019daki pilotlar\u0131 \u00fccretlerinin iyile\u015ftirilmesi talebiyle 2 g\u00fcnl\u00fck greve gidecek.<\/p>\n<p>Bel\u00e7ika\u2019n\u0131n Charleroi Havaliman\u0131, Ryanair pilotlar\u0131n\u0131n 14-15 A\u011fustos tarihlerinde greve gideceklerini, bu nedenle yap\u0131lacak seferlerde aksamalar olaca\u011f\u0131n\u0131 a\u00e7\u0131klad\u0131.<\/p>\n<p>Grev nedeniyle u\u00e7u\u015flarda iptaller ya\u015fanabilece\u011fi uyar\u0131s\u0131nda bulunulan a\u00e7\u0131klamada, s\u00f6z konusu tarihlerde u\u00e7u\u015fu bulunan yolcular\u0131n seferlerinin durumunu kontrol etmeleri istendi.<\/p>\n<p>Pilotlar\u0131 temsil eden sendikalar, Ryanair\u2019in Covid-19 salg\u0131n\u0131 d\u00f6neminde \u00fccretlerde yapt\u0131\u011f\u0131 kesintilere derhal son verilmesini ve \u00e7al\u0131\u015fma ko\u015fullar\u0131n\u0131n iyile\u015ftirilmesini talep ediyor.<br \/>Ryanair ile \u00e7al\u0131\u015fanlar\u0131 aras\u0131nda i\u015f ko\u015fullar\u0131 ve \u00fccretler konusunda s\u0131kl\u0131kla anla\u015fmazl\u0131k ya\u015fan\u0131yor.<\/p>\n<p><b>P\u0130LOTLAR TEMMUZDA DA GREVE G\u0130TM\u0130\u015eT\u0130<\/b><\/p>\n<p>Pilotlar, 15-16 Temmuz ve 29-30 Temmuz tarihlerinde de grev yapm\u0131\u015ft\u0131.<\/p>\n<p>Her grevde 100 civar\u0131nda u\u00e7u\u015f iptal edilmi\u015fti.<\/p>\n<p>Ryanair, ge\u00e7en y\u0131l Bel\u00e7ika\u2019n\u0131n havac\u0131l\u0131k sekt\u00f6r\u00fcne y\u00f6nelik uygulamaya koydu\u011fu yeni vergiler ve Br\u00fcksel Havaliman\u0131 \u00fccretlerindeki art\u0131\u015f nedeniyle Zaventem Havaliman\u0131\u2019ndaki faaliyetlerine son vermi\u015fti. (AA)<\/p>\n","protected":false},"excerpt":{"rendered":"<p>D\u00fc\u015f\u00fck maliyetli hava yolu \u015firketi Ryanair&#8217;in Bel\u00e7ika&#8217;daki pilotlar\u0131 \u00fccretlerinin iyile\u015ftirilmesi talebiyle 2 g\u00fcnl\u00fck greve gidecek.<\/p>\n","protected":false},"author":1,"featured_media":109674,"comment_status":"closed","ping_status":"open","sticky":false,"template":"","format":"standard","meta":{"footnotes":""},"categories":[25],"tags":[522,519,13163],"class_list":["post-109673","post","type-post","status-publish","format-standard","has-post-thumbnail","hentry","category-ekonomi","tag-grev","tag-hava","tag-ryanair"],"_links":{"self":[{"href":"https:\/\/haberulus.net\/index.php?rest_route=\/wp\/v2\/posts\/109673","targetHints":{"allow":["GET"]}}],"collection":[{"href":"https:\/\/haberulus.net\/index.php?rest_route=\/wp\/v2\/posts"}],"about":[{"href":"https:\/\/haberulus.net\/index.php?rest_route=\/wp\/v2\/types\/post"}],"author":[{"embeddable":true,"href":"https:\/\/haberulus.net\/index.php?rest_route=\/wp\/v2\/users\/1"}],"replies":[{"embeddable":true,"href":"https:\/\/haberulus.net\/index.php?rest_route=%2Fwp%2Fv2%2Fcomments&post=109673"}],"version-history":[{"count":1,"href":"https:\/\/haberulus.net\/index.php?rest_route=\/wp\/v2\/posts\/109673\/revisions"}],"predecessor-version":[{"id":109675,"href":"https:\/\/haberulus.net\/index.php?rest_route=\/wp\/v2\/posts\/109673\/revisions\/109675"}],"wp:featuredmedia":[{"embeddable":true,"href":"https:\/\/haberulus.net\/index.php?rest_route=\/wp\/v2\/media\/109674"}],"wp:attachment":[{"href":"https:\/\/haberulus.net\/index.php?rest_route=%2Fwp%2Fv2%2Fmedia&parent=109673"}],"wp:term":[{"taxonomy":"category","embeddable":true,"href":"https:\/\/haberulus.net\/index.php?rest_route=%2Fwp%2Fv2%2Fcategories&post=109673"},{"taxonomy":"post_tag","embeddable":true,"href":"https:\/\/haberulus.net\/index.php?rest_route=%2Fwp%2Fv2%2Ftags&post=109673"}],"curies":[{"name":"wp","href":"https:\/\/api.w.org\/{rel}","templated":true}]}}