{"id":109688,"date":"2023-08-08T12:21:04","date_gmt":"2023-08-08T12:21:04","guid":{"rendered":"https:\/\/haberulus.net\/?p=109688"},"modified":"2023-08-08T12:21:04","modified_gmt":"2023-08-08T12:21:04","slug":"erdogan-marjinal-demisti-chp-kursuye-cikardi","status":"publish","type":"post","link":"https:\/\/haberulus.net\/?p=109688","title":{"rendered":"Erdo\u011fan marjinal demi\u015fti, CHP k\u00fcrs\u00fcye \u00e7\u0131kard\u0131"},"content":{"rendered":"<p>Cumhuriyet Halk Partisi Genel Ba\u015fkan\u0131 Kemal K\u0131l\u0131\u00e7daro\u011flu, partisinin grup toplant\u0131s\u0131n\u0131 Akbelen Orman\u0131\u2019ndaki a\u011fa\u00e7 kesimlerine kar\u015f\u0131 s\u00fcrd\u00fcr\u00fclwn direni\u015fe ay\u0131rd\u0131.<\/p>\n<p>Hem Akbelen\u2019den gelen direni\u015f\u00e7ilerin hem de onlar\u0131n ard\u0131ndan s\u00f6z alan CHP lideri Kemal K\u0131l\u0131\u00e7daro\u011flu\u2019nun hedefinde Akbelen direni\u015f\u00e7ileri iin \u201c\u00c7evreci g\u00f6r\u00fcn\u00fcml\u00fc marjinaller\u201d ifadelerini kullanan Cumhurba\u015fkan\u0131 ve AKP Genel Ba\u015fkan\u0131 Recep Tayyip Erdo\u011fan vard\u0131.<\/p>\n<p>Erdo\u011fan\u2019a seslenen K\u0131l\u0131\u00e7daro\u011flu, \u201cUtanmadan, s\u0131k\u0131lmadan orman\u0131n\u0131n, hayvanlar\u0131n\u0131n, \u00e7i\u00e7eklerinin yan\u0131nda duran\u0131 marjinal ilan ediyorsunuz. \u0130nsanda biraz ahlak, erdem, insanl\u0131k olur ya. Kendileri marjinal duruma d\u00fc\u015ft\u00fc\u201d dedi.<\/p>\n<p>\u00a0<\/p>\n<p><strong>\u201cMARJ\u0130NALLER BURADA\u201d<\/strong><\/p>\n<p>K\u0131l\u0131\u00e7daro\u011flu\u2019ndan \u00f6nce Akbelenli Nejla \u0130zci \u201cHer yer Akbelen, her yer direni\u015f\u201d sloganlar\u0131 ile k\u00fcrs\u00fcye \u00e7\u0131kt\u0131. B\u00f6lgede ya\u015fananlar\u0131 aktyaran ve \u201cBiz 4 senedir hukuk ar\u0131yoruz. Adaletin olmad\u0131\u011f\u0131n\u0131 hepimiz g\u00f6rd\u00fck\u201d diyen \u0130zci, \u015funlar\u0131 s\u00f6yledi:<\/p>\n<p>Akbelen Orman\u0131\u2019na gelerek TOMA\u2019lar\u0131n \u00f6n\u00fcne siper olmaya var m\u0131s\u0131n\u0131z hepiniz? Ben bunun s\u00f6z\u00fcn\u00fc almak i\u00e7in buraday\u0131m. D\u00fcn bir duyuru yap\u0131lm\u0131\u015f, \u2018Marjinal gruplar oray\u0131 savunuyor\u2019 diye. Bu marjinal gruplar savunmaya devam edecek.<\/p>\n<p>Marjinaller burada, g\u00f6r\u00fcyorsunuz. Ba\u015f\u0131 yazmal\u0131, elleri k\u0131nal\u0131, nas\u0131rl\u0131, ayaklar\u0131 naylon \u00e7orap, naylon pabu\u00e7tan ba\u015fka bir \u015fey g\u00f6rmemi\u015f, \u00c7anakkale\u2019de, Dumlup\u0131nar\u2019da kan\u0131n\u0131 d\u00f6km\u00fc\u015f atalar\u0131n \u00e7ocuklar\u0131y\u0131z biz.<\/p>\n<p>Korkmuyoruz, susmuyoruz, itaat etmiyoruz. Direne direne kazanaca\u011f\u0131z. Bu u\u011furda her \u015feyimizi verece\u011fiz ama topra\u011f\u0131m\u0131z\u0131 vermeyece\u011fiz.\u201d<\/p>\n<p><strong>\u201cTOPRAK EL\u0130N\u0130ZDEN ALINIYORSA VATAN EL\u0130N\u0130ZDEN ALINIYORDUR\u201d<\/strong><\/p>\n<p>\u0130zci\u2019nin ard\u0131ndan k\u00fcrs\u00fcye \u00e7\u0131kan Kemal K\u0131l\u0131\u00e7daro\u011flu ise \u015funlar\u0131 s\u00f6yledi:<\/p>\n<p>\u201cD\u00fc\u015f\u00fcn\u00fcn co\u011frafyam\u0131z\u0131n, g\u00fczel T\u00fcrkiye&#8217;mizin bir b\u00f6l\u00fcm\u00fcnde y\u0131llar\u0131n\u0131 vermi\u015f, b\u00fcy\u00fcklerinin mezarlar\u0131n\u0131n oldu\u011fu co\u011frafyada insanlar topraklar\u0131na sahip \u00e7\u0131kmak istiyorlar. Siz topra\u011f\u0131n\u0131za sahip \u00e7\u0131k\u0131yorsan\u0131z, vatan\u0131n\u0131za sahip \u00e7\u0131k\u0131yorsunuzdur zaten.<\/p>\n<p>Necla Han\u0131m dedi ki, ar\u0131c\u0131l\u0131k yap\u0131yorduk. Orman\u0131n olmad\u0131\u011f\u0131 yerde ar\u0131 bal\u0131 nereden toplayacak? Size g\u0131da veren hayvanlar nerede beslenecek. Sizler kendi do\u011fan\u0131za, topra\u011f\u0131n\u0131za sahip \u00e7\u0131k\u0131yorsunuz. E\u011fer toprak elinizden al\u0131n\u0131yorsa bilin ki vatan elinizden al\u0131n\u0131yordur.<\/p>\n<p>Hep se\u00e7imi beklediler. Se\u00e7imden sonra gere\u011fini yapal\u0131m dediler. Se\u00e7imi hile ile ald\u0131lar. \u015eimdi o devasa ara\u00e7larla o a\u011fa\u00e7lar\u0131n nas\u0131l y\u0131k\u0131ld\u0131\u011f\u0131n\u0131 g\u00f6rd\u00fck. Ormana bakt\u0131\u011f\u0131n\u0131zda ayr\u0131 bir hayat g\u00f6r\u00fcrs\u00fcn\u00fcz, i\u00e7inizde bir \u015feylerin k\u0131p\u0131r k\u0131p\u0131r oldu\u011funu g\u00f6r\u00fcrs\u00fcn\u00fcz. Orman a\u011fa\u00e7 de\u011fildir asl\u0131nda. Orman\u0131n ayr\u0131 bir hayat\u0131 vard\u0131r. A\u011fa\u00e7 olsayd\u0131 tek ba\u015f\u0131na hadi kes diyelim. Orman\u0131n i\u00e7inde ayr\u0131 bir hayat var.<\/p>\n<p>Siz oray\u0131 katletti\u011finizde asl\u0131nda hayat\u0131 t\u00fcm\u00fcyle yok ediyorsunuz. T\u00fcrkiye olarak Paris \u0130klim Anla\u015fmas\u0131\u2019n\u0131 da imzalam\u0131\u015fs\u0131n\u0131z. S\u00f6z vermi\u015fsiniz. Parlamentodan ge\u00e7mi\u015f. Ama buna ra\u011fmen \u2018ben yoluma devam ediyorum&#8217; diyorlar.<\/p>\n<p><strong>\u201cBE\u015eL\u0130 \u00c7ETELER SARAYDAN G\u00dc\u00c7 ALIYOR\u201d<\/strong><\/p>\n<p>Be\u015fli \u00e7eteler Saray&#8217;dan g\u00fc\u00e7 alarak, askeri de polisi de size kar\u015f\u0131 kullan\u0131yorlar. Bak\u0131n Akbelen sadece bir Akbelen de\u011fil asl\u0131nda. Akbelen asl\u0131nda ayn\u0131 zamanda bir T\u00fcrkiye&#8217;dir. O g\u00fczel do\u011fan\u0131n y\u00fczde 75-80&#8217;i maden arama ruhsat\u0131 olarak verilmi\u015f. Ben bo\u015funa m\u0131 be\u015fli \u00e7eteler diyordum?<\/p>\n<p><strong>ERDO\u011eAN\u2019A \u2018MARJ\u0130NAL\u2019 YANITI<\/strong><\/p>\n<p>Ormanlar\u0131n yan\u0131nda duran\u0131 marjinal ilan ediyorsunuz. \u0130nsanda biraz, erdem, ahlak olur ya. Bir avu\u00e7 ki\u015fiye \u00e7al\u0131\u015f\u0131yorlar, marjinal olan onlar.<\/p>\n<p>K\u00f6m\u00fcr bacalar\u0131ndan \u00e7\u0131kan duman\u0131 koklamak m\u0131 daha g\u00fczel, yoksa orman\u0131n g\u00fczel havas\u0131n\u0131 teneff\u00fcs etmek mi daha g\u00fczel? Siz e\u011fer k\u00f6m\u00fcr bacas\u0131ndan t\u00fcten duman\u0131 solumak istiyorsan\u0131z, sizin bu \u00fclkede ya\u015fama hakk\u0131n\u0131z yok. E\u011fer bir \u00fclkede siyasal iktidar kendisini be\u015fli \u00e7eteye teslim etmi\u015fse, marjinalle\u015fmi\u015f demektir.<\/p>\n<p><strong>\u201cG\u00d6ZLER\u0130N\u0130 DOLAR B\u00dcR\u00dcM\u00dc\u015e\u201d<\/strong><\/p>\n<p>2013&#8217;te Hacettepe \u00dcniversitesi&#8217;ne Akbelen i\u00e7in bir rapor haz\u0131rlat\u0131yorlar. Raporda diyor ki, sak\u0131n yapmay\u0131n, Bodrum susuz kal\u0131r. Bunlar raporu da dinlemiyorlar. G\u00f6zlerini dolar b\u00fcr\u00fcm\u00fc\u015f. Bu kadar kendi co\u011frafyas\u0131na ihanet eden bir h\u00fck\u00fcmet hi\u00e7 g\u00f6rmedim.<\/p>\n<p><strong>CUMHUR\u2019A \u2018AKBELEN\u2019 \u00c7A\u011eRISI: \u2018HAYIR\u2019 DERSEN\u0130Z<\/strong><\/p>\n<p>Buradan \u00e7a\u011fr\u0131 yapal\u0131m. AK Parti&#8217;nin vicdanl\u0131 vekillerine \u00e7a\u011fr\u0131 yapal\u0131m, MHP&#8217;nin Yeniden Refah Partisi&#8217;nin vicdanl\u0131 vekillerine \u00e7a\u011fr\u0131 yapal\u0131m. Siz de gidin g\u00f6r\u00fcn. K\u00f6yl\u00fcleri ben dinledim siz de dinleyin.<\/p>\n<p>\u015e\u00f6yle yapacaklar, Genel Kurul&#8217;a gelmeyecekler. Bu koridorda kap\u0131n\u0131n \u00f6n\u00fcnde bekleyecekler. \u00c7o\u011funluk sa\u011flan\u0131rsa, \u2018hay\u0131r&#8217; demek i\u00e7in ko\u015fa ko\u015fa gelecekler. \u2018Hay\u0131r\u2019 derseniz, iki elim yakan\u0131zda olur. Bu s\u0131radan bir olay de\u011fil. Bu bir toprak meselesi, vatan meselesi, su meselesi, hava meselesi.<\/p>\n","protected":false},"excerpt":{"rendered":"<p>Akbelen Ormanlar\u0131&#8217;ndaki kesimlere kar\u015f\u0131 direnen \u00e7evrevcilere &#8216;bir avu\u00e7 marjinal&#8217; diyen Cumhurba\u015fkan\u0131 Erdo\u011fan&#8217;a yan\u0131t Meclis&#8217;teki grup toplant\u0131s\u0131n\u0131 Akbelen direni\u015fine ay\u0131ran CHP\u00a0 lideri K\u0131l\u0131\u00e7daro\u011flu ve Akbelenli Nejla \u0130zci&#8217;den geldi. Erdo\u011fan&#8217;\u0131n s\u00f6zlerine tepki g\u00f6steren K\u0131l\u0131\u00e7daro\u011flu, &#8220;\u0130nsanda biraz ahlak, erdem, insanl\u0131k olur&#8221; dedi.<\/p>\n","protected":false},"author":1,"featured_media":109689,"comment_status":"closed","ping_status":"open","sticky":false,"template":"","format":"standard","meta":{"footnotes":""},"categories":[26],"tags":[4971,241,13165,539,13166],"class_list":["post-109688","post","type-post","status-publish","format-standard","has-post-thumbnail","hentry","category-gundem","tag-akbelen","tag-guzel","tag-marjinal","tag-orman","tag-ormanin"],"_links":{"self":[{"href":"https:\/\/haberulus.net\/index.php?rest_route=\/wp\/v2\/posts\/109688","targetHints":{"allow":["GET"]}}],"collection":[{"href":"https:\/\/haberulus.net\/index.php?rest_route=\/wp\/v2\/posts"}],"about":[{"href":"https:\/\/haberulus.net\/index.php?rest_route=\/wp\/v2\/types\/post"}],"author":[{"embeddable":true,"href":"https:\/\/haberulus.net\/index.php?rest_route=\/wp\/v2\/users\/1"}],"replies":[{"embeddable":true,"href":"https:\/\/haberulus.net\/index.php?rest_route=%2Fwp%2Fv2%2Fcomments&post=109688"}],"version-history":[{"count":1,"href":"https:\/\/haberulus.net\/index.php?rest_route=\/wp\/v2\/posts\/109688\/revisions"}],"predecessor-version":[{"id":109690,"href":"https:\/\/haberulus.net\/index.php?rest_route=\/wp\/v2\/posts\/109688\/revisions\/109690"}],"wp:featuredmedia":[{"embeddable":true,"href":"https:\/\/haberulus.net\/index.php?rest_route=\/wp\/v2\/media\/109689"}],"wp:attachment":[{"href":"https:\/\/haberulus.net\/index.php?rest_route=%2Fwp%2Fv2%2Fmedia&parent=109688"}],"wp:term":[{"taxonomy":"category","embeddable":true,"href":"https:\/\/haberulus.net\/index.php?rest_route=%2Fwp%2Fv2%2Fcategories&post=109688"},{"taxonomy":"post_tag","embeddable":true,"href":"https:\/\/haberulus.net\/index.php?rest_route=%2Fwp%2Fv2%2Ftags&post=109688"}],"curies":[{"name":"wp","href":"https:\/\/api.w.org\/{rel}","templated":true}]}}